{"id":73948,"date":"2020-01-23T04:02:27","date_gmt":"2020-01-23T09:02:27","guid":{"rendered":"https:\/\/linitiative.ca\/International\/la-wilaya-evoque-des-desagrements-le-rcd-denonce\/"},"modified":"2020-01-23T04:02:27","modified_gmt":"2020-01-23T09:02:27","slug":"la-wilaya-evoque-des-desagrements-le-rcd-denonce","status":"publish","type":"post","link":"https:\/\/linitiative.ca\/International\/la-wilaya-evoque-des-desagrements-le-rcd-denonce\/","title":{"rendered":"La wilaya \u00e9voque des \u00abd\u00e9sagr\u00e9ments\u00bb, le RCD d\u00e9nonce"},"content":{"rendered":"<h4 class=\"title-14\">Regroupement de militants au sein de son bureau r\u00e9gional d\u2019Alger<\/h4>\n<div class=\"featured_image\"><img loading=\"lazy\" decoding=\"async\" width=\"600\" height=\"351\" src=\"https:\/\/www.elwatan.com\/wp-content\/uploads\/2020\/01\/rcd-siege-col.gif\" class=\"attachment-post-thumbnail size-post-thumbnail wp-post-image\" alt=\"\"\/><\/div>\n<p class=\"p4\"><span class=\"s1\"><strong>Dans un communiqu\u00e9 rendu public, le parti a indiqu\u00e9 que <em>\u00abmardi 21 janvier 2020, le wali d\u2019Alger a cru bon de d\u00e9p\u00eacher un officier de police au si\u00e8ge r\u00e9gional du RCD, sis au 87, rue Didouche Mourad, afin de notifier, au pr\u00e9sident du bureau r\u00e9gional, l\u2019inqui\u00e9tude du premier responsable de la capitale du pays quant aux d\u00e9sagr\u00e9ments qui pourraient \u00eatre occasionn\u00e9s par les regroupements hebdomadaires des militants du parti et de citoyens au niveau de ce si\u00e8ge\u00bb.<\/em><\/strong><\/span><\/p>\n<p class=\"p4\"><span class=\"s1\"><strong>L<\/strong><\/span><span class=\"s1\">a wilaya d\u2019Alger semble vouloir restreindre les activit\u00e9s du Rassemblement pour la culture et la d\u00e9mocratie (RCD) au niveau de son si\u00e8ge r\u00e9gional d\u2019Alger, sis \u00e0 la rue Didouche Mourad.<\/span><\/p>\n<p class=\"p4\"><span class=\"s1\">Dans un communiqu\u00e9 rendu public avant-hier soir, le parti, pr\u00e9sid\u00e9 par Mohcine Belabbas, a indiqu\u00e9 que <em>\u00abmardi 21 janvier 2020, le wali d\u2019Alger a cru bon de d\u00e9p\u00eacher un officier de police au si\u00e8ge r\u00e9gional du RCD, sis au 87, rue Didouche Mourad, afin de notifier, au pr\u00e9sident du bureau r\u00e9gional, l\u2019inqui\u00e9tude du premier responsable de la capitale du pays quant aux d\u00e9sagr\u00e9ments qui pourraient \u00eatre occasionn\u00e9s par les regroupements hebdomadaires des militants du parti et de citoyens au niveau de ce si\u00e8ge\u00bb.<\/em><\/span><\/p>\n<p class=\"p4\"><span class=\"s1\"><em>\u00abL\u2019agent notificateur, un commissaire de police pour la circonstance (!?), a expliqu\u00e9 et lu la missive au pr\u00e9sident du BR, Abdelkader Grouc\u00e8ne, en pr\u00e9sence de notre d\u00e9put\u00e9e d\u2019Alger, ma\u00eetre Fetta Sadat, que d\u00e9sormais le si\u00e8ge ne doit \u00eatre utilis\u00e9 que pour les affaires administratives, conform\u00e9ment au r\u00f4le des partis politiques\u00bb<\/em>, ajoute-t-on de m\u00eame source.<\/span><\/p>\n<p class=\"p4\"><span class=\"s1\">M\u00eame si ce n\u2019est pas pr\u00e9cis\u00e9, Fetta Sadat a estim\u00e9 que la notification en question, que d\u2019ailleurs le responsable r\u00e9gional du RCD a refus\u00e9 d\u2019accuser r\u00e9ception, concerne forc\u00e9ment les journ\u00e9es du vendredi. <em>\u00abIl y a beaucoup de sympathisants qui viennent au si\u00e8ge les vendredis et il semble que \u00e7a les d\u00e9range\u00bb<\/em>, nous a-t-elle d\u00e9clar\u00e9.<\/span><\/p>\n<p class=\"p4\"><span class=\"s1\">Contact\u00e9e par nos soins, la wilaya d\u2019Alger n\u2019a pas r\u00e9agi \u00e0 ce communiqu\u00e9 du RCD. Il faut noter que depuis le d\u00e9but du hirak, les services de s\u00e9curit\u00e9 d\u00e9ploient un dispositif s\u00e9curitaire particulier aux abords de ce si\u00e8ge r\u00e9gional.<\/span><\/p>\n<p class=\"p4\"><span class=\"s1\"><em>\u00abM\u00eame, le couple Pr\u00e9sident d\u00e9chu-Zerhouni n\u2019a pas os\u00e9 une telle injonction alors que notre bureau a \u00e9t\u00e9 assi\u00e9g\u00e9 \u00e0 maintes reprises pour nous emp\u00eacher de manifester des ann\u00e9es durant\u00bb<\/em>, a indiqu\u00e9 le RCD \u00e0 ce propos.<\/span><\/p>\n<p class=\"p4\"><span class=\"s1\">Ce dernier rappelle \u00e0 cet effet que <em>\u00ables si\u00e8ges du parti, \u00e0 quelque niveau que ce soit, sont ouverts aux citoyens pour discuter des probl\u00e8mes du pays, organiser des r\u00e9unions publiques et la solidarit\u00e9 entre tous les militants politiques et les citoyens qui combattent pour une autre alternative au syst\u00e8me politique corrompu et corrupteur\u00bb<\/em>.<\/span><\/p>\n<p class=\"p4\"><span class=\"s1\">A signaler, par ailleurs, que l\u2019article 11 de la loi organique 12-04 relative aux partis politiques stipule que \u00able parti politique \u0153uvre, entre autres, \u00e0 la formation de la volont\u00e9 politique du peuple dans tous les domaines de la vie publique en contribuant \u00e0 la formation de l\u2019opinion publique, pr\u00f4nant la promotion d\u2019une culture politique authentique, encourageant la participation active des citoyens \u00e0 la vie publique\u00bb.<\/span><\/p>\n<p class=\"p4\"><span class=\"s1\">Quels d\u00e9sagr\u00e9ments peuvent occasionner les regroupements de militants les vendredis au moment o\u00f9 toutes les rues du centre d\u2019Alger sont occup\u00e9es par les manifestants\u00a0? En dernier lieu, le RCD <em>\u00abmet en garde les auteurs de la promotion d\u2019une politique de normalisation qui consiste en le d\u00e9bauchage d\u2019acteurs politiques et sociaux par des promesses\u00bb<\/em>.<\/span><\/p>\n<p class=\"p4\"><span class=\"s1\"><em>\u00abUne voie qui passe in\u00e9vitablement,<\/em> ajoute-t-on encore dans le m\u00eame communiqu\u00e9, <em>par l\u2019accentuation de la r\u00e9pression et la fermeture du champ politique et m\u00e9diatique n\u2019est plus viable.\u00bb<\/em> Pour finir, le RCD <em>\u00abappelle au regroupement le plus large pour imposer par les moyens pacifiques l\u2019alternative d\u00e9mocratique et l\u2019av\u00e8nement d\u2019un processus constituant pilot\u00e9 par une conf\u00e9rence nationale inclusive\u00bb<\/em>.\u00a0<\/span><\/p>\n<p><span class=\"post-views-label\">Post Views:<\/span> <span class=\"post-views-count\">1\u00a0496<\/span><\/p>\n<p><br class=\"c2\"\/><\/p>\n<p>Auteur: Anis Khecheba<br \/>\n<a href=\"https:\/\/www.elwatan.com\/edition\/actualite\/la-wilaya-evoque-des-desagrements-le-rcd-denonce-23-01-2020\">Cliquez ici pour lire l&rsquo;article depuis sa source.<\/a><\/p>\n","protected":false},"excerpt":{"rendered":"<p>Regroupement de militants au sein de son bureau r\u00e9gional d\u2019Alger Dans un communiqu\u00e9 rendu public, le parti a indiqu\u00e9 que \u00abmardi 21 janvier 2020, le wali d\u2019Alger a cru bon de d\u00e9p\u00eacher un officier de police au si\u00e8ge r\u00e9gional du RCD, sis au 87, rue Didouche Mourad, afin de notifier, au pr\u00e9sident du bureau r\u00e9gional, [&hellip;]<\/p>\n","protected":false},"author":1743,"featured_media":73949,"comment_status":"closed","ping_status":"closed","sticky":false,"template":"","format":"standard","meta":{"fifu_image_url":"","fifu_image_alt":"","footnotes":""},"categories":[73,53],"tags":[],"class_list":["post-73948","post","type-post","status-publish","format-standard","has-post-thumbnail","hentry","category-actualite","category-algerie"],"_links":{"self":[{"href":"https:\/\/linitiative.ca\/International\/wp-json\/wp\/v2\/posts\/73948","targetHints":{"allow":["GET"]}}],"collection":[{"href":"https:\/\/linitiative.ca\/International\/wp-json\/wp\/v2\/posts"}],"about":[{"href":"https:\/\/linitiative.ca\/International\/wp-json\/wp\/v2\/types\/post"}],"author":[{"embeddable":true,"href":"https:\/\/linitiative.ca\/International\/wp-json\/wp\/v2\/users\/1743"}],"replies":[{"embeddable":true,"href":"https:\/\/linitiative.ca\/International\/wp-json\/wp\/v2\/comments?post=73948"}],"version-history":[{"count":0,"href":"https:\/\/linitiative.ca\/International\/wp-json\/wp\/v2\/posts\/73948\/revisions"}],"wp:featuredmedia":[{"embeddable":true,"href":"https:\/\/linitiative.ca\/International\/wp-json\/"}],"wp:attachment":[{"href":"https:\/\/linitiative.ca\/International\/wp-json\/wp\/v2\/media?parent=73948"}],"wp:term":[{"taxonomy":"category","embeddable":true,"href":"https:\/\/linitiative.ca\/International\/wp-json\/wp\/v2\/categories?post=73948"},{"taxonomy":"post_tag","embeddable":true,"href":"https:\/\/linitiative.ca\/International\/wp-json\/wp\/v2\/tags?post=73948"}],"curies":[{"name":"wp","href":"https:\/\/api.w.org\/{rel}","templated":true}]}}