{"id":73950,"date":"2020-01-23T04:03:53","date_gmt":"2020-01-23T09:03:53","guid":{"rendered":"https:\/\/linitiative.ca\/International\/soufiane-djilali-president-du-parti-jil-jadid-certains-se-sont-psychologiquement-approprie-le-hirak\/"},"modified":"2020-01-23T04:03:53","modified_gmt":"2020-01-23T09:03:53","slug":"soufiane-djilali-president-du-parti-jil-jadid-certains-se-sont-psychologiquement-approprie-le-hirak","status":"publish","type":"post","link":"https:\/\/linitiative.ca\/International\/soufiane-djilali-president-du-parti-jil-jadid-certains-se-sont-psychologiquement-approprie-le-hirak\/","title":{"rendered":"Soufiane Djilali. Pr\u00e9sident du parti Jil Jadid : \u00abCertains se sont psychologiquement appropri\u00e9 le hirak\u00bb"},"content":{"rendered":"<h4 class=\"title-14\"\/>\n<div class=\"featured_image\"><img loading=\"lazy\" decoding=\"async\" width=\"800\" height=\"537\" src=\"https:\/\/www.elwatan.com\/wp-content\/uploads\/2020\/01\/soufiane-col.gif\" class=\"attachment-post-thumbnail size-post-thumbnail wp-post-image\" alt=\"\"\/><\/div>\n<p class=\"p4\"><span class=\"s2\"><strong>Dans cet entretien, Soufiane Djilali revient sur les attaques qu\u2019il a subies apr\u00e8s sa rencontre avec le pr\u00e9sident Abdelmadjid Tebboune et nie formellement avoir enfonc\u00e9 les d\u00e9tenus d\u2019opinion. Bien au contraire, il dit avoir d\u00e9nonc\u00e9 les arrestations. Il livre \u00e9galement sa vision du hirak et du PAD. Il pense qu\u2019il aurait mieux valu que la classe politique agisse pour s\u2019imposer dans cette situation par un rapport de raison et en assumant ses responsabilit\u00e9s. Pour Soufiane Djilali, accepter un dialogue ne signifie pas reconna\u00eetre \u00e0 l\u2019avance toutes ses conclusions.<\/strong><\/span><\/p>\n<p class=\"p4\"><em><strong>\u2013 Depuis votre entrevue avec le pr\u00e9sident Tebboune, vous subissez des attaques en raison, entre autres, de votre d\u00e9claration sur les d\u00e9tenus d\u2019opinion. L\u2019on vous accuse de faire de la surench\u00e8re au profit du pouvoir. Est-ce logique de demander aux d\u00e9tenus de d\u00e9montrer qu\u2019ils sont victimes et qu\u2019ils n\u2019ont commis aucun d\u00e9lit ?<\/strong><\/em><\/p>\n<p class=\"p4\">Cette histoire est tout simplement absurde. Ma d\u00e9claration sur les d\u00e9tenus a \u00e9t\u00e9, bien entendu, manipul\u00e9e. La bande vid\u00e9o existe, vous pouvez la visionner sur l\u2019ensemble du passage. Il ne faut pas sortir une phrase de son contexte.<\/p>\n<p class=\"p4\">En r\u00e9ponse \u00e0 une question de l\u2019animateur radio, j\u2019avais repris l\u2019explication du Pr\u00e9sident sur la situation des d\u00e9tenus d\u2019opinion sur laquelle je l\u2019avais interpell\u00e9.<\/p>\n<p class=\"p4\">J\u2019ai ainsi pr\u00e9cis\u00e9, sur la foi des propos qui m\u2019ont \u00e9t\u00e9 tenus, que leur dossier, en cours d\u2019instruction, allait \u00eatre cl\u00f4tur\u00e9 et que s\u2019il y avait des charges autres que le d\u00e9lit d\u2019opinion, les pr\u00e9venus pourront d\u00e9montrer publiquement leur innocence, c\u2019est-\u00e0-dire que leur d\u00e9fense s\u2019attachera \u00e0 faire annuler les charges.<\/p>\n<p class=\"p4\">O\u00f9 est le mal de dire cela ? C\u2019est la proc\u00e9dure normale de tout proc\u00e8s, non ? Il ne faut pas confondre entre une explication de proc\u00e9dure et un discours politique. Etant entendu, par ailleurs, qu\u2019un accus\u00e9 est toujours innocent tant que le juge ne l\u2019a pas condamn\u00e9 sur la base de faits av\u00e9r\u00e9s et prouv\u00e9s et dans un proc\u00e8s juste et \u00e9quitable. Pour ma part, je voudrais voir tous les d\u00e9tenus lib\u00e9r\u00e9s imm\u00e9diatement.<\/p>\n<p class=\"p4\">J\u2019avais d\u00e9nonc\u00e9 publiquement leur arrestation et je continue \u00e0 le faire. Tout le monde attend leur lib\u00e9ration sans conditions. J\u2019accepte tout \u00e0 fait les critiques, mais pas les mensonges et l\u2019invective. Sinc\u00e8rement, cette histoire sent le relent de la malhonn\u00eatet\u00e9. Mais bon, on vous r\u00e9pondra qu\u2019en politique tous les coups sont permis !<\/p>\n<p class=\"p7\"><em><strong>\u2013 Mais qui a d\u00e9form\u00e9 vos propos ? Pourquoi et dans quel but ?<\/strong><\/em><\/p>\n<p class=\"p7\">En fait, les profils et les pages des r\u00e9seaux qui ont lanc\u00e9 l\u2019op\u00e9ration sont bien connus. Depuis le d\u00e9but du hirak, ils font dans la surench\u00e8re et poussent \u00e0 la violence. Ils avaient appel\u00e9 \u00e0 la d\u00e9sob\u00e9issance civile et au blocage physique des \u00e9lections. Bien entendu, ces activistes \u00abr\u00e9volutionnaires\u00bb sont, pour la plupart, bien au chaud de l\u2019autre c\u00f4t\u00e9 de la M\u00e9diterran\u00e9e. Cependant, il faut aussi expliquer pourquoi cette affaire a fait un buzz aussi important.<\/p>\n<p class=\"p7\"><em><strong>\u2013 Pourquoi ?<\/strong><\/em><\/p>\n<p class=\"p7\">Il y a en fait un faisceau de raisons, autant objectives que subjectives. D\u00e8s le d\u00e9part, il y a eu une mauvaise \u00e9valuation des rapports de force sur le terrain et certains ont imagin\u00e9 que le hirak allait tout balayer. Cela ne fonctionne pas ainsi. Je comprends parfaitement que les Alg\u00e9riens ne supportent plus le pouvoir dans ce qu\u2019il repr\u00e9sente de plus mauvais.<\/p>\n<p class=\"p7\">Ils ont envie de vivre dans la libert\u00e9 et la justice. Le hirak repr\u00e9sente cette chance historique pour tourner une page de notre histoire, faite d\u2019humiliation, de pr\u00e9dation et de m\u00e9pris du peuple. Trop de blessures sont encore ouvertes, trop d\u2019injustice a r\u00e9gn\u00e9 sur ce pays. Les Alg\u00e9riens ont \u00e9t\u00e9 tout simplement formidables depuis le 22 f\u00e9vrier.<\/p>\n<p class=\"p7\">Ils ont r\u00e9ussi \u00e0 cr\u00e9er la dynamique du changement qui est devenu in\u00e9luctable. Et j\u2019ose croire qu\u2019il ne sera pas ni\u00e9 que Jil Jadid y a aussi contribu\u00e9. Par contre, il ne faut pas imposer de nouveau la pens\u00e9e unique, c\u2019est autodestructeur pour ceux qui s\u2019y aventurent. Le hirak a voulu la d\u00e9mocratie, alors tout le monde doit accepter la pluralit\u00e9 politique.<\/p>\n<p class=\"p7\">Au final, une fois que le feu de la passion s\u2019apaisera, chacun verra que la voix de la raison conseille d\u2019aller cueillir, pour le hirak, les premiers fruits au lieu de faire de la surench\u00e8re. Je sais que la confiance n\u2019est pas l\u00e0, mais il y a de bonnes raisons pour tenter de saisir cette chance historique de voir le pays \u00e9voluer vers la d\u00e9mocratie. Comme le dit l\u2019adage : <em>\u00abLe mieux est l\u2019ennemi du bien.\u00bb<\/em> Chez nous, on dit : <em>\u00abDja yessaa, ouaddar tessaa.\u00bb<\/em><\/p>\n<p class=\"p7\"><em><strong>\u2013 Cette pol\u00e9mique a-t-elle fait du tort \u00e0 votre parti ?<\/strong><\/em><\/p>\n<p class=\"p7\">Absolument pas. Vous ne pouvez pas imaginer le nombre de nouvelles adh\u00e9sions que nous enregistrons ces derniers jours. Et je peux vous garantir que ce sont des hirakistes pur jus, qui ont compris les enjeux et qui ont envie de contribuer \u00e0 construire une nouvelle Alg\u00e9rie.<\/p>\n<p class=\"p7\"><em><strong>\u2013 Alors que l\u2019opposition et le hirak rejettent la main tendue de Tebboune, parce qu\u2019il est mal \u00e9lu, Soufiane Djilali r\u00e9pond favorablement \u00e0 son invitation, qu\u2019est-ce qui a motiv\u00e9 votre d\u00e9marche ?<\/strong><\/em><\/p>\n<p class=\"p7\">D\u2019abord, il est absolument faux de dire que le hirak refuse le dialogue. Oui, il y a dans le hirak ceux qui ont une position radicale et de refus syst\u00e9matique. Mais il y a une grande partie des Alg\u00e9riens qui ont fait le hirak depuis le 22 f\u00e9vrier et qui pensent qu\u2019il est grand temps de trouver des solutions \u00e0 la crise politique.<\/p>\n<p class=\"p7\">Il y a une forme de m\u00e9pris envers une grande partie du peuple. Pourtant, je peux vous assurer qu\u2019il y a chez nos concitoyens de la pond\u00e9ration et du bon sens. Beaucoup devraient en prendre de la graine au lieu de s\u2019autoproclamer \u00able peuple\u00bb, tout en croyant le purifier en excommuniant tous ceux qui ne partagent pas leurs points de vue. Ils se sont psychologiquement appropri\u00e9 le hirak et dictent, en son nom, les oukases. A ce rythme des choses et face \u00e0 ces d\u00e9plorables d\u00e9rives, le pouvoir aura beau jeu.<\/p>\n<p class=\"p7\">Il va peu \u00e0 peu reprendre des forces, stabiliser ses arri\u00e8res politiques, se renouveler et au final, remporter la partie au d\u00e9triment de partis politiques et d\u2019une soci\u00e9t\u00e9 civile, incons\u00e9quents. D\u2019ailleurs, je n\u2019exclus pas l\u2019id\u00e9e que les activistes les plus radicaux sont l\u00e0 pour occuper la galerie et couper la t\u00eate \u00e0 tous ceux qui pourraient \u00e9merger, pendant que le pouvoir s\u2019organise.<\/p>\n<p class=\"p7\">Les raisons sont simples. A Jil Jadid, nous avons toujours fait la diff\u00e9rence entre \u00abr\u00e9gime politique\u00bb et \u00abEtat\u00bb. Aujourd\u2019hui, le r\u00e9gime Bouteflika est bel et bien fini. Il s\u2019est effondr\u00e9 et je peux vous donner toute une s\u00e9rie de preuves tangibles. Les anciens relais politiques, FLN et RND, sont totalement disqualifi\u00e9s. Le personnel politique des vingt derni\u00e8res ann\u00e9es est hors champ ou en prison.<\/p>\n<p class=\"p7\">De ce fait, un nouveau r\u00e9gime politique devra \u00eatre construit. Il le sera avec le courant d\u00e9mocrate ou\u2026 sans lui. Nul n\u2019est indispensable. Je crois qu\u2019il aurait mieux valu que la classe politique agisse pour s\u2019imposer dans cette situation par un rapport de raison et en assumant ses responsabilit\u00e9s. Il faut sortir du rapport de force. Plus que jamais, l\u2019adage qui dit que \u00abla politique est l\u2019art du possible\u00bb s\u2019applique ici.<\/p>\n<p class=\"p7\"><em><strong>\u2013 Les entrevues entre Tebboune et les diff\u00e9rentes personnalit\u00e9s entrent dans quel cadre : un dialogue ou des consultations ? Quel est l\u2019objectif recherch\u00e9 ?<\/strong><\/em><\/p>\n<p class=\"p7\">En ce qui me concerne, il s\u2019agissait de simples consultations. Le Pr\u00e9sident voulait probablement prendre la temp\u00e9rature du milieu politique avant d\u2019ouvrir un dialogue.<\/p>\n<p class=\"p7\">A l\u2019issue de mon entretien avec lui, j\u2019ai rendu public un long communiqu\u00e9 pour informer l\u2019opinion sur son contenu. Voil\u00e0 ce que je peux vous dire. Sinon, je crois qu\u2019il est pr\u00e9f\u00e9rable de solliciter le Pr\u00e9sident lui-m\u00eame sur ces sujets. Moi, je suis responsable d\u2019un parti politique.<\/p>\n<p class=\"p7\"><em><strong>\u2013 Mais apr\u00e8s votre rencontre avec le Pr\u00e9sident, avez-vous constat\u00e9 un semblant de changement sur le terrain ? A-t-il pris en consid\u00e9ration vos propositions ?<\/strong><\/em><\/p>\n<p class=\"p7\">Ecoutez, la situation est tellement compliqu\u00e9e que le changement ne peut venir que progressivement. Le pays a \u00e9t\u00e9 lamin\u00e9 par le r\u00e9gime Bouteflika ; il faudra du temps avant de palper les choses concr\u00e8tes. Il faudra tout reconstruire sur ce champ de ruines. Je peux vous assurer qu\u2019\u00eatre aujourd\u2019hui au pouvoir est une tr\u00e8s lourde charge et loin d\u2019\u00eatre une sin\u00e9cure. Pour le reste, je ne peux pas vous dire si les propositions de Jil Jadid seront prises en compte ou pas. Nous ne sommes qu\u2019un acteur parmi une multitude d\u2019autres. De toutes les fa\u00e7ons, accepter un dialogue ne signifie pas reconna\u00eetre \u00e0 l\u2019avance toutes ses conclusions.<\/p>\n<p class=\"p7\"><strong><em>\u2013 Vous \u00e9tiez contre la structuration du hirak. A votre avis, si celui-ci n\u2019a pas de repr\u00e9sentants, comment alors peut-il d\u00e9fendre ses revendications ?<\/em><\/strong><\/p>\n<p class=\"p7\">La seule et unique fa\u00e7on de faire repr\u00e9senter le hirak, c\u2019est de canaliser les nouvelles \u00e9nergies citoyennes vers un travail organis\u00e9 et structur\u00e9. Cela signifie que le d\u00e9veloppement des partis politiques ou la cr\u00e9ation de nouveaux dans un esprit d\u00e9mocratique est \u00e0 l\u2019ordre du jour. Le renouvellement de la classe politique et la prise en charge des revendications du hirak se feront \u00e0 travers de vraies \u00e9lections, qu\u2019elles soient l\u00e9gislatives ou locales.<\/p>\n<p class=\"p7\">C\u2019est autour de 30\u00a0000 \u00e9lus qui pourraient refonder l\u2019action politique. Pour r\u00e9ussir ce pari, il faudrait que le dialogue aboutisse \u00e0 une Constitution qui mette en place les fondations d\u2019un Etat de droit avec des \u00e9lections ouvertes. Nous n\u2019en sommes plus tr\u00e8s loin, pour peu que tout le monde, pouvoir et opposition, s\u2019y mette.<\/p>\n<p class=\"p7\"><em><strong>\u2013 Vous avez par contre d\u00e9nonc\u00e9 une tentative de monopolisation du hirak par un courant id\u00e9ologique. Lequel ?<\/strong><\/em><\/p>\n<p class=\"p7\">Vous savez, les mouvements populaires de l\u2019ampleur du hirak g\u00e9n\u00e8rent des tensions internes compr\u00e9hensibles. Tr\u00e8s souvent alors, les mots d\u2019ordre, les slogans et autres clameurs prennent les couleurs r\u00e9volutionnaires. Dans ces situations, ce sont les id\u00e9ologies marqu\u00e9es et radicales qui cristallisent les \u00e9motions.<\/p>\n<p class=\"p7\">Le \u00abyetnahaou gaa\u00bb en est l\u2019illustration. Au plan identitaire, le peuple alg\u00e9rien a subi beaucoup d\u2019\u00e9preuves \u00e0 travers l\u2019histoire. Il n\u2019a pas toujours su g\u00e9rer sa diversit\u00e9. Depuis l\u2019ind\u00e9pendance, au lieu de rechercher l\u2019\u00e9quilibre dans la diversit\u00e9, le pouvoir a pr\u00e9f\u00e9r\u00e9 tenter d\u2019homog\u00e9n\u00e9iser la population sur des bases exclusives de langue et d\u2019appartenance identitaire.<\/p>\n<p class=\"p7\">Nous subissons aujourd\u2019hui le retour de flamme. Il y a des fractures graves dans la soci\u00e9t\u00e9, qui, il est vrai, cicatrisaient lentement ces derni\u00e8res ann\u00e9es, mais qui ont \u00e9t\u00e9 brutalement r\u00e9veill\u00e9es par la manipulation id\u00e9ologique durant le hirak. S\u2019attaquer \u00e0 l\u2019embl\u00e8me amazigh et stigmatiser une r\u00e9gion est tout simplement irresponsable.<\/p>\n<p class=\"p7\">En retour, il y a un courant, que je qualifie d\u2019extr\u00eame droite identitaire, qui est en train de prendre racine. Les attaques racistes fusent maintenant de tous les c\u00f4t\u00e9s. Il faut arr\u00eater cela et au plus vite. Il faut passer de la conscience pr\u00e9-nationale, sectaire, tribale et ethnique \u00e0 une conscience nationale, citoyenne, tol\u00e9rante et paisible.<\/p>\n<p class=\"p7\">Il n\u2019y a pas de modernit\u00e9 possible sans une citoyennet\u00e9 assum\u00e9e. Or, celle-ci s\u2019exprime dans le cadre de la nation. Le repli sur soi, la recherche de la domination et surtout la stigmatisation doivent \u00eatre bannis. La religion et l\u2019identit\u00e9 doivent se vivre \u00e0 titre personnel et non pas comme un objet de pros\u00e9lytisme.<\/p>\n<p class=\"p7\"><em><strong>\u2013 Les forces du Pacte de l\u2019alternative d\u00e9mocratique (PAD) appellent \u00e0 des assises de la d\u00e9mocratie. Que pensez-vous de cette initiative ? Allez-vous y participer ?<\/strong><\/em><\/p>\n<p class=\"p7\">Lors des pr\u00e9c\u00e9dentes rencontres du PAD, j\u2019avais dit publiquement que j\u2019y \u00e9tais favorable. Jil Jadid n\u2019a pas \u00e9t\u00e9 invit\u00e9. Aujourd\u2019hui, si j\u2019ai bien compris, ces partis refusent de reconna\u00eetre le Pr\u00e9sident et rejettent par avance toute id\u00e9e de dialogue. Maintenant, s\u2019ils r\u00e9\u00e9valuent leur position, ce qui serait de mon point de vue plus sage, nous pourrions travailler dans le m\u00eame sens.<\/p>\n<p><span class=\"post-views-label\">Post Views:<\/span> <span class=\"post-views-count\">4\u00a0625<\/span><\/p>\n<p><br class=\"c2\"\/><\/p>\n<p>Auteur: Anis Khecheba<br \/>\n<a href=\"https:\/\/www.elwatan.com\/edition\/actualite\/certains-se-sont-psychologiquement-approprie-le-hirak-23-01-2020\">Cliquez ici pour lire l&rsquo;article depuis sa source.<\/a><\/p>\n","protected":false},"excerpt":{"rendered":"<p>Dans cet entretien, Soufiane Djilali revient sur les attaques qu\u2019il a subies apr\u00e8s sa rencontre avec le pr\u00e9sident Abdelmadjid Tebboune et nie formellement avoir enfonc\u00e9 les d\u00e9tenus d\u2019opinion. Bien au contraire, il dit avoir d\u00e9nonc\u00e9 les arrestations. Il livre \u00e9galement sa vision du hirak et du PAD. Il pense qu\u2019il aurait mieux valu que la [&hellip;]<\/p>\n","protected":false},"author":1743,"featured_media":73951,"comment_status":"closed","ping_status":"closed","sticky":false,"template":"","format":"standard","meta":{"fifu_image_url":"","fifu_image_alt":"","footnotes":""},"categories":[73,53],"tags":[],"class_list":["post-73950","post","type-post","status-publish","format-standard","has-post-thumbnail","hentry","category-actualite","category-algerie"],"_links":{"self":[{"href":"https:\/\/linitiative.ca\/International\/wp-json\/wp\/v2\/posts\/73950","targetHints":{"allow":["GET"]}}],"collection":[{"href":"https:\/\/linitiative.ca\/International\/wp-json\/wp\/v2\/posts"}],"about":[{"href":"https:\/\/linitiative.ca\/International\/wp-json\/wp\/v2\/types\/post"}],"author":[{"embeddable":true,"href":"https:\/\/linitiative.ca\/International\/wp-json\/wp\/v2\/users\/1743"}],"replies":[{"embeddable":true,"href":"https:\/\/linitiative.ca\/International\/wp-json\/wp\/v2\/comments?post=73950"}],"version-history":[{"count":0,"href":"https:\/\/linitiative.ca\/International\/wp-json\/wp\/v2\/posts\/73950\/revisions"}],"wp:featuredmedia":[{"embeddable":true,"href":"https:\/\/linitiative.ca\/International\/wp-json\/"}],"wp:attachment":[{"href":"https:\/\/linitiative.ca\/International\/wp-json\/wp\/v2\/media?parent=73950"}],"wp:term":[{"taxonomy":"category","embeddable":true,"href":"https:\/\/linitiative.ca\/International\/wp-json\/wp\/v2\/categories?post=73950"},{"taxonomy":"post_tag","embeddable":true,"href":"https:\/\/linitiative.ca\/International\/wp-json\/wp\/v2\/tags?post=73950"}],"curies":[{"name":"wp","href":"https:\/\/api.w.org\/{rel}","templated":true}]}}