{"id":73956,"date":"2020-01-23T10:31:00","date_gmt":"2020-01-23T15:31:00","guid":{"rendered":"https:\/\/linitiative.ca\/International\/tennis-sur-sa-lancee-ons-jabeur-veut-se-qualifier-aux-1-8-de-finale-de-lopen-daustralie\/"},"modified":"2020-01-23T10:31:00","modified_gmt":"2020-01-23T15:31:00","slug":"tennis-sur-sa-lancee-ons-jabeur-veut-se-qualifier-aux-1-8-de-finale-de-lopen-daustralie","status":"publish","type":"post","link":"https:\/\/linitiative.ca\/International\/tennis-sur-sa-lancee-ons-jabeur-veut-se-qualifier-aux-1-8-de-finale-de-lopen-daustralie\/","title":{"rendered":"Tennis:  sur sa lanc\u00e9e, Ons Jabeur veut se qualifier aux 1\/8 de finale de l&rsquo;Open d&rsquo;Australie"},"content":{"rendered":"<p>Class\u00e9e n\u00b078, Ons Jabeur, 25 ans est la tenniswoman la plus titr\u00e9e du monde arabe. En battant Dominika Cibulkova &#8211; class\u00e9e n\u00b07 au deuxi\u00e8me tour lors de l&rsquo;\u00e9dition de Roland Garros de 2017, elle fut la premi\u00e8re arabe de l&rsquo;histoire \u00e0 aller aussi loin et d\u2019atteindre le troisi\u00e8me tour dans un tournoi du Grand Chelem.<\/p>\n<p>Elle a r\u00e9ussi\u00a0 \u00e0 r\u00e9\u00e9diter cet exploit lors du tournoi \u00abUS Open\u00bb de l&rsquo;ann\u00e9e derni\u00e8re, puis \u00e0 Melbourne cette semaine en \u00e9liminant la t\u00eate de s\u00e9rie n\u00b012 Johanna Konta ainsi que la fran\u00e7aise Caroline Garcia, acc\u00e9dant au 3<sup>\u00e8me<\/sup> tour.<\/p>\n<p>Notre compatriote affrontera vendredi pour la deuxi\u00e8me fois, la Danoise, Caroline Wozniacki, 29 ans, championne de l\u2019Open Australie 2018 class\u00e9e 36e dans une rencontre qui s\u2019annonce palpitante. Lors d&rsquo;une recontre pr\u00e9c\u00e9dente, la\u00a0 Danoise avait battu Ons Jabeur sur le score\u00a0 7-6\u00a0 6-4, au 2\u00e8me tour, \u00e0 Indian Wells en 2015. S&rsquo;agissant de l&rsquo;\u00e9dition pr\u00e9sente de l\u2019Open Australie, Wozniacki n&rsquo;a pas encore perdu de set.<\/p>\n<p>Loin d&rsquo;\u00eatre intimid\u00e9e par un tel palmar\u00e8s,\u00a0 notre championne qui passe par une p\u00e9riode faste est d\u00e9cid\u00e9e de r\u00e9aliser son r\u00eave, gagner le 3e tour.<\/p>\n<p>Auteur:<br \/>\n<a href=\"https:\/\/www.leaders.com.tn\/article\/28950-ons-jabeur-la-pepite-du-sport-tunisien-rencontre-la-danoise-caroline-wozniacki\">Cliquez ici pour lire l&rsquo;article depuis sa source.<\/a><\/p>\n","protected":false},"excerpt":{"rendered":"<p>Class\u00e9e n\u00b078, Ons Jabeur, 25 ans est la tenniswoman la plus titr\u00e9e du monde arabe. En battant Dominika Cibulkova &#8211; class\u00e9e n\u00b07 au deuxi\u00e8me tour lors de l&rsquo;\u00e9dition de Roland Garros de 2017, elle fut la premi\u00e8re arabe de l&rsquo;histoire \u00e0 aller aussi loin et d\u2019atteindre le troisi\u00e8me tour dans un tournoi du Grand Chelem. [&hellip;]<\/p>\n","protected":false},"author":1772,"featured_media":0,"comment_status":"closed","ping_status":"closed","sticky":false,"template":"","format":"standard","meta":{"fifu_image_url":"","fifu_image_alt":"","footnotes":""},"categories":[73,55],"tags":[],"class_list":["post-73956","post","type-post","status-publish","format-standard","hentry","category-actualite","category-tunisie"],"_links":{"self":[{"href":"https:\/\/linitiative.ca\/International\/wp-json\/wp\/v2\/posts\/73956","targetHints":{"allow":["GET"]}}],"collection":[{"href":"https:\/\/linitiative.ca\/International\/wp-json\/wp\/v2\/posts"}],"about":[{"href":"https:\/\/linitiative.ca\/International\/wp-json\/wp\/v2\/types\/post"}],"author":[{"embeddable":true,"href":"https:\/\/linitiative.ca\/International\/wp-json\/wp\/v2\/users\/1772"}],"replies":[{"embeddable":true,"href":"https:\/\/linitiative.ca\/International\/wp-json\/wp\/v2\/comments?post=73956"}],"version-history":[{"count":0,"href":"https:\/\/linitiative.ca\/International\/wp-json\/wp\/v2\/posts\/73956\/revisions"}],"wp:attachment":[{"href":"https:\/\/linitiative.ca\/International\/wp-json\/wp\/v2\/media?parent=73956"}],"wp:term":[{"taxonomy":"category","embeddable":true,"href":"https:\/\/linitiative.ca\/International\/wp-json\/wp\/v2\/categories?post=73956"},{"taxonomy":"post_tag","embeddable":true,"href":"https:\/\/linitiative.ca\/International\/wp-json\/wp\/v2\/tags?post=73956"}],"curies":[{"name":"wp","href":"https:\/\/api.w.org\/{rel}","templated":true}]}}