{"id":73958,"date":"2020-01-23T11:45:00","date_gmt":"2020-01-23T16:45:00","guid":{"rendered":"https:\/\/linitiative.ca\/International\/kalyste-exposition-les-femmes-de-emna-gargouri\/"},"modified":"2020-01-23T11:45:00","modified_gmt":"2020-01-23T16:45:00","slug":"kalyste-exposition-les-femmes-de-emna-gargouri","status":"publish","type":"post","link":"https:\/\/linitiative.ca\/International\/kalyste-exposition-les-femmes-de-emna-gargouri\/","title":{"rendered":"Kalyst\u00e9-exposition : les femmes de Emna Gargouri"},"content":{"rendered":"<p>Les toiles d\u2019Emna Gargouri Largueche habillent ce mois-ci les somptueux murs de la galerie d\u2019art Kalyst\u00e9 \u00e0 la Soukra.<\/p>\n<p>La propri\u00e9taire de la galerie, Synda Ben Khelil, experte en design et a \u00e0 son actifs plusieurs ann\u00e9es d\u2019enseignement \u00e0 la prestigieuse \u00c9cole d\u2019architecture de Tunis nous parle des \u0153uvres qu\u2019elle a soigneusement choisie pour sa galerie:<\/p>\n<p><strong><span class=\"c2\">\u2022<\/span><\/strong> Les femmes d&rsquo;Emna Gargouri Largueche demeurent le sujet de pr\u00e9dilection de l&rsquo;artiste.<\/p>\n<p><strong><span class=\"c2\">\u2022<\/span><\/strong> Les femmes robustes, \u00e0 la fois fortes et gracieuses tr\u00f4nent dans un univers plein de joie.<\/p>\n<p><strong><span class=\"c2\">\u2022<\/span><\/strong> Elles s&rsquo;exhibent all\u00e8grement et avec audace \u00e9pousent la toile.<\/p>\n<p><strong><span class=\"c2\">\u2022<\/span><\/strong> Les sc\u00e8nes du quotidien se multiplient au gr\u00e9 du vent. Tant\u00f4t coquines, tant\u00f4t musiciennes et souvent enj\u00f4leuses, ces muses nous imbibent d&rsquo;une joie de vivre. Extravagantes et provocantes, elles ne cessent de s&rsquo;imposer, fi\u00e8res de leur \u00eatre et para\u00eetre.<\/p>\n<p><strong><span class=\"c2\">\u2022<\/span><\/strong> L&rsquo;artiste r\u00e9unit les blondes, les brunes, les rousses et les noirs.<\/p>\n<p><strong><span class=\"c2\">\u2022<\/span><\/strong> Toutes avec majest\u00e9, nous charment, nous enchantent. et nous entrainent dans un voyage de g\u00e9n\u00e9rosit\u00e9 sous toutes ses formes.<\/p>\n<p class=\"c3\"><strong>Fatma Hentati<\/strong><\/p>\n<p>Auteur:<br \/>\n<a href=\"https:\/\/www.leaders.com.tn\/article\/28951-kalyste-exposition-les-femmes-de-emna-gargouri\">Cliquez ici pour lire l&rsquo;article depuis sa source.<\/a><\/p>\n","protected":false},"excerpt":{"rendered":"<p>Les toiles d\u2019Emna Gargouri Largueche habillent ce mois-ci les somptueux murs de la galerie d\u2019art Kalyst\u00e9 \u00e0 la Soukra. La propri\u00e9taire de la galerie, Synda Ben Khelil, experte en design et a \u00e0 son actifs plusieurs ann\u00e9es d\u2019enseignement \u00e0 la prestigieuse \u00c9cole d\u2019architecture de Tunis nous parle des \u0153uvres qu\u2019elle a soigneusement choisie pour sa [&hellip;]<\/p>\n","protected":false},"author":1772,"featured_media":0,"comment_status":"closed","ping_status":"closed","sticky":false,"template":"","format":"standard","meta":{"fifu_image_url":"","fifu_image_alt":"","footnotes":""},"categories":[73,55],"tags":[],"class_list":["post-73958","post","type-post","status-publish","format-standard","hentry","category-actualite","category-tunisie"],"_links":{"self":[{"href":"https:\/\/linitiative.ca\/International\/wp-json\/wp\/v2\/posts\/73958","targetHints":{"allow":["GET"]}}],"collection":[{"href":"https:\/\/linitiative.ca\/International\/wp-json\/wp\/v2\/posts"}],"about":[{"href":"https:\/\/linitiative.ca\/International\/wp-json\/wp\/v2\/types\/post"}],"author":[{"embeddable":true,"href":"https:\/\/linitiative.ca\/International\/wp-json\/wp\/v2\/users\/1772"}],"replies":[{"embeddable":true,"href":"https:\/\/linitiative.ca\/International\/wp-json\/wp\/v2\/comments?post=73958"}],"version-history":[{"count":0,"href":"https:\/\/linitiative.ca\/International\/wp-json\/wp\/v2\/posts\/73958\/revisions"}],"wp:attachment":[{"href":"https:\/\/linitiative.ca\/International\/wp-json\/wp\/v2\/media?parent=73958"}],"wp:term":[{"taxonomy":"category","embeddable":true,"href":"https:\/\/linitiative.ca\/International\/wp-json\/wp\/v2\/categories?post=73958"},{"taxonomy":"post_tag","embeddable":true,"href":"https:\/\/linitiative.ca\/International\/wp-json\/wp\/v2\/tags?post=73958"}],"curies":[{"name":"wp","href":"https:\/\/api.w.org\/{rel}","templated":true}]}}