{"id":73959,"date":"2020-01-23T11:50:00","date_gmt":"2020-01-23T16:50:00","guid":{"rendered":"https:\/\/linitiative.ca\/International\/la-tunisie-bourguiba-et-de-gaulle-hommage-ce-vendredi-au-general-disparu-il-y-a-50-ans\/"},"modified":"2020-01-23T11:50:00","modified_gmt":"2020-01-23T16:50:00","slug":"la-tunisie-bourguiba-et-de-gaulle-hommage-ce-vendredi-au-general-disparu-il-y-a-50-ans","status":"publish","type":"post","link":"https:\/\/linitiative.ca\/International\/la-tunisie-bourguiba-et-de-gaulle-hommage-ce-vendredi-au-general-disparu-il-y-a-50-ans\/","title":{"rendered":"La Tunisie, Bourguiba et De Gaulle : hommage, ce vendredi au G\u00e9n\u00e9ral, disparu il y a 50 ans"},"content":{"rendered":"<p>Rarement deux grands leaders du XX<sup>\u00e8me<\/sup> si\u00e8cle auront entretenu ensemble des relations aussi proches, mais aussi tumultueuses parfois, et un malentendu quasi-permanent comme ce fut pour Bourguiba et De Gaulle. \u00abL\u2019Homme du 18 juin 1940\u00bb qui a lanc\u00e9 l\u2019appel au sursaut national de la France face \u00e0 l\u2019occupation allemande, devait \u00abpratiquer\u00bb le \u00abcombattant supr\u00eame\u00bb qui a conduit son pays vers l\u2019ind\u00e9pendance, instaur\u00e9 la R\u00e9publique et jet\u00e9 les fondements d\u2019un Etat moderne.<\/p>\n<p>L\u2019ann\u00e9e 2020, c\u2019est trois fois l\u2019ann\u00e9e du G\u00e9n\u00e9ral De Gaulle. Celle de sa naissance, il y a 130 ans, le 22 novembre 1890 \u00e0 Lille, de son Appel, il y a 80 ans depuis Londres, et de sa mort, il y a 50, le 9 novembre 1970 \u00e0 Colombey-les-Deux-\u00c9glises. Un algorithme magique de 130 \u2013 80 et 50 qui fa\u00e7onne une l\u00e9gende sans cesse fascinante. C\u2019est aussi pour Bourguiba, l\u2019ann\u00e9e du 20\u00e8me anniversaire de son d\u00e9c\u00e8s le 6 avril 2000.<\/p>\n<p>Les historiens ne ratent pas pareille occasion pour comm\u00e9morer le souvenir de chacun de ces deux illustres grands hommes. Les Fran\u00e7ais ont \u00e9t\u00e9 prompts \u00e0 l\u2019entreprendre. Une <a href=\"\/uploads\/FCK_files\/Invitation%20De%20Gaulle.pdf\">journ\u00e9e sp\u00e9ciale<\/a> sera organis\u00e9e ce vendredi 24 janvier par l\u2019Institut Fran\u00e7ais, <span class=\"c2\"><strong><em>Leaders<\/em><\/strong><\/span> et l\u2019Agora. Au programme, la projection du film De Gaulle, la fin d\u2019un r\u00e8gne, de Jean-Michel Djian, et des historiens, et des images d\u2019archives de l\u2019INA sur De Gaulle et la Tunisie, ainsi que le t\u00e9moignage de l\u2019ancien ambassadeur de Tunisie \u00e0 Paris (alors charg\u00e9 d\u2019affaires a.i.) Tahar Belkhodja, d\u00e9p\u00each\u00e9 par Bourguiba au pr\u00e8s du G\u00e9n\u00e9ral.<\/p>\n<p class=\"c3\"><img decoding=\"async\" src=\"\/uploads\/FCK_files\/De-gaule-Bey.jpg\" alt=\"\" width=\"100%\" vspace=\"5\" hspace=\"5\" align=\"middle\"\/><\/p>\n<p>Qu\u2019il s\u2019agisse de <a href=\"http:\/\/www.webdo.tn\/2018\/12\/22\/une-page-dhistoire-charles-de-gaulle-a-tunis-en-juin-1943\/\">la visite du G\u00e9n\u00e9ral De Gaulle \u00e0 Tunis en juin 1943<\/a>, accompagn\u00e9 par le G\u00e9n\u00e9ral Mast, et de son audience avec le Bey de Tunis, Lamine Bey, au si\u00e8ge actuel de Beit al Hikma \u00e0 Carthage, de ses correspondances avec Bourguiba d\u00e8s le 2 juin 1956, ou de <a href=\"https:\/\/www.britishpathe.com\/video\/bourguiba-of-tunisia-meets-de-gaulle\/query\/Rambouillet\" target=\"_blank\" rel=\"noopener noreferrer\">leurs entretiens surtout celui du 27 f\u00e9vrier 1961 \u00e0 Rambouillet<\/a>, chaque s\u00e9quence aura \u00e9t\u00e9 charg\u00e9e d\u2019histoire.<\/p>\n<p class=\"c3\"><iframe loading=\"lazy\" src=\"https:\/\/www.youtube.com\/embed\/XmkxyKOhWf4\" allow=\"accelerometer; autoplay; encrypted-media; gyroscope; picture-in-picture\" allowfullscreen=\"\" width=\"560\" height=\"315\" frameborder=\"0\">[embedded content]<\/iframe><\/p>\n<p>Divers t\u00e9moignages nous en sont parvenus, dans des articles de B\u00e9chir Ben Yahmed, Mohamed Masmoudi, Jean Daniel, Guy Sitbon et autres journalistes, mais aussi dans des livres de m\u00e9moires (Masmoudi, Bourguiba Jr, Taher Belkhodja, H\u00e9di Baccouche r\u00e9cemment d\u00e9c\u00e9d\u00e9 et qui devait apport\u00e9 son t\u00e9moignage ce 24 janvier 2020, etc.). Bourguiba aussi en avait beaucoup parl\u00e9 dans ses discours. Dans ses \u00ab <a href=\"http:\/\/www.habib-bourguiba.net\/charles-de-gaulle-memoire-despoir\/\" target=\"_blank\" rel=\"noopener noreferrer\">M\u00e9moires d\u2019espoir<\/a> \u00bb (Plon, 1970), le G\u00e9n\u00e9ral De Gaulle n\u2019a pas manqu\u00e9 d\u2019\u00e9voquer notamment cette rencontre de Rambouillet.<\/p>\n<p><img decoding=\"async\" src=\"\/uploads\/FCK_files\/Bourguiba-Degaul.jpg\" alt=\"\" width=\"100%\" vspace=\"5\" hspace=\"5\" align=\"middle\"\/><\/p>\n<h2>Charles De Gaulle et Bourguiba<\/h2>\n<p>\u00abLe pr\u00e9sident Bourguiba, pour sa part, a tout de suite compris que le r\u00e9f\u00e9rendum du 8 Janvier ouvre une issue dont, pour la Tunisie, les cons\u00e9quences seront capitales.<\/p>\n<p>Il demande \u00e0 me voir. Nous passons ensemble \u00e0 Rambouillet la journ\u00e9e du 27 f\u00e9vrier. J\u2019ai devant moi un lutteur, un politique, un chef d\u2019\u00c9tat, dont l\u2019envergure et l\u2019ambition d\u00e9passent la dimension de son pays. Depuis toujours, il est le champion de l\u2019ind\u00e9pendance tunisienne, ce qui l\u2019oblige \u00e0 surmonter en lui-m\u00eame maintes contradictions. Il s\u2019est sans cesse oppos\u00e9 \u00e0 la France, \u00e0 laquelle, cependant, l\u2019attachent sa culture et son sentiment. A Tunis, il a renvers\u00e9 le r\u00e9gime beylical et \u00e9pous\u00e9 la r\u00e9volution, bien qu\u2019il croie \u00e0 la vertu de ce qui est permanent et traditionnel. Il s\u2019incorpore \u00e0 la grande querelle arabe et islamique, tout libre-penseur qu\u2019il soit et imbu de l\u2019esprit et des mani\u00e8res de l\u2019Occident. Pr\u00e9sentement, il soutient l\u2019insurrection en Alg\u00e9rie, non sans redouter pour demain le voisinage malais\u00e9 d\u2019une r\u00e9publique bouillonnante. S\u2019il a tenu \u00e0 nous faire visite, c\u2019est assur\u00e9ment pour marquer qu\u2019il approuve mon action en vue d\u2019une n\u00e9gociation alg\u00e9rienne et qu\u2019il souhaite jouer un r\u00f4le conciliateur au cours de la confrontation. Mais c\u2019est aussi pour obtenir quelques avantages au moment o\u00f9 l\u2019Alg\u00e9rie va en recevoir beaucoup.<\/p>\n<p>Habib Bourguiba pose, d\u2019abord, la question de Bizerte. Il en demande l\u2019\u00e9vacuation. Je lui rappelle que, d\u00e8s 1958, en retirant proprio motu les forces fran\u00e7aises du territoire tunisien, j\u2019ai tenu \u00e0 ce qu\u2019elles gardent la base navale jusqu\u2019\u00e0 nouvel ordre. Ce maintien fut, d\u2019ailleurs, sp\u00e9cifi\u00e9 dans les lettres que, tous deux, nous avons alors \u00e9chang\u00e9es. Depuis, les Fran\u00e7ais ont cess\u00e9 d\u2019occuper militairement l\u2019arsenal, rendu aux Tunisiens l\u2019administration de la ville et laiss\u00e9 leurs troupes y cantonner, elles aussi. En fait, la pr\u00e9sence de notre petite garnison et les travaux de r\u00e9paration de quelques navires de guerre sont, pour Bizerte, d\u2019un bon rapport.. \u00abDe toute fa\u00e7on\u00bb, dis-je au Pr\u00e9sident, \u00abcela ne durera plus longtemps. Il est vrai que, dans la situation actuelle de tension internationale, o\u00f9 l\u2019O.T.A.N. ne couvre pas la Tunisie et, celle-ci entend rester neutre, la France ne saurait laisser \u00e0 la merci d\u2019un coup de main hostile cette base dont l\u2019emplacement, au milieu de la M\u00e9diterran\u00e9e, peut \u00eatre d\u2019une tr\u00e8s grande importance strat\u00e9gique. Mais nous sommes, comme vous le savez, en train de nous doter d\u2019un armement atomique. D\u00e8s que nous aurons des bombes, les conditions de notre s\u00e9curit\u00e9 changeront du tout au tout. En particulier, nous aurons de quoi nous garantir (le ce qui pourrait \u00e9ventuellement se passer \u00e0 Bizerte quand nous en serons partis. Vous pouvez donc \u00eatre assur\u00e9 que nous nous en retirerons dans un d\u00e9lai de l\u2019ordre d\u2019une ann\u00e9e\u00bb. \u2013 \u00abJ\u2019en prends acte volontiers\u00bb, me r\u00e9pond Habib Bourguiba. \u00ab (Dans ces conditions, je n\u2019insiste pas pour la solution imm\u00e9diate du probl\u00e8me\u00bb. Il le r\u00e9p\u00e9tera au cours de la s\u00e9ance pl\u00e9ni\u00e8re que nous tiendrons ensuite en pr\u00e9sence de : Michel Debr\u00e9, de Maurice Couve de Murville, de Mohammed Masmoudi et de Sadok Mokaddem.<\/p>\n<p><img decoding=\"async\" src=\"\/uploads\/FCK_files\/Sans-titre-2(49).jpg\" alt=\"\" width=\"40%\" vspace=\"5\" hspace=\"5\" align=\"left\"\/>Mais la question de Bizerte n\u2019est, pour le Pr\u00e9sident, qu\u2019un d\u00e9tour pour en venir \u00e0 l\u2019essentiel. Ce dont il est anxieux surtout, c\u2019est de procurer \u00e0 son pays certains agrandissements du c\u00f4t\u00e9 de ses confins sahariens,\u2013 si, comme on peut le pr\u00e9voir, le grand d\u00e9sert doit \u00eatre un jour remis \u00e0 une Alg\u00e9rie souveraine. Bien entendu, c\u2019est le p\u00e9trole qui soul\u00e8ve cette convoitise. On n\u2019en a pas d\u00e9couvert sur le territoire tunisien. Or, justement, les Fran\u00e7ais en trouvent et en exploitent des sources abondantes \u00e0 proximit\u00e9, dans les r\u00e9gions d\u2019Hassi-Messaoud et d\u2019Edjel\u00e9. Ne pourrait-on modifier la fronti\u00e8re de telle sorte que la Tunisie soit mise en possession de terrains p\u00e9trolif\u00e8res? Ce serait, suivant Bourguiba, d\u2019autant plus justifiable que la d\u00e9limitation entre le Sahara et le Sud de l\u2019ancienne R\u00e9gence a \u00e9t\u00e9 nagu\u00e8re trac\u00e9e d\u2019une fa\u00e7on vague et contestable. Mais je ne puis donner suite \u00e0 cette demande du Pr\u00e9sident. Pour nous, Fran\u00e7ais, le d\u00e9veloppement de nos recherches et de notre exploitation du p\u00e9trole saharien sera, demain, un \u00e9l\u00e9ment capital de la coop\u00e9ration avec les Alg\u00e9riens. Pourquoi irions-nous d\u2019avance la compromettre en livrant \u00e0 d\u2019autres un sol qui, \u00e0 cette condition, peut revenir \u00e0 l\u2019Alg\u00e9rie`? Si, d\u2019ailleurs, nous le faisions au profit de la Tunisie, quel prurit d\u2019excitation en recevraient les pr\u00e9tentions marocaines sur Colomb-B\u00e9char et sur Tindouf, pour ne point parler de ce que la Mauritanie, le Mali, le Niger, le Tchad, la Libye, pourraient vouloir revendiquer ! Or, il est de notre int\u00e9r\u00eat de r\u00e9gler, le moment venu, l\u2019exploitation rationnelle du p\u00e9trole saharien d\u2019un seul tenant. Certes, nous prenons en consid\u00e9ration les avantages que certains pays voisins voudraient tirer de cette mise en valeur et la participation qu\u2019ils seraient pr\u00eats \u00e0 y prendre. Pr\u00e9cis\u00e9ment, par faveur accord\u00e9e \u00e0 la Tunisie, nous achevons d\u2019y construire un pipe-line qui am\u00e8nera \u00e0 La Skhirra une partie du p\u00e9trole provenant d\u2019Edjel\u00e9 et nous allons b\u00e2tir une raffinerie sur le port d\u2019embarquement. D\u2019autre part, nous\u2019 proposons aux riverains du Sahara d\u2019organiser avec nous, en attendant qu\u2019ils le fassent aussi avec l\u2019Alg\u00e9rie souveraine, un groupement pour la recherche, le financement, l\u2019\u00e9vacuation, l\u2019achat, de tout ce qui est et sera trouv\u00e9 d\u2019huile et de gaz dans le d\u00e9sert. Mais rien ne justifierait que nous consentions \u00e0 en d\u00e9membrer le territoire. Bourguiba accueille sans plaisir cette fin de non-recevoir. Cependant, nos entretiens m\u2019ont paru assez francs et cordiaux pour que je croie pouvoir lui dire au moment de nous s\u00e9parer : \u00abJ\u2019envisage avec confiance l\u2019avenir de nos relations\u00bb. Il acquiesce chaleureusement.<\/p>\n<p>Sans doute est-ce dans cette illusion lue le Pr\u00e9sident Bourguiba se risque \u00e0 exiger soudain, par une note comminatoire du 6 juillet, que la France retire imm\u00e9diatement ses forces de Bizerte et accepte de rectifier la fronti\u00e8re entre le Sahara et le Sud-Tunisien. Le 18, il passe \u00e0 latta- que. Des troupes tunisiennes, amen\u00e9es de l\u2019int\u00e9rieur, jointes \u00e0 la garnison de la ville et accompagn\u00e9es de nombreux miliciens du \u00ab Destour \u00bb, ouvrent le feu sur nos soldats, leur coupent les acc\u00e8s \u00e0 la rade, bloquent les installations de la base, notamment l\u2019a\u00e9rodrome, et obstruent le goulet pour l\u2019interdire \u00e0 nos b\u00e2timents. En m\u00eame temps, dans l\u2019extr\u00eame Sud, un important d\u00e9tachement tunisien franchit la fronti\u00e8re saharienne, assi\u00e8ge notre poste de Garet-el-Hammel et occupe le terrain dit de la borne 233 \u00bb. Vraisemblablement, Bourguiba estime- que Paris reculera devant la d\u00e9cision de d\u00e9clencher une action d\u2019envergure au moment m\u00eame o\u00f9 vont commencer les pourparlers de Lugrin et o\u00f9 l\u2019opinion fran\u00e7aise et internationale n\u2019attend plus que la fin de tout conflit en Afrique du Nord. Il compte donc qu\u2019une n\u00e9gociation s\u2019ouvrira sur la base des faits qu\u2019il vient d\u2019accomplir et, par cons\u00e9quent, lui donnera satisfaction. Ainsi, le \u00ab combattant supr\u00eame\u00bb reprendra-t-il aux yeux du monde arabe, pendant qu\u2019il en est temps encore, la figure d\u2019intransigeant ennemi du \u00ab colonialisme fran\u00e7ais \u00bb et, d\u2019autre part, obtiendra-t-il la cession des terrains p\u00e9trolif\u00e8res d\u00e9sir\u00e9s.<\/p>\n<p>Mais, pour r\u00e9solu que je sois \u00e0 d\u00e9gager notre pays de ses entraves outre-mer, pour conciliant, voire pr\u00e9venant, que j\u2019aie \u00e9t\u00e9 depuis toujours \u00e0 l\u2019\u00e9gard de la Tunisie, je n\u2019admets pas qu\u2019on manque \u00e0 la France. C\u2019est pourquoi notre riposte militaire est rude et rapide. A Bizerte, d\u00e8s le 19 juillet, une vive action a\u00e9rienne et une descente de parachutistes nous remettent en possession de l\u2019a\u00e9rodrome o\u00f9 d\u00e9barquent ensuite des renforts. D\u2019autres seront, un peu plus tard, amen\u00e9s par mer \u00e0 la \u00ab Baie des Carri\u00e8res \u00bb. L\u2019amiral Amman, qui commande la base, peut alors rompre le blocus, s\u2019emparer des quartiers de la ville qui bordent le port, d\u00e9barrasser le goulet des \u00e9l\u00e9ments adverses qui le tiennent et des \u00e9paves qui l\u2019obstruent, r\u00e9tablir les communications maritimes et a\u00e9riennes et mettre en d\u00e9bandade les assaillants tr\u00e8s \u00e9prouv\u00e9s. Cela fait, le cessez \u00adle-feu est accord\u00e9 au gouverneur tunisien et nos troupes pr\u00eatent leur assistance \u00e0 la population priv\u00e9e de ravitaillement et qui cherche \u00e0 fuir de toutes parts. Quant \u00e0 la fronti\u00e8re saharienne, elle est vite et brillamment d\u00e9gag\u00e9e par nos forces mobiles du d\u00e9sert. Au total, leur vaine agression a co\u00fbt\u00e9 aux Tunisiens plus de sept cents pauvres morts, plus de huit cents infortun\u00e9s prisonniers et plusieurs milliers de malheureux bless\u00e9s. Nous avons eu vingt-sept soldats tu\u00e9s.<\/p>\n<p>Il est vrai qu\u2019en France c\u2019est \u00e0 de Gaulle que s\u2019en prennent les partis. Tous, sur des tons diff\u00e9rents, condamnent notre action militaire et r\u00e9clament l\u2019ouverture imm\u00e9diate d\u2019une n\u00e9gociation avec Tunis sans tenir le moindre compte de l\u2019agression commise contre nos troupes \u00e0 Bizerte et au Sahara. Comme d\u2019usage, \u00e0 l\u2019oppos\u00e9 de ces multiples sommations du l\u00e2cher-tout, il ne s\u2019\u00e9l\u00e8ve, pour m\u2019appuyer, que des voix rares et mal assur\u00e9es. Mais, sachant ce que vaut, par rapport \u00e0 ce qui est en jeu, l\u2019aune de tels discours et \u00e9crits, je me garde d\u2019arr\u00eater notre contre-offensive militaire avant qu\u2019elle l\u2019ait emport\u00e9 totalement sur le terrain.<\/p>\n<p>Ne changent rien non plus \u00e0 notre action, ni l\u2019agitation de l\u2019O.N.U., ni l\u2019essai d\u2019intervention de son secr\u00e9taire g\u00e9n\u00e9ral Dag Hammarskj\u00f4ld. Celui-ci, qui au m\u00eame moment se trouve ouvertement en d\u00e9saccord avec nous parce qu\u2019il se m\u00eale directement du Gouvernement du Congo, prend en personne position en faveur de Bourguiba. Il va le voir \u00e0 Tunis, tient avec lui d\u2019amicales conf\u00e9rences et, de l\u00e0, le 26 juillet, alors que les combats ont cess\u00e9, se rend \u00e0 Bizerte comme s\u2019il lui appartenait de r\u00e9gler le litige sur place. Cette d\u00e9marche tourne \u00e0 sa confusion. Car, suivant les instructions donn\u00e9es, nos troupes ne tiennent aucun compte des all\u00e9es et venues du m\u00e9diateur non qualifi\u00e9 et l\u2019amiral Amman refuse de le recevoir. Il ne reste \u00bb au Pr\u00e9sident Bourguiba qu\u2019\u00e0 enregistrer comme pertes s\u00e8ches son erreur et son \u00e9chec. Il s\u2019en remettra d\u2019ailleurs, comme un jour sera gu\u00e9rie l\u2019amiti\u00e9 bless\u00e9e de la Tunisie et de la France. \u00bb<\/p>\n<p class=\"c4\"><strong>M\u00e9moires d\u2019espoir<\/strong><br \/><em>Ed. Plon 1970<br \/>(page 124-126)<\/em><\/p>\n<p>Auteur:<br \/>\n<a href=\"https:\/\/www.leaders.com.tn\/article\/28952-la-tunisie-bourguiba-et-de-gaulle-hommage-ce-vendredi-au-general-disparu-il-y-a-50-ans\">Cliquez ici pour lire l&rsquo;article depuis sa source.<\/a><\/p>\n","protected":false},"excerpt":{"rendered":"<p>Rarement deux grands leaders du XX\u00e8me si\u00e8cle auront entretenu ensemble des relations aussi proches, mais aussi tumultueuses parfois, et un malentendu quasi-permanent comme ce fut pour Bourguiba et De Gaulle. \u00abL\u2019Homme du 18 juin 1940\u00bb qui a lanc\u00e9 l\u2019appel au sursaut national de la France face \u00e0 l\u2019occupation allemande, devait \u00abpratiquer\u00bb le \u00abcombattant supr\u00eame\u00bb qui [&hellip;]<\/p>\n","protected":false},"author":1772,"featured_media":73960,"comment_status":"closed","ping_status":"closed","sticky":false,"template":"","format":"standard","meta":{"fifu_image_url":"","fifu_image_alt":"","footnotes":""},"categories":[73,55],"tags":[],"class_list":["post-73959","post","type-post","status-publish","format-standard","has-post-thumbnail","hentry","category-actualite","category-tunisie"],"_links":{"self":[{"href":"https:\/\/linitiative.ca\/International\/wp-json\/wp\/v2\/posts\/73959","targetHints":{"allow":["GET"]}}],"collection":[{"href":"https:\/\/linitiative.ca\/International\/wp-json\/wp\/v2\/posts"}],"about":[{"href":"https:\/\/linitiative.ca\/International\/wp-json\/wp\/v2\/types\/post"}],"author":[{"embeddable":true,"href":"https:\/\/linitiative.ca\/International\/wp-json\/wp\/v2\/users\/1772"}],"replies":[{"embeddable":true,"href":"https:\/\/linitiative.ca\/International\/wp-json\/wp\/v2\/comments?post=73959"}],"version-history":[{"count":0,"href":"https:\/\/linitiative.ca\/International\/wp-json\/wp\/v2\/posts\/73959\/revisions"}],"wp:featuredmedia":[{"embeddable":true,"href":"https:\/\/linitiative.ca\/International\/wp-json\/"}],"wp:attachment":[{"href":"https:\/\/linitiative.ca\/International\/wp-json\/wp\/v2\/media?parent=73959"}],"wp:term":[{"taxonomy":"category","embeddable":true,"href":"https:\/\/linitiative.ca\/International\/wp-json\/wp\/v2\/categories?post=73959"},{"taxonomy":"post_tag","embeddable":true,"href":"https:\/\/linitiative.ca\/International\/wp-json\/wp\/v2\/tags?post=73959"}],"curies":[{"name":"wp","href":"https:\/\/api.w.org\/{rel}","templated":true}]}}