{"id":73963,"date":"2020-01-23T14:47:56","date_gmt":"2020-01-23T19:47:56","guid":{"rendered":"https:\/\/linitiative.ca\/International\/thomas-piketty-presente-son-dernier-livre-a-rabat\/"},"modified":"2020-01-23T14:47:56","modified_gmt":"2020-01-23T19:47:56","slug":"thomas-piketty-presente-son-dernier-livre-a-rabat","status":"publish","type":"post","link":"https:\/\/linitiative.ca\/International\/thomas-piketty-presente-son-dernier-livre-a-rabat\/","title":{"rendered":"Thomas Piketty pr\u00e9sente son dernier livre \u00e0 Rabat"},"content":{"rendered":"<p><strong>Ce n\u2019est gu\u00e8re la premi\u00e8re fois que Thomas Piketty vient au Maroc partager ses id\u00e9es et r\u00e9flexions. D\u00e9j\u00e0, en 1997, il \u00e9tait pr\u00e9sent \u00e0 Casablanca, lors d\u2019un d\u00e9bat sur \u00ab les enjeux de la question sociale \u00bb et les solutions de financement. Cette fois-ci, il est l\u00e0 pour d\u00e9battre de son dernier livre \u00ab Id\u00e9ologie et capital au 21\u00e8me si\u00e8cle \u00bb.<\/strong><\/p>\n<div class=\"c10\"\/>\n<p>Thomas Piketty a su redonner sa vraie place \u00e0 l\u2019\u00e9conomie, en l\u2019articulant \u00e9troitement aux autres sciences sociales, en particulier l\u2019histoire et la sociologie, dans un contexte de mondialisation.<\/p>\n<p>La salle de la Biblioth\u00e8que nationale, \u00e0 Rabat, a \u00e9t\u00e9 archicomble. M\u00eame les personnes ponctuelles venues \u00e0 l\u2019heure \u00e9taient oblig\u00e9es de s\u2019asseoir par terre ou rester debout au fond de la grande salle. Les yeux des participants exprimaient un grand besoin de se ressourcer, de nourrir leur intellect, de \u00ab rallumer la flamme \u00bb des id\u00e9es progressistes.<\/p>\n<p>Non, Tina (There is no alternative) n\u2019a pas totalement vaincu la pens\u00e9e critique et progressiste. L\u2019histoire ne s\u2019est pas arr\u00eat\u00e9e et ne s\u2019arr\u00eatera certainement jamais. L\u2019histoire n\u2019est pas lin\u00e9aire. Elle fait des va et vient, et contient beaucoup de surprises. Face aux in\u00e9galit\u00e9s sociales injustes, la r\u00e9sistance, voire la r\u00e9volte, seront toujours n\u00e9cessaires aux victimes pour pouvoir briser les cha\u00eenes visibles et invisibles.<\/p>\n<p>Le travail de l\u2019intellectuel critique et progressiste est de lutter contre la \u00ab naturalisation\/banalisation \u00bb des in\u00e9galit\u00e9s sociales non assimilables aux diff\u00e9rences ou sp\u00e9cificit\u00e9s. Pour cela, dans \u00ab Id\u00e9ologie et capital au 21\u00e8me si\u00e8cle \u00bb, Thomas Piketty plonge dans les racines historiques des in\u00e9galit\u00e9s sociales, au niveau mondial. Sa d\u00e9marche est explicative. Elle est aussi constructive. Les mobilisations sociales ont besoin d\u2019une \u00ab conscience-boussole \u00bb pour r\u00e9habiliter l\u2019espoir, celui d\u2019un \u00ab socialisme participatif \u00bb, c\u2019est-\u00e0-dire un vivre ensemble o\u00f9 tous les individus-citoyens sont acteurs, maitres de leur destin. A cet \u00e9gard, face \u00e0 la concentration excessive des richesses et \u00e0 la croissance des in\u00e9galit\u00e9s sociales, surtout pendant les quatre derni\u00e8res d\u00e9cennies, la fiscalit\u00e9, pour Thomas Piketty est un chemin \u00e0 explorer pour une transformation sociale pacifique.<\/p>\n<p>L\u2019Etat n\u2019est pas neutre. Il fait partie de cette r\u00e9alit\u00e9 o\u00f9 les rapports de force doivent le faire \u00e9voluer pour qu\u2019il devienne un acteur central au service de la justice sociale et avoir comme objectif ultime le respect de la dignit\u00e9 humaine, au sens universel du terme.<\/p>\n<div class=\"c17\">\n<fieldset class=\"c16\">\n<legend><strong><span class=\"c11\">Challenge<\/span><span class=\"c12\">news<\/span><\/strong><\/legend>\n<div class=\"c15\">Le meilleur de Challenge s\u00e9lectionn\u00e9 par la r\u00e9daction :<\/p>\n<\/div>\n<\/fieldset>\n<\/div>\n<p>Auteur: Mohamed Amine<br \/>\n<a href=\"https:\/\/www.challenge.ma\/thomas-piketty-presente-son-dernier-livre-a-rabat-128865\/\">Cliquez ici pour lire l&rsquo;article depuis sa source.<\/a><\/p>\n","protected":false},"excerpt":{"rendered":"<p>Ce n\u2019est gu\u00e8re la premi\u00e8re fois que Thomas Piketty vient au Maroc partager ses id\u00e9es et r\u00e9flexions. D\u00e9j\u00e0, en 1997, il \u00e9tait pr\u00e9sent \u00e0 Casablanca, lors d\u2019un d\u00e9bat sur \u00ab les enjeux de la question sociale \u00bb et les solutions de financement. Cette fois-ci, il est l\u00e0 pour d\u00e9battre de son dernier livre \u00ab Id\u00e9ologie [&hellip;]<\/p>\n","protected":false},"author":1787,"featured_media":0,"comment_status":"closed","ping_status":"closed","sticky":false,"template":"","format":"standard","meta":{"fifu_image_url":"","fifu_image_alt":"","footnotes":""},"categories":[78,54],"tags":[],"class_list":["post-73963","post","type-post","status-publish","format-standard","hentry","category-economie","category-maroc"],"_links":{"self":[{"href":"https:\/\/linitiative.ca\/International\/wp-json\/wp\/v2\/posts\/73963","targetHints":{"allow":["GET"]}}],"collection":[{"href":"https:\/\/linitiative.ca\/International\/wp-json\/wp\/v2\/posts"}],"about":[{"href":"https:\/\/linitiative.ca\/International\/wp-json\/wp\/v2\/types\/post"}],"author":[{"embeddable":true,"href":"https:\/\/linitiative.ca\/International\/wp-json\/wp\/v2\/users\/1787"}],"replies":[{"embeddable":true,"href":"https:\/\/linitiative.ca\/International\/wp-json\/wp\/v2\/comments?post=73963"}],"version-history":[{"count":0,"href":"https:\/\/linitiative.ca\/International\/wp-json\/wp\/v2\/posts\/73963\/revisions"}],"wp:attachment":[{"href":"https:\/\/linitiative.ca\/International\/wp-json\/wp\/v2\/media?parent=73963"}],"wp:term":[{"taxonomy":"category","embeddable":true,"href":"https:\/\/linitiative.ca\/International\/wp-json\/wp\/v2\/categories?post=73963"},{"taxonomy":"post_tag","embeddable":true,"href":"https:\/\/linitiative.ca\/International\/wp-json\/wp\/v2\/tags?post=73963"}],"curies":[{"name":"wp","href":"https:\/\/api.w.org\/{rel}","templated":true}]}}