{"id":73966,"date":"2020-01-23T15:53:05","date_gmt":"2020-01-23T20:53:05","guid":{"rendered":"https:\/\/linitiative.ca\/International\/tunisie-video-le-ministre-des-affaires-etrangeres-allemand-a-carthage-pour-presenter-ses-excuses-a-kais-saied\/"},"modified":"2020-01-23T15:53:05","modified_gmt":"2020-01-23T20:53:05","slug":"tunisie-video-le-ministre-des-affaires-etrangeres-allemand-a-carthage-pour-presenter-ses-excuses-a-kais-saied","status":"publish","type":"post","link":"https:\/\/linitiative.ca\/International\/tunisie-video-le-ministre-des-affaires-etrangeres-allemand-a-carthage-pour-presenter-ses-excuses-a-kais-saied\/","title":{"rendered":"Tunisie \u2013 VIDEO\u00a0: Le ministre des affaires \u00e9trang\u00e8res allemand \u00e0 Carthage pour pr\u00e9senter ses excuses \u00e0 Ka\u00efs Sa\u00efed"},"content":{"rendered":"<div class=\"post-cont-in left relative\">\n<p>Le pr\u00e9sident <a href=\"https:\/\/www.tunisienumerique.com\/tunisie-actualite\/kais-saied\/\" title=\"Ka\u00efs Sa\u00efed\" target=\"_top\" class=\"auto-link\" rel=\"noopener noreferrer\">Ka\u00efs Sa\u00efed<\/a> a re\u00e7u, ce jeudi, apr\u00e8s midi, le ministre des affaires \u00e9trang\u00e8res allemand, Heiko Maas, qui a tenu \u00e0 pr\u00e9sent\u00e9 les excuses de son pays pour l\u2019invitation tardive de la Tunisie \u00e0 la conf\u00e9rence de Berlin sur la Libye, r\u00e9it\u00e9rant la volont\u00e9 de l\u2019Allemagne de renforcer les r\u00e9actions bilat\u00e9rales exemplaire entre les deux pays.<\/p>\n<div class=\"code-block code-block-1 c3\"><ins class=\"adsbygoogle c2\" data-ad-layout=\"in-article\" data-ad-format=\"fluid\" data-ad-client=\"ca-pub-2102118777505746\" data-ad-slot=\"7301775417\"\/> <\/div>\n<p>Il a reconnu que la Tunisie devait \u00eatre au premier rang des intervenants dans le dossier libyen.<br \/><iframe loading=\"lazy\" class=\"c4\" src=\"https:\/\/www.facebook.com\/plugins\/video.php?href=https%3A%2F%2Fwww.facebook.com%2FPresidence.tn%2Fvideos%2F187914522601929%2F&#038;show_text=0&#038;width=560\" width=\"560\" height=\"315\" frameborder=\"0\" scrolling=\"no\" allowfullscreen=\"allowfullscreen\">[embedded content]<\/iframe><\/p>\n<div class=\"swp_social_panel swp_horizontal_panel swp_flat_fresh swp_default_full_color swp_individual_full_color swp_other_full_color scale-100 scale-\" data-min-width=\"1100\" data-float-color=\"#ffffff\" data-float=\"bottom\" data-float-mobile=\"bottom\" data-transition=\"slide\">\n<div class=\"nc_tweetContainer swp_share_button total_shares total_sharesalt\"><span class=\"swp_count\">61 <span class=\"swp_label\">Partages<\/span><\/span><\/div>\n<\/div>\n<p><strong>Que se passe-t-il en Tunisie?<\/strong><br \/>Nous expliquons sur notre <a href=\"https:\/\/www.youtube.com\/channel\/UCRzypVq0B_yBad5eGrwBx0Q?sub_confirmation=1\" target=\"_blank\" rel=\"noopener noreferrer\">cha\u00eene YouTube<\/a> . <a href=\"https:\/\/www.youtube.com\/channel\/UCRzypVq0B_yBad5eGrwBx0Q?sub_confirmation=1\" target=\"_blank\" rel=\"noopener noreferrer\">Abonnez-vous!<\/a><\/p>\n<div class=\"mvp-org-wrap mvp-org-logo\" itemprop=\"publisher\" itemscope=\"\" itemtype=\"https:\/\/schema.org\/Organization\"><img decoding=\"async\" src=\"https:\/\/www.tunisienumerique.com\/wp-content\/uploads\/2017\/02\/logo_tunisie_numerique.png\"\/><\/div>\n<div class=\"mvp-related-posts left relative\">\n<h4 class=\"post-header\"><span class=\"post-header\">Lire aussi<\/span><\/h4>\n<\/div>\n<\/div>\n<p>Auteur: LM<br \/>\n<a href=\"https:\/\/www.tunisienumerique.com\/tunisie-video-le-ministre-des-affaires-etrangeres-allemand-a-carthage-pour-presenter-ses-excuses-a-kais-saied\/\">Cliquez ici pour lire l&rsquo;article depuis sa source.<\/a><\/p>\n","protected":false},"excerpt":{"rendered":"<p>Le pr\u00e9sident Ka\u00efs Sa\u00efed a re\u00e7u, ce jeudi, apr\u00e8s midi, le ministre des affaires \u00e9trang\u00e8res allemand, Heiko Maas, qui a tenu \u00e0 pr\u00e9sent\u00e9 les excuses de son pays pour l\u2019invitation tardive de la Tunisie \u00e0 la conf\u00e9rence de Berlin sur la Libye, r\u00e9it\u00e9rant la volont\u00e9 de l\u2019Allemagne de renforcer les r\u00e9actions bilat\u00e9rales exemplaire entre les [&hellip;]<\/p>\n","protected":false},"author":1789,"featured_media":73967,"comment_status":"closed","ping_status":"closed","sticky":false,"template":"","format":"standard","meta":{"fifu_image_url":"","fifu_image_alt":"","footnotes":""},"categories":[73,55],"tags":[],"class_list":["post-73966","post","type-post","status-publish","format-standard","has-post-thumbnail","hentry","category-actualite","category-tunisie"],"_links":{"self":[{"href":"https:\/\/linitiative.ca\/International\/wp-json\/wp\/v2\/posts\/73966","targetHints":{"allow":["GET"]}}],"collection":[{"href":"https:\/\/linitiative.ca\/International\/wp-json\/wp\/v2\/posts"}],"about":[{"href":"https:\/\/linitiative.ca\/International\/wp-json\/wp\/v2\/types\/post"}],"author":[{"embeddable":true,"href":"https:\/\/linitiative.ca\/International\/wp-json\/wp\/v2\/users\/1789"}],"replies":[{"embeddable":true,"href":"https:\/\/linitiative.ca\/International\/wp-json\/wp\/v2\/comments?post=73966"}],"version-history":[{"count":0,"href":"https:\/\/linitiative.ca\/International\/wp-json\/wp\/v2\/posts\/73966\/revisions"}],"wp:featuredmedia":[{"embeddable":true,"href":"https:\/\/linitiative.ca\/International\/wp-json\/"}],"wp:attachment":[{"href":"https:\/\/linitiative.ca\/International\/wp-json\/wp\/v2\/media?parent=73966"}],"wp:term":[{"taxonomy":"category","embeddable":true,"href":"https:\/\/linitiative.ca\/International\/wp-json\/wp\/v2\/categories?post=73966"},{"taxonomy":"post_tag","embeddable":true,"href":"https:\/\/linitiative.ca\/International\/wp-json\/wp\/v2\/tags?post=73966"}],"curies":[{"name":"wp","href":"https:\/\/api.w.org\/{rel}","templated":true}]}}