{"id":73970,"date":"2020-01-23T16:41:03","date_gmt":"2020-01-23T21:41:03","guid":{"rendered":"https:\/\/linitiative.ca\/International\/tunisie-audio-quy-a-t-il-derriere-la-rumeur-de-la-fermeture-prochaine-de-lhopital-de-la-rabta\/"},"modified":"2020-01-23T16:41:03","modified_gmt":"2020-01-23T21:41:03","slug":"tunisie-audio-quy-a-t-il-derriere-la-rumeur-de-la-fermeture-prochaine-de-lhopital-de-la-rabta","status":"publish","type":"post","link":"https:\/\/linitiative.ca\/International\/tunisie-audio-quy-a-t-il-derriere-la-rumeur-de-la-fermeture-prochaine-de-lhopital-de-la-rabta\/","title":{"rendered":"Tunisie \u2013 AUDIO\u00a0: Qu\u2019y a-t-il derri\u00e8re la rumeur de la fermeture prochaine de l\u2019h\u00f4pital de la Rabta ?"},"content":{"rendered":"<div class=\"post-cont-in left relative\">\n<p>Une rumeur a, pour des motivations encore inconnues, \u00e9t\u00e9 lanc\u00e9e en rapport avec la fermeture imminente de l\u2019h\u00f4pital La Rabta. Cette rumeur a \u00e9t\u00e9 largement diffus\u00e9e par les m\u00e9dias et les r\u00e9seaux sociaux, et a, rapidement, pris une ampleur suspecte. Et ce, dans la foul\u00e9e d\u2019une r\u00e9union qui a eu lieu, ce matin, m\u00eame, au si\u00e8ge du minist\u00e8re de la sant\u00e9, pour examiner la situation financi\u00e8re de l\u2019h\u00f4pital, notamment en rapport avec ses dettes non honor\u00e9es par la CNAM.<\/p>\n<div class=\"code-block code-block-1 c3\"><ins class=\"adsbygoogle c2\" data-ad-layout=\"in-article\" data-ad-format=\"fluid\" data-ad-client=\"ca-pub-2102118777505746\" data-ad-slot=\"7301775417\"\/> <\/div>\n<p>Le directeur g\u00e9n\u00e9ral de l\u2019h\u00f4pital, Mongi Khemiri, a d\u00e9menti, dans un entretien t\u00e9l\u00e9phonique avec la r\u00e9daction de TunisieNumerique, \u00a0cette information qui a circul\u00e9 en rapport avec la fermeture de l\u2019h\u00f4pital, assurant qu\u2019au contraire, la r\u00e9union de ce matin a \u00e9t\u00e9 consacr\u00e9e \u00e0 la recherche de solutions pour renflouer les finances de l\u2019h\u00f4pital, mises \u00e0 mal par les dettes impay\u00e9es de la part de la CNAM. Et ce, pour permettre \u00e0 l\u2019\u00e9tablissement de poursuivre une activit\u00e9 normale, et assurer les soins dans des conditions optimales \u00e0 ses usagers.<\/p>\n<p>Le directeur a expliqu\u00e9 que la CNAM a cumul\u00e9 des dettes au profit de l\u2019h\u00f4pital \u00e0 hauteur de 40 milliards par an, sur pr\u00e8s de trois ans. Ce qui a entrain\u00e9 une incapacit\u00e9 de l\u2019institution \u00e0 payer ses fournisseurs, envers les quels elle a cumul\u00e9 une dette s\u2019\u00e9levant \u00e0 48 milliards.<\/p>\n<p>Par ailleurs, une source au minist\u00e8re de la sant\u00e9 a assur\u00e9 que le cabinet de Sonia ben Cheikh est en train de chercher les solutions ad\u00e9quates pour cette situation, et que ces solutions seront d\u00e9taill\u00e9es lors d\u2019une conf\u00e9rence de presse, mardi prochain. La m\u00eame conf\u00e9rence annonc\u00e9e par celui qui a pr\u00e9tendu que l\u2019h\u00f4pital allait fermer ses portes, et au cours de laquelle, il a assur\u00e9 que la d\u00e9cision de la fermeture sera annonc\u00e9e.<\/p>\n<p>Au final, \u00e7\u00e0 a tout l\u2019air d\u2019une machination \u00e0 vis\u00e9e politique, en cette p\u00e9riode de formation du nouveau gouvernement, qui vise \u00e0 accuser la ministre de la sant\u00e9 par int\u00e9rim d\u2019insuffisance, en vue de se d\u00e9barrasser d\u2019une concurrente de taille pour leurs candidats au portefeuille de la sant\u00e9. Sachant qu\u2019autrement, aucun candidat ne pourrait \u00eatre retenu, en pr\u00e9tendant pouvoir abattre la quantit\u00e9 et la qualit\u00e9 de travail qu\u2019est en train d\u2019abattre l\u2019actuelle ministre.<\/p>\n<p>Et tout \u00e7\u00e0, \u00e0 cause de l\u2019incapacit\u00e9 de la direction de la CNAM, et du ministre des affaires sociales, \u00e0 honorer leurs dettes, prenant le risque de remettre en question la p\u00e9rennit\u00e9 des h\u00f4pitaux, comme s\u2019il ne s\u2019agissait que de simples commerces, alors qu\u2019il s\u2019agit de structures vitales de premier ordre, et dont le bon fonctionnement est un des piliers de la paix sociale.<\/p>\n<p><a href=\"https:\/\/www.tunisienumerique.com\/wp-content\/uploads\/2020\/01\/DG-RABTA-MONGI-KHMIRI.mp3\">https:\/\/www.tunisienumerique.com\/wp-content\/uploads\/2020\/01\/DG-RABTA-MONGI-KHMIRI.mp3<\/a><\/p>\n<div class=\"swp_social_panel swp_horizontal_panel swp_flat_fresh swp_default_full_color swp_individual_full_color swp_other_full_color scale-100 scale-\" data-min-width=\"1100\" data-float-color=\"#ffffff\" data-float=\"bottom\" data-float-mobile=\"bottom\" data-transition=\"slide\">\n<div class=\"nc_tweetContainer swp_share_button total_shares total_sharesalt\"><span class=\"swp_count\">13 <span class=\"swp_label\">Partages<\/span><\/span><\/div>\n<\/div>\n<p><strong>Que se passe-t-il en Tunisie?<\/strong><br \/>Nous expliquons sur notre <a href=\"https:\/\/www.youtube.com\/channel\/UCRzypVq0B_yBad5eGrwBx0Q?sub_confirmation=1\" target=\"_blank\" rel=\"noopener noreferrer\">cha\u00eene YouTube<\/a> . <a href=\"https:\/\/www.youtube.com\/channel\/UCRzypVq0B_yBad5eGrwBx0Q?sub_confirmation=1\" target=\"_blank\" rel=\"noopener noreferrer\">Abonnez-vous!<\/a><\/p>\n<div class=\"mvp-org-wrap mvp-org-logo\" itemprop=\"publisher\" itemscope=\"\" itemtype=\"https:\/\/schema.org\/Organization\"><img decoding=\"async\" src=\"https:\/\/www.tunisienumerique.com\/wp-content\/uploads\/2017\/02\/logo_tunisie_numerique.png\"\/><\/div>\n<div class=\"mvp-related-posts left relative\">\n<h4 class=\"post-header\"><span class=\"post-header\">Lire aussi<\/span><\/h4>\n<\/div>\n<\/div>\n<p>Auteur: balkis<br \/>\n<a href=\"https:\/\/www.tunisienumerique.com\/tunisie-audio-quy-a-t-il-derriere-la-rumeur-de-la-fermeture-prochaine-de-lhopital-de-la-rabta\/\">Cliquez ici pour lire l&rsquo;article depuis sa source.<\/a><\/p>\n","protected":false},"excerpt":{"rendered":"<p>Une rumeur a, pour des motivations encore inconnues, \u00e9t\u00e9 lanc\u00e9e en rapport avec la fermeture imminente de l\u2019h\u00f4pital La Rabta. Cette rumeur a \u00e9t\u00e9 largement diffus\u00e9e par les m\u00e9dias et les r\u00e9seaux sociaux, et a, rapidement, pris une ampleur suspecte. Et ce, dans la foul\u00e9e d\u2019une r\u00e9union qui a eu lieu, ce matin, m\u00eame, au [&hellip;]<\/p>\n","protected":false},"author":1789,"featured_media":73971,"comment_status":"closed","ping_status":"closed","sticky":false,"template":"","format":"standard","meta":{"fifu_image_url":"","fifu_image_alt":"","footnotes":""},"categories":[73,55],"tags":[],"class_list":["post-73970","post","type-post","status-publish","format-standard","has-post-thumbnail","hentry","category-actualite","category-tunisie"],"_links":{"self":[{"href":"https:\/\/linitiative.ca\/International\/wp-json\/wp\/v2\/posts\/73970","targetHints":{"allow":["GET"]}}],"collection":[{"href":"https:\/\/linitiative.ca\/International\/wp-json\/wp\/v2\/posts"}],"about":[{"href":"https:\/\/linitiative.ca\/International\/wp-json\/wp\/v2\/types\/post"}],"author":[{"embeddable":true,"href":"https:\/\/linitiative.ca\/International\/wp-json\/wp\/v2\/users\/1789"}],"replies":[{"embeddable":true,"href":"https:\/\/linitiative.ca\/International\/wp-json\/wp\/v2\/comments?post=73970"}],"version-history":[{"count":0,"href":"https:\/\/linitiative.ca\/International\/wp-json\/wp\/v2\/posts\/73970\/revisions"}],"wp:featuredmedia":[{"embeddable":true,"href":"https:\/\/linitiative.ca\/International\/wp-json\/"}],"wp:attachment":[{"href":"https:\/\/linitiative.ca\/International\/wp-json\/wp\/v2\/media?parent=73970"}],"wp:term":[{"taxonomy":"category","embeddable":true,"href":"https:\/\/linitiative.ca\/International\/wp-json\/wp\/v2\/categories?post=73970"},{"taxonomy":"post_tag","embeddable":true,"href":"https:\/\/linitiative.ca\/International\/wp-json\/wp\/v2\/tags?post=73970"}],"curies":[{"name":"wp","href":"https:\/\/api.w.org\/{rel}","templated":true}]}}