{"id":73972,"date":"2020-01-23T17:14:10","date_gmt":"2020-01-23T22:14:10","guid":{"rendered":"https:\/\/linitiative.ca\/International\/tunisie-pourquoi-ghannouchi-conduit-il-lui-meme-les-negociations-dennahdha-avec-fakhfakh\/"},"modified":"2020-01-23T17:14:10","modified_gmt":"2020-01-23T22:14:10","slug":"tunisie-pourquoi-ghannouchi-conduit-il-lui-meme-les-negociations-dennahdha-avec-fakhfakh","status":"publish","type":"post","link":"https:\/\/linitiative.ca\/International\/tunisie-pourquoi-ghannouchi-conduit-il-lui-meme-les-negociations-dennahdha-avec-fakhfakh\/","title":{"rendered":"Tunisie \u2013 Pourquoi Ghannouchi conduit-il lui-m\u00eame les n\u00e9gociations d\u2019Ennahdha avec Fakhfakh ?"},"content":{"rendered":"<div class=\"post-cont-in left relative\">\n<p>Le Cheikh <a href=\"https:\/\/www.tunisienumerique.com\/tunisie-actualite\/rached-ghannouchi\/\" title=\"Rached Ghannouchi\" target=\"_top\" class=\"auto-link\" rel=\"noopener noreferrer\">Rached Ghannouchi<\/a>, a \u00f4t\u00e9, ce jeudi, son costume de pr\u00e9sident du parlement, pour mettre sa djebba de pr\u00e9sident d\u2019<a href=\"https:\/\/www.tunisienumerique.com\/tunisie-actualite\/ennahdha\/\" title=\"Ennahdha\" target=\"_top\" class=\"auto-link\" rel=\"noopener noreferrer\">Ennahdha<\/a>. Il a, en effet, tenu \u00e0 conduire, lui-m\u00eame, la d\u00e9l\u00e9gation de son parti, pour les n\u00e9gociations avec le chef du gouvernement charg\u00e9, <a href=\"https:\/\/www.tunisienumerique.com\/tunisie-actualite\/elyes-fakhfakh\/\" title=\"Elyes Fakhfakh\" target=\"_top\" class=\"auto-link\" rel=\"noopener noreferrer\">Elyes Fakhfakh<\/a>.<\/p>\n<div class=\"code-block code-block-1 c3\"><ins class=\"adsbygoogle c2\" data-ad-layout=\"in-article\" data-ad-format=\"fluid\" data-ad-client=\"ca-pub-2102118777505746\" data-ad-slot=\"7301775417\"\/> <\/div>\n<p>Ce comportement soul\u00e8ve plusieurs questionnements, \u00e0 savoir \u00e0 quel point Rached Ghannouchi va-t-il bafouer les r\u00e8gles de l\u2019\u00e9thique politique, et cumuler ses fonctions \u00e0 la t\u00eate d\u2019Ennahdha avec celles de pr\u00e9sident de l\u2019ARP\u00a0? Jusqu\u2019\u00e0 quand va-t-il ignorer que cette situation est source de conflits d\u2019int\u00e9r\u00eats, le poussant \u00e0 \u00eatre, souvent, juge et parti pour d\u00e9partager les diff\u00e9rents blocs parlementaires\u00a0?<\/p>\n<p>D\u2019un autre c\u00f4t\u00e9, il serait l\u00e9gitime de se poser la question de savoir ce qui pousse Ghannouchi \u00e0 ce comportement compromettant\u00a0? Est-ce, \u00e0 ce point, qu\u2019il na pas confiance en ses troupes, pour insister \u00e0 conduire les n\u00e9gociations en personne\u00a0? A-t-il peur que ses lieutenants lui jouent un sale tour et le coiffent au poteau, en faisant barrage \u00e0 son cercle d\u2019inconditionnels d\u2019acc\u00e9der au gouvernement, ce qui l\u2019isolerait de la sc\u00e8ne politique et des cercles du pouvoir, le cantonnant \u00e0 sa chaire du Bardo\u00a0?<\/p>\n<p>Toujours est-il, et quelle qu\u2019en soit la cause, il est inadmissible que ces fr\u00e8res musulmans continuent \u00e0 malmener la politique et les r\u00e8gles de la politique, \u00e0 leur aise, et \u00e0 asservir les appareils de l\u2019Etat, pour s\u2019assurer le pouvoir absolu.<\/p>\n<p>Ghannouchi et ses proches vont, certainement, r\u00e9pliquer qu\u2019il n\u2019y a aucun texte interdisant le cumul entre la pr\u00e9sidence de l\u2019ARP et celle d\u2019un parti. Mais ils oublient qu\u2019il ya des r\u00e8gles d\u2019\u00e9thique, m\u00eame en politique, qu\u2019il ne faudrait pas bafouer, au risque de pourrir encore plus, le paysage d\u00e9j\u00e0 infecte de la sc\u00e8ne politique.<\/p>\n<div class=\"swp_social_panel swp_horizontal_panel swp_flat_fresh swp_default_full_color swp_individual_full_color swp_other_full_color scale-100 scale-\" data-min-width=\"1100\" data-float-color=\"#ffffff\" data-float=\"bottom\" data-float-mobile=\"bottom\" data-transition=\"slide\">\n<div class=\"nc_tweetContainer swp_share_button total_shares total_sharesalt\"><span class=\"swp_count\">1 <span class=\"swp_label\">Partages<\/span><\/span><\/div>\n<\/div>\n<p><strong>Que se passe-t-il en Tunisie?<\/strong><br \/>Nous expliquons sur notre <a href=\"https:\/\/www.youtube.com\/channel\/UCRzypVq0B_yBad5eGrwBx0Q?sub_confirmation=1\" target=\"_blank\" rel=\"noopener noreferrer\">cha\u00eene YouTube<\/a> . <a href=\"https:\/\/www.youtube.com\/channel\/UCRzypVq0B_yBad5eGrwBx0Q?sub_confirmation=1\" target=\"_blank\" rel=\"noopener noreferrer\">Abonnez-vous!<\/a><\/p>\n<div class=\"mvp-org-wrap mvp-org-logo\" itemprop=\"publisher\" itemscope=\"\" itemtype=\"https:\/\/schema.org\/Organization\"><img decoding=\"async\" src=\"https:\/\/www.tunisienumerique.com\/wp-content\/uploads\/2017\/02\/logo_tunisie_numerique.png\"\/><\/div>\n<div class=\"mvp-related-posts left relative\">\n<h4 class=\"post-header\"><span class=\"post-header\">Lire aussi<\/span><\/h4>\n<\/div>\n<\/div>\n<p>Auteur: Ramsis<br \/>\n<a href=\"https:\/\/www.tunisienumerique.com\/tunisie-pourquoi-ghannouchi-conduit-il-lui-meme-les-negociations-dennahdha-avec-fakhfakh\/\">Cliquez ici pour lire l&rsquo;article depuis sa source.<\/a><\/p>\n","protected":false},"excerpt":{"rendered":"<p>Le Cheikh Rached Ghannouchi, a \u00f4t\u00e9, ce jeudi, son costume de pr\u00e9sident du parlement, pour mettre sa djebba de pr\u00e9sident d\u2019Ennahdha. Il a, en effet, tenu \u00e0 conduire, lui-m\u00eame, la d\u00e9l\u00e9gation de son parti, pour les n\u00e9gociations avec le chef du gouvernement charg\u00e9, Elyes Fakhfakh. Ce comportement soul\u00e8ve plusieurs questionnements, \u00e0 savoir \u00e0 quel point [&hellip;]<\/p>\n","protected":false},"author":1789,"featured_media":73973,"comment_status":"closed","ping_status":"closed","sticky":false,"template":"","format":"standard","meta":{"fifu_image_url":"","fifu_image_alt":"","footnotes":""},"categories":[73,55],"tags":[],"class_list":["post-73972","post","type-post","status-publish","format-standard","has-post-thumbnail","hentry","category-actualite","category-tunisie"],"_links":{"self":[{"href":"https:\/\/linitiative.ca\/International\/wp-json\/wp\/v2\/posts\/73972","targetHints":{"allow":["GET"]}}],"collection":[{"href":"https:\/\/linitiative.ca\/International\/wp-json\/wp\/v2\/posts"}],"about":[{"href":"https:\/\/linitiative.ca\/International\/wp-json\/wp\/v2\/types\/post"}],"author":[{"embeddable":true,"href":"https:\/\/linitiative.ca\/International\/wp-json\/wp\/v2\/users\/1789"}],"replies":[{"embeddable":true,"href":"https:\/\/linitiative.ca\/International\/wp-json\/wp\/v2\/comments?post=73972"}],"version-history":[{"count":0,"href":"https:\/\/linitiative.ca\/International\/wp-json\/wp\/v2\/posts\/73972\/revisions"}],"wp:featuredmedia":[{"embeddable":true,"href":"https:\/\/linitiative.ca\/International\/wp-json\/"}],"wp:attachment":[{"href":"https:\/\/linitiative.ca\/International\/wp-json\/wp\/v2\/media?parent=73972"}],"wp:term":[{"taxonomy":"category","embeddable":true,"href":"https:\/\/linitiative.ca\/International\/wp-json\/wp\/v2\/categories?post=73972"},{"taxonomy":"post_tag","embeddable":true,"href":"https:\/\/linitiative.ca\/International\/wp-json\/wp\/v2\/tags?post=73972"}],"curies":[{"name":"wp","href":"https:\/\/api.w.org\/{rel}","templated":true}]}}