{"id":73976,"date":"2020-01-23T15:20:28","date_gmt":"2020-01-23T20:20:28","guid":{"rendered":"https:\/\/linitiative.ca\/International\/levee-de-limmunite-parlementaire-de-guillaume-soro-et-cieca-coince-davantage-pour-bogota-et-les-siens\/"},"modified":"2020-01-23T15:20:28","modified_gmt":"2020-01-23T20:20:28","slug":"levee-de-limmunite-parlementaire-de-guillaume-soro-et-cieca-coince-davantage-pour-bogota-et-les-siens","status":"publish","type":"post","link":"https:\/\/linitiative.ca\/International\/levee-de-limmunite-parlementaire-de-guillaume-soro-et-cieca-coince-davantage-pour-bogota-et-les-siens\/","title":{"rendered":"LEVEE DE L\u2019IMMUNITE PARLEMENTAIRE DE GUILLAUME SORO ET CIE:\u00c7a coince davantage pour Bogota* et les siens"},"content":{"rendered":"<div class=\"stream-item stream-item-above-post-content\">\n<p><noscript><\/p>\n<p><a href=\"\/\/www3.smartadserver.com\/ac?jump=1&#038;nwid=2136&#038;siteid=240610&#038;pgname=rg&#038;fmtid=49046&#038;visit=m&#038;tmstp=[timestamp]&#038;out=nonrich\" target=\"_blank\" rel=\"noopener noreferrer\"><img decoding=\"async\" src=\"\/\/www3.smartadserver.com\/ac?out=nonrich&#038;nwid=2136&#038;siteid=240610&#038;pgname=rg&#038;fmtid=49046&#038;visit=m&#038;tmstp=[timestamp]\" border=\"0\" alt=\"\"\/><\/a><\/p>\n<p><\/noscript><\/div>\n<p class=\"c3\">Quel avenir politique pour Guillaume Soro en C\u00f4te d\u2019Ivoire\u00a0? Telle est la question que l\u2019on pourrait se poser, au regard des tuiles qui ne cessent de lui tomber sur la t\u00eate. En effet, en froid avec le pr\u00e9sident Alassane Ouattara et subtilement \u00e9cart\u00e9 du perchoir, l\u2019ex-pr\u00e9sident de l\u2019Assembl\u00e9e nationale ivoirienne qui a tent\u00e9 un retour au pays en d\u00e9cembre dernier apr\u00e8s une tourn\u00e9e europ\u00e9enne \u00e0 la faveur de laquelle il a annonc\u00e9 sa candidature \u00e0 la pr\u00e9sidentielle d\u2019octobre prochain, s\u2019est, du jour au lendemain, retrouv\u00e9 dans la peau d\u2019un fugitif contraint \u00e0 l\u2019exil. Qui plus est, avec un mandat d\u2019arr\u00eat international sur le dos, \u00a0lanc\u00e9 par les autorit\u00e9s ivoiriennes \u00e0 son encontre, pour tentative d\u2019atteinte \u00e0 la s\u00fbret\u00e9 de l\u2019Etat. S\u2019il n\u2019a pas \u00e9t\u00e9 difficile pour le pouvoir d\u2019Abidjan d\u2019obtenir la lev\u00e9e de l\u2019immunit\u00e9 parlementaire du d\u00e9put\u00e9 de Ferk\u00e9ss\u00e9dougou, avec, au passage, celle de cinq autres de ses proches arr\u00eat\u00e9s dans la foul\u00e9e de son retour manqu\u00e9 et maintenus en d\u00e9tention depuis le 23 d\u00e9cembre dernier, reste que la proc\u00e9dure pour y parvenir fait des gorges chaudes en C\u00f4te d\u2019Ivoire.<\/p>\n<p class=\"c3\"><strong>L\u2019horizon s\u2019assombrit de plus en plus pour l\u2019ex-chef rebelle<\/strong><\/p>\n<p class=\"c3\">Elle est fortement contest\u00e9e par trois groupes parlementaires de l\u2019opposition. En effet, ces derniers y voient une d\u00e9cision ill\u00e9gale parce que la demande de cette lev\u00e9e d\u2019immunit\u00e9 parlementaire \u00e9mane d\u2019un parti, en l\u2019occurrence le RHDP (Rassemblement des Houphou\u00e9tistes pour la d\u00e9mocratie et la paix) au pouvoir. Aussi, argumentant qu\u2019 \u00ab\u00a0<em>aucun parlementaire, aucun groupe parlementaire, ne peut demander la lev\u00e9e de l\u2019immunit\u00e9 parlementaire d\u2019un autre coll\u00e8gue\u00a0\u00bb,<\/em> toute chose qui est <em>\u00ab\u00a0une\u00a0 pr\u00e9rogative exclusive du parquet\u00a0<\/em>\u00bb, les groupes parlementaires PDCI et RDA, <em>Vox Populi<\/em> et Rassemblement, puisque c\u2019est d\u2019eux qu\u2019il s\u2019agit,\u00a0 \u00ab\u00a0<em>exigent donc la suspension des poursuites engag\u00e9es contre les d\u00e9put\u00e9s de l\u2019opposition et demandent la suspension imm\u00e9diate de leur d\u00e9tention\u00a0<\/em>\u00bb.\u00a0 Seront-ils entendus\u00a0? On attend de voir.<\/p>\n<p class=\"c3\">Mais le moins que l\u2019on puisse dire, c\u2019est que l\u2019horizon s\u2019assombrit de plus en plus pour l\u2019ex-chef rebelle qui se croit pourtant promis \u00e0 un destin national, au-del\u00e0 des hautes fonctions qu\u2019il a jusque-l\u00e0 occup\u00e9es. Et \u00e7a coince d\u2019autant plus pour <em>Bogota<\/em> et les siens que la lev\u00e9e de leur immunit\u00e9 parlementaire les expose d\u00e9sormais au couperet de la Justice ivoirienne qui peine encore \u00e0 prouver son ind\u00e9pendance et dont les d\u00e9cisions sont la plupart du temps diff\u00e9remment appr\u00e9ci\u00e9es selon qu\u2019on se trouve du c\u00f4t\u00e9 du pouvoir ou de l\u2019opposition. Et nul besoin de dire qu\u2019en la mati\u00e8re, chacun voit souvent midi \u00e0 sa porte. Quoi qu\u2019il en soit, dans cette affaire, s\u2019il y a quelqu\u2019un qui a int\u00e9r\u00eat \u00e0 ce que la proc\u00e9dure soit conduite dans les r\u00e8gles de l\u2019art, c\u2019est bien le pouvoir, pour autant qu\u2019il ne veuille pas pr\u00eater le flanc \u00e0 la critique. Autrement, si l\u2019histoire devait donner raison \u00e0 l\u2019opposition, il y aurait des raisons de croire \u00e0 un acharnement sur fond de r\u00e8glement de comptes politiques, contre un ex-alli\u00e9 devenu g\u00eanant et cela, m\u00eame si ce dernier a aussi des choses \u00e0 se reprocher. La d\u00e9mocratie ne se construit pas sur de telles consid\u00e9rations.<\/p>\n<p class=\"c3\"><strong>Tout porte \u00e0 croire que l\u2019ex-secr\u00e9taire g\u00e9n\u00e9ral revendiqu\u00e9 du mouvement rebelle de Bouak\u00e9, ne sera pas sur la ligne de d\u00e9part de la prochaine pr\u00e9sidentielle<\/strong><\/p>\n<p class=\"c3\">Cela dit, en prenant ses distances avec ADO, Guillaume Soro a-t-il sci\u00e9 (sciemment ou inconsciemment) la branche sur laquelle il \u00e9tait assis\u00a0? La question m\u00e9rite d\u2019autant plus d\u2019\u00eatre pos\u00e9e qu\u2019avec cette avalanche de d\u00e9boires judiciaires, l\u2019on se demande si les carottes ne sont pas cuites pour le candidat d\u00e9clar\u00e9 \u00e0 la pr\u00e9sidentielle d\u2019octobre prochain qu\u2019il se veut. Car, \u00e0 neuf mois du scrutin, l\u2019on ne voit pas comment Guillaume Soro pourrait se d\u00e9gager des fourches caudines de la Justice ivoirienne pour satisfaire son ambition de briguer la magistrature supr\u00eame dans son pays. Sans oublier le mandat d\u2019arr\u00eat de la Justice burkinab\u00e8,\u00a0 qui avait \u00e9t\u00e9 diplomatiquement mis en berne pour ne pas brouiller les relations entre les deux pays. \u00a0C\u2019est dire si Guillaume Soro est dans de beaux draps et a vraiment du mourron \u00e0 se faire.<\/p>\n<p class=\"c3\">A dire vrai, malgr\u00e9 ses agitations, tout porte \u00e0 croire que 18 ans apr\u00e8s l\u2019\u00e9clatement de la r\u00e9bellion, l\u2019ex-secr\u00e9taire g\u00e9n\u00e9ral revendiqu\u00e9 du mouvement rebelle de Bouak\u00e9, ne sera pas sur la ligne de d\u00e9part de la prochaine pr\u00e9sidentielle dans son pays. Et au-del\u00e0, l\u2019on peut m\u00eame\u00a0 s\u2019interroger sur la suite de sa carri\u00e8re politique. D\u2019autant qu\u2019\u00e0 l\u2019int\u00e9rieur du pays, l\u2019\u00e9tau semble se resserrer aussi autour de ses proches alors que tout au long de son parcours, il s\u2019est aussi fait de nombreux ennemis qui se comptent dans toutes les chapelles politiques. C\u2019est pourquoi la situation que vit aujourd\u2019hui l\u2019ex-num\u00e9ro deux du r\u00e9gime d\u2019Abidjan devenu <em>persona non grata<\/em> dans son propre pays, peut \u00eatre une forme d\u2019interpellation pour la jeunesse africaine. Et l\u2019on continue de se demander o\u00f9 est-ce que le b\u00e2t a bien pu blesser entre ADO et \u00ab\u00a0<em>son prot\u00e9g\u00e9<\/em>\u00a0\u00bb, pour que l\u2019enfant chouchou d\u2019hier devienne subitement le pestif\u00e9r\u00e9 d\u2019aujourd\u2019hui. Faut-il finalement croire ceux qui soutiennent que Soro est un homme press\u00e9 victime de ses ambitions ?<\/p>\n<p class=\"c3\">L\u2019histoire nous le dira. En attendant, on continue de se demander d\u2019o\u00f9 est venue la rupture entre ADO et l\u2019ex-chef rebelle reconverti en ap\u00f4tre de la d\u00e9mocratie et en qui d\u2019aucuns voyaient le dauphin putatif du chef de l\u2019Etat ivoirien \u00e0 une certaine \u00e9poque.<\/p>\n<p class=\"c3\"><strong><em>\u00ab\u00a0Le Pays\u00a0\u00bb<\/em><\/strong><\/p>\n<p><strong><em>* Bogota\u00a0<\/em><\/strong><strong>: surnom donn\u00e9 \u00e0 Guillaume Soro<\/strong><\/p>\n<p>Auteur: Le Pays<br \/>\n<a href=\"http:\/\/lepays.bf\/levee-de-limmunite-parlementaire-de-guillaume-soro-et-cieca-coince-davantage-pour-bogota-et-les-siens\/\">Cliquez ici pour lire l&rsquo;article depuis sa source.<\/a><\/p>\n","protected":false},"excerpt":{"rendered":"<p>Quel avenir politique pour Guillaume Soro en C\u00f4te d\u2019Ivoire\u00a0? Telle est la question que l\u2019on pourrait se poser, au regard des tuiles qui ne cessent de lui tomber sur la t\u00eate. En effet, en froid avec le pr\u00e9sident Alassane Ouattara et subtilement \u00e9cart\u00e9 du perchoir, l\u2019ex-pr\u00e9sident de l\u2019Assembl\u00e9e nationale ivoirienne qui a tent\u00e9 un retour [&hellip;]<\/p>\n","protected":false},"author":1813,"featured_media":0,"comment_status":"closed","ping_status":"closed","sticky":false,"template":"","format":"standard","meta":{"fifu_image_url":"","fifu_image_alt":"","footnotes":""},"categories":[73,81],"tags":[],"class_list":["post-73976","post","type-post","status-publish","format-standard","hentry","category-actualite","category-burkina-faso"],"_links":{"self":[{"href":"https:\/\/linitiative.ca\/International\/wp-json\/wp\/v2\/posts\/73976","targetHints":{"allow":["GET"]}}],"collection":[{"href":"https:\/\/linitiative.ca\/International\/wp-json\/wp\/v2\/posts"}],"about":[{"href":"https:\/\/linitiative.ca\/International\/wp-json\/wp\/v2\/types\/post"}],"author":[{"embeddable":true,"href":"https:\/\/linitiative.ca\/International\/wp-json\/wp\/v2\/users\/1813"}],"replies":[{"embeddable":true,"href":"https:\/\/linitiative.ca\/International\/wp-json\/wp\/v2\/comments?post=73976"}],"version-history":[{"count":0,"href":"https:\/\/linitiative.ca\/International\/wp-json\/wp\/v2\/posts\/73976\/revisions"}],"wp:attachment":[{"href":"https:\/\/linitiative.ca\/International\/wp-json\/wp\/v2\/media?parent=73976"}],"wp:term":[{"taxonomy":"category","embeddable":true,"href":"https:\/\/linitiative.ca\/International\/wp-json\/wp\/v2\/categories?post=73976"},{"taxonomy":"post_tag","embeddable":true,"href":"https:\/\/linitiative.ca\/International\/wp-json\/wp\/v2\/tags?post=73976"}],"curies":[{"name":"wp","href":"https:\/\/api.w.org\/{rel}","templated":true}]}}