{"id":73977,"date":"2020-01-23T15:50:01","date_gmt":"2020-01-23T20:50:01","guid":{"rendered":"https:\/\/linitiative.ca\/International\/vote-des-burkinabe-de-letranger-le-code-electoral-modifie-a-minima\/"},"modified":"2020-01-23T15:50:01","modified_gmt":"2020-01-23T20:50:01","slug":"vote-des-burkinabe-de-letranger-le-code-electoral-modifie-a-minima","status":"publish","type":"post","link":"https:\/\/linitiative.ca\/International\/vote-des-burkinabe-de-letranger-le-code-electoral-modifie-a-minima\/","title":{"rendered":"Vote des Burkinab\u00e8 de l\u2019\u00e9tranger : le Code \u00e9lectoral modifi\u00e9 \u00e0  minima"},"content":{"rendered":"<div class=\"td-post-featured-image\"><a href=\"https:\/\/i1.wp.com\/www.sidwaya.info\/wp-content\/uploads\/2020\/01\/1-39.jpg?fit=595%2C397&#038;ssl=1\" data-caption=\"\"><img loading=\"lazy\" decoding=\"async\" width=\"595\" height=\"397\" class=\"entry-thumb td-modal-image\" src=\"https:\/\/i1.wp.com\/www.sidwaya.info\/wp-content\/uploads\/2020\/01\/1-39.jpg?resize=595%2C397&#038;ssl=1\" srcset=\"https:\/\/i1.wp.com\/www.sidwaya.info\/wp-content\/uploads\/2020\/01\/1-39.jpg?w=595&#038;ssl=1 595w, https:\/\/i1.wp.com\/www.sidwaya.info\/wp-content\/uploads\/2020\/01\/1-39.jpg?resize=300%2C200&#038;ssl=1 300w\" sizes=\"auto, (max-width: 595px) 100vw, 595px\" alt=\"\" title=\"1\"\/><\/a><\/div>\n<p><strong>Les d\u00e9put\u00e9s ont adopt\u00e9, le jeudi 23 janvier 2020 la loi modificative du Code \u00e9lectoral et deux r\u00e9solutions d\u2019enqu\u00eates parlementaires sur la promotion immobili\u00e8re et la t\u00e9l\u00e9phonie au Burkina Faso.<\/strong><\/p>\n<p>La relecture \u00e0 minima du Code \u00e9lectoral, recommand\u00e9e par le dialogue politique tenu en juillet 2019 en vue de prendre en compte les positions consensuelles, est effective. La loi portant modification du texte a \u00e9t\u00e9 adopt\u00e9e par les d\u00e9put\u00e9s lors de la pl\u00e9ni\u00e8re du jeudi 23 janvier 2020 avec 122 voix pour et une abstention. La r\u00e9vision porte sur certains articles, et concerne le vote des Burkinab\u00e8 de l\u2019ext\u00e9rieur, notamment les op\u00e9rations \u00e9lectorales et sur le m\u00e9canisme de compilation des r\u00e9sultats des scrutins. En effet, la nouvelle loi indique d\u2019en dehors des ambassades et des consulats g\u00e9n\u00e9raux initialement pr\u00e9vus pour abriter les op\u00e9rations de votes, celles-ci sont d\u00e9sormais autoris\u00e9es en tout autre lieu, en accord avec le pays d\u2019accueil. \u00ab En cas de n\u00e9cessit\u00e9, il est cr\u00e9\u00e9 plusieurs bureaux de vote dans l\u2019enceinte des ambassades et consulats g\u00e9n\u00e9raux du Burkina Faso et en tout autre lieu en accord avec les pays h\u00f4tes \u00bb, pr\u00e9cise l\u2019article 72 r\u00e9vis\u00e9. Le texte prend \u00e9galement en compte le contentieux li\u00e9 au vote \u00e0 l\u2019\u00e9tranger, le fuseau horaire et l\u2019utilisation de la carte d\u2019\u00e9lecteur pour une p\u00e9riode transitoire qui va jusqu\u2019en d\u00e9cembre 2021. Auparavant, lors du d\u00e9bat g\u00e9n\u00e9ral, les parlementaires ont \u00e9mis des inqui\u00e9tudes concernant la tenue des \u00e9lections dans certaines r\u00e9gions du pays au regard de l\u2019ins\u00e9curit\u00e9 qui y pr\u00e9vaut. Pour le d\u00e9put\u00e9-maire de Dori, Aziz Diallo, la situation est de plus en plus pr\u00e9occupante dans la r\u00e9gion du Sahel avec des villages et des communes qui se vident de leurs habitants. \u00ab Peut-on parler d\u2019\u00e9lection \u00e0 une personne qui fuit les attaques terroristes pour chercher un lieu de refuge ? \u00bb, s\u2019est-il interrog\u00e9.<\/p>\n<div class=\"td-a-rec td-a-rec-id-content_inline tdi_30_1a3 td_block_template_1\"><a href=\"https:\/\/www.sidwaya.info\/wp-content\/uploads\/2019\/12\/Bandeau-sitebonneannee.jpg\"><img loading=\"lazy\" decoding=\"async\" class=\"aligncenter size-full wp-image-17812\" src=\"https:\/\/www.sidwaya.info\/wp-content\/uploads\/2019\/12\/Bandeau-sitebonneannee.jpg\" alt=\"\" width=\"720\" height=\"90\"\/><\/a><\/div>\n<p>De son avis, la question du vote des Burkinab\u00e8 de l\u2019ext\u00e9rieur cristallise les attentions, mais cela ne doit pas faire perdre de vue la r\u00e9alit\u00e9 \u00e0 laquelle les \u00e9lecteurs font face \u00e0 l\u2019interne. Et son coll\u00e8gue Ag Al Mahouna de l\u2019Oudallan de rench\u00e9rir : \u00ab en dehors de Gorom-Gorom, les autres communes de la province ne sont plus habit\u00e9es, toutes les populations ayant fui par crainte des horreurs des groupes terroristes \u00bb. Certains parlementaires se demandaient s\u2019il ne fallait pas mettre un terme au processus du vote de la diaspora dont le co\u00fbt est estim\u00e9 \u00e0 30 milliards F CFA et utiliser cet argent pour la s\u00e9curisation des op\u00e9rations de votes dans les zones du Sahel, de l\u2019Est, du Nord et du Centre-Nord. Pour le ministre d\u2019Etat en charge de l\u2019administration territoriale, de la d\u00e9centralisation et de la coh\u00e9sion sociale, Sim\u00e9on Sawadogo, le projet de loi soumis par le gouvernement traduit l\u2019engagement du pr\u00e9sident du Faso pour la mise en \u0153uvre des recommandations du dialogue politique. Sur la faible participation des Burkinab\u00e8 de l\u2019ext\u00e9rieur \u00e0 l\u2019enr\u00f4lement, le ministre Sawadogo s\u2019est voulu clair :<br \/>\u00ab L\u2019Etat prend les dispositions pour permettre au processus \u00e9lectoral de se d\u00e9rouler, mais il appartient aux partis politiques de sensibiliser leurs militants \u00e0 prendre part aux op\u00e9rations \u00bb.<\/p>\n<p>Au cours de cette pl\u00e9ni\u00e8re, les d\u00e9put\u00e9s ont \u00e9galement adopt\u00e9 deux r\u00e9solutions portant cr\u00e9ation de commissions d\u2019enqu\u00eates parlementaires, l\u2019une sur le syst\u00e8me de t\u00e9l\u00e9phonie mobile et l\u2019autre sur les pratiques de promotion immobili\u00e8re au Burkina Faso. Concernant la t\u00e9l\u00e9phonie mobile, les enqu\u00eates, selon les d\u00e9put\u00e9s vont porter, entre autres, sur la qualit\u00e9 des services offerts par les soci\u00e9t\u00e9s qui op\u00e8rent au Burkina Faso, le syst\u00e8me de facturation, le respect de la r\u00e9glementation fiscale, financi\u00e8re et comptable en vigueur. A en croire certains parlementaires, les probl\u00e8mes fonciers constituent une bombe sociale qui risque de faire de nombreux d\u00e9g\u00e2ts si rien n\u2019est fait pour emp\u00eacher son explosion. Il s\u2019agit donc, \u00e0 travers cette enqu\u00eate sur la promotion immobili\u00e8re, de s\u2019enqu\u00e9rir des types de contr\u00f4les effectu\u00e9s par le gouvernement sur les soci\u00e9t\u00e9s immobili\u00e8res et leur pertinence, les moyens de contr\u00f4les des acquisitions fonci\u00e8res des promoteurs priv\u00e9s, les pratiques relatives au changement de destination des acquisitions fonci\u00e8res dans le domaine immobilier, la r\u00e9gularit\u00e9 de la vente des biens immobiliers etc. Le pr\u00e9sident de l\u2019Assembl\u00e9e nationale, Alassane Bala Sakand\u00e9, ,s\u2019est r\u00e9joui de l\u2019adoption des r\u00e9solutions qui vont permettre de lutter contre l\u2019arnaque des populations.<\/p>\n<p class=\"c1\"><strong>Beyon Romain NEBIE<\/strong><br \/><strong>nbeyonromain@yahoo.fr<\/strong><\/p>\n<div class=\"td-a-rec td-a-rec-id-content_bottom tdi_31_5ba td_block_template_1\"><img loading=\"lazy\" decoding=\"async\" class=\"aligncenter size-full wp-image-9623\" src=\"https:\/\/www.sidwaya.info\/wp-content\/uploads\/2019\/06\/Projet-bannie%CC%80re-Orange-mobile.jpg\" alt=\"\" width=\"728\" height=\"81\"\/><\/div>\n<p>Auteur: DD. Sidwaya<br \/>\n<a href=\"https:\/\/www.sidwaya.info\/blog\/2020\/01\/23\/vote-des-burkinabe-de-letranger-le-code-electoral-modifie-a-minima\/\">Cliquez ici pour lire l&rsquo;article depuis sa source.<\/a><\/p>\n","protected":false},"excerpt":{"rendered":"<p>Les d\u00e9put\u00e9s ont adopt\u00e9, le jeudi 23 janvier 2020 la loi modificative du Code \u00e9lectoral et deux r\u00e9solutions d\u2019enqu\u00eates parlementaires sur la promotion immobili\u00e8re et la t\u00e9l\u00e9phonie au Burkina Faso. La relecture \u00e0 minima du Code \u00e9lectoral, recommand\u00e9e par le dialogue politique tenu en juillet 2019 en vue de prendre en compte les positions consensuelles, [&hellip;]<\/p>\n","protected":false},"author":1816,"featured_media":0,"comment_status":"closed","ping_status":"closed","sticky":false,"template":"","format":"standard","meta":{"fifu_image_url":"","fifu_image_alt":"","footnotes":""},"categories":[73,81],"tags":[],"class_list":["post-73977","post","type-post","status-publish","format-standard","hentry","category-actualite","category-burkina-faso"],"_links":{"self":[{"href":"https:\/\/linitiative.ca\/International\/wp-json\/wp\/v2\/posts\/73977","targetHints":{"allow":["GET"]}}],"collection":[{"href":"https:\/\/linitiative.ca\/International\/wp-json\/wp\/v2\/posts"}],"about":[{"href":"https:\/\/linitiative.ca\/International\/wp-json\/wp\/v2\/types\/post"}],"author":[{"embeddable":true,"href":"https:\/\/linitiative.ca\/International\/wp-json\/wp\/v2\/users\/1816"}],"replies":[{"embeddable":true,"href":"https:\/\/linitiative.ca\/International\/wp-json\/wp\/v2\/comments?post=73977"}],"version-history":[{"count":0,"href":"https:\/\/linitiative.ca\/International\/wp-json\/wp\/v2\/posts\/73977\/revisions"}],"wp:attachment":[{"href":"https:\/\/linitiative.ca\/International\/wp-json\/wp\/v2\/media?parent=73977"}],"wp:term":[{"taxonomy":"category","embeddable":true,"href":"https:\/\/linitiative.ca\/International\/wp-json\/wp\/v2\/categories?post=73977"},{"taxonomy":"post_tag","embeddable":true,"href":"https:\/\/linitiative.ca\/International\/wp-json\/wp\/v2\/tags?post=73977"}],"curies":[{"name":"wp","href":"https:\/\/api.w.org\/{rel}","templated":true}]}}