{"id":73979,"date":"2020-01-23T14:18:11","date_gmt":"2020-01-23T19:18:11","guid":{"rendered":"https:\/\/linitiative.ca\/International\/le-trafic-de-medicaments-mamelle-du-terrorisme-en-afrique\/"},"modified":"2020-01-23T14:18:11","modified_gmt":"2020-01-23T19:18:11","slug":"le-trafic-de-medicaments-mamelle-du-terrorisme-en-afrique","status":"publish","type":"post","link":"https:\/\/linitiative.ca\/International\/le-trafic-de-medicaments-mamelle-du-terrorisme-en-afrique\/","title":{"rendered":"Le trafic de m\u00e9dicaments, mamelle du terrorisme en Afrique ?"},"content":{"rendered":"<div readability=\"32\">\n<p>Publi\u00e9 le 23.01.2020 \u00e0 20h18 par APA News<\/p>\n<\/div>\n<div readability=\"133\">\n<p>Des groupes terroristes actifs en Afrique, flairant le bon filon, ont tir\u00e9 profit du trafic de m\u00e9dicaments sur le continent pour en faire l\u2019une de leurs principales sources de financement.\u00ab Nous savons aujourd\u2019hui que le terrorisme menace gravement la s\u00e9curit\u00e9 de l\u2019Afrique. Le trafic de m\u00e9dicaments participe au financement de la criminalit\u00e9 transnationale organis\u00e9e notamment le terrorisme \u00bb, soulignait lors du Sommet sur les faux m\u00e9dicaments tenu les 17 et 18 janvier \u00e0 Lom\u00e9 (Togo), le pr\u00e9sident s\u00e9n\u00e9galais.<\/p>\n<p>A cette l\u2019occasion, Macky Sall, ses homologues togolais et ougandais, mais aussi les ministres de la Sant\u00e9 du Niger, du Congo et du Ghana ont sign\u00e9 une D\u00e9claration politique qui les engage dans la lutte impuls\u00e9e par la Fondation Brazzaville contre le trafic de m\u00e9dicaments.<\/p>\n<p>A lire aussi: L\u2019Afrique en croisade contre les faux m\u00e9dicaments<\/p>\n<p>L\u2019Afrique est devenue, au fil du temps, l\u2019un des bastions du terrorisme international. De la Corne de l\u2019Afrique au Sahel, moult groupes terroristes, dont les plus en vue sont Al-Qa\u00efda au Maghreb Islamique (AQMI), Boko Haram, Al-Shebab, Al-Mourabitoune et Ansar al-Charia, font cr\u00e9piter les armes, plongeant des nations dans une spirale de violence sans pr\u00e9c\u00e9dent.<\/p>\n<p>Pour d\u00e9cupler leurs forces de frappe, plusieurs groupes terroristes ont pr\u00eat\u00e9 all\u00e9geance \u00e0 Al-Qa\u00efda ou encore \u00e0 l\u2019Etat Islamique (EI), prompts \u00e0 accorder des financements. Mais la disparition d\u2019Oussama Ben Laden et le d\u00e9mant\u00e8lement du vaste califat autoproclam\u00e9 d\u2019Abou Bakr al-Baghdadi en Irak et en Syrie ont port\u00e9 un sacr\u00e9 coup \u00e0 la collecte de fonds, indispensables pour la mat\u00e9rialisation des plans d\u2019attaques meurtri\u00e8res.<\/p>\n<p>Du coup, les djihadistes essaimant en Afrique, ont jet\u00e9 leur d\u00e9volu sur diff\u00e9rentes formes de trafic notamment des m\u00e9dicaments. \u00ab Dans le Sahel, bien que \u00e7a ne soit pas totalement document\u00e9, le terrorisme se finance en grande partie par le trafic de m\u00e9dicaments. La contrefa\u00e7on des produits m\u00e9dicaux repr\u00e9sente \u00e0 peu pr\u00e8s 60 % des sources de financement du terrorisme \u00bb, a indiqu\u00e9 Jean-Louis Bruigui\u00e8re, juge antiterroriste fran\u00e7ais.<\/p>\n<p>A titre illustratif, a renseign\u00e9 ce membre du Comit\u00e9 de pilotage sur le trafic de m\u00e9dicaments mis sur pied par la Fondation Brazzaville, \u00ab 80 % des attentats ou des op\u00e9rations men\u00e9es sur le sol fran\u00e7ais ou en Europe viennent des trafics \u00bb.<\/p>\n<p>En visite au Burkina Faso, le 28 novembre 2017, Emmanuel Macron, pr\u00e9sident de la France, soutenait que \u00ab l\u2019Afrique subsaharienne concentre toutes les vuln\u00e9rabilit\u00e9s qui vont favoriser les m\u00e9dicaments de qualit\u00e9 inf\u00e9rieure ou falsifi\u00e9s : la faiblesse de la gouvernance des syst\u00e8mes de sant\u00e9, une offre de soins et un maillage des pharmacies sur le territoire insuffisants, l\u2019existence d\u2019un march\u00e9 parall\u00e8le quasiment tol\u00e9r\u00e9 et la pauvret\u00e9 des populations \u00bb.<\/p>\n<p>A lire aussi: Afrique : le trafic de m\u00e9dicaments, bient\u00f4t un crime<\/p>\n<p>Il urge donc pour les Etats africains d\u2019engager un combat sans r\u00e9pit contre le commerce des faux m\u00e9dicaments. \u00ab Il y a urgence car ce trafic international, dirig\u00e9 par des organisations criminelles, se d\u00e9veloppe de fa\u00e7on exponentielle. De 75 milliards de dollars en 2010, le chiffre d\u2019affaires du trafic des produits m\u00e9dicaux falsifi\u00e9s est \u00e9valu\u00e9 aujourd\u2019hui \u00e0 200 milliards de dollars. Les b\u00e9n\u00e9fices tir\u00e9s de ce trafic sont sup\u00e9rieurs \u00e0 ceux de la drogue ou des armes \u00bb, a regrett\u00e9 Faure Gnassingb\u00e9, le chef de l\u2019Etat togolais.<\/p>\n<p>De l\u2019avis de C\u00e9cilia Attias, la pr\u00e9sidente et fondatrice d\u2019une fondation \u00e9ponyme, l\u2019initiative de Lom\u00e9 \u00ab annonce la fin de l\u2019impunit\u00e9 pour les faussaires qui ont, trop longtemps, profit\u00e9 d\u2019un trafic beaucoup trop r\u00e9mun\u00e9rateur. Celle-ci p\u00e9nalisera gravement les actions des organisations criminelles qui se financent all\u00e8grement sur la mis\u00e8re des populations \u00bb.<\/p>\n<p>A lire aussi: Mauritanie: le gouvernement \u00e0 fond sur la r\u00e9glementation de la vente des m\u00e9dicaments<\/p>\n<p>Selon cette ancienne Premi\u00e8re Dame de France, ce terrible constat exige \u00ab une r\u00e9action ferme de la communaut\u00e9 internationale \u00bb. Et pour ne pas pr\u00eater le flanc au terrorisme, Macky Sall a propos\u00e9 \u00e0 ses pairs du continent de \u00ab d\u00e9ployer une synergie d\u2019efforts dans la surveillance, le contr\u00f4le transfrontalier, l\u2019\u00e9change d\u2019exp\u00e9riences et l\u2019harmonisation des l\u00e9gislations pour une action plus efficace \u00e0 impact global et durable \u00bb.<\/p>\n<\/div>\n<p>Auteur: APA News<br \/>\n<a href=\"https:\/\/www.journalducameroun.com\/le-trafic-de-medicaments-mamelle-du-terrorisme-en-afrique\/\">Cliquez ici pour lire l&rsquo;article depuis sa source.<\/a><\/p>\n","protected":false},"excerpt":{"rendered":"<p>Publi\u00e9 le 23.01.2020 \u00e0 20h18 par APA News Des groupes terroristes actifs en Afrique, flairant le bon filon, ont tir\u00e9 profit du trafic de m\u00e9dicaments sur le continent pour en faire l\u2019une de leurs principales sources de financement.\u00ab Nous savons aujourd\u2019hui que le terrorisme menace gravement la s\u00e9curit\u00e9 de l\u2019Afrique. Le trafic de m\u00e9dicaments participe [&hellip;]<\/p>\n","protected":false},"author":1965,"featured_media":0,"comment_status":"closed","ping_status":"closed","sticky":false,"template":"","format":"standard","meta":{"fifu_image_url":"","fifu_image_alt":"","footnotes":""},"categories":[73,82],"tags":[],"class_list":["post-73979","post","type-post","status-publish","format-standard","hentry","category-actualite","category-cameroun"],"_links":{"self":[{"href":"https:\/\/linitiative.ca\/International\/wp-json\/wp\/v2\/posts\/73979","targetHints":{"allow":["GET"]}}],"collection":[{"href":"https:\/\/linitiative.ca\/International\/wp-json\/wp\/v2\/posts"}],"about":[{"href":"https:\/\/linitiative.ca\/International\/wp-json\/wp\/v2\/types\/post"}],"author":[{"embeddable":true,"href":"https:\/\/linitiative.ca\/International\/wp-json\/wp\/v2\/users\/1965"}],"replies":[{"embeddable":true,"href":"https:\/\/linitiative.ca\/International\/wp-json\/wp\/v2\/comments?post=73979"}],"version-history":[{"count":0,"href":"https:\/\/linitiative.ca\/International\/wp-json\/wp\/v2\/posts\/73979\/revisions"}],"wp:attachment":[{"href":"https:\/\/linitiative.ca\/International\/wp-json\/wp\/v2\/media?parent=73979"}],"wp:term":[{"taxonomy":"category","embeddable":true,"href":"https:\/\/linitiative.ca\/International\/wp-json\/wp\/v2\/categories?post=73979"},{"taxonomy":"post_tag","embeddable":true,"href":"https:\/\/linitiative.ca\/International\/wp-json\/wp\/v2\/tags?post=73979"}],"curies":[{"name":"wp","href":"https:\/\/api.w.org\/{rel}","templated":true}]}}