{"id":73980,"date":"2020-01-23T14:18:16","date_gmt":"2020-01-23T19:18:16","guid":{"rendered":"https:\/\/linitiative.ca\/International\/cote-divoire-une-epidemie-de-diarrhee-sevit-dans-un-village-danyama-69-cas-detectes\/"},"modified":"2020-01-23T14:18:16","modified_gmt":"2020-01-23T19:18:16","slug":"cote-divoire-une-epidemie-de-diarrhee-sevit-dans-un-village-danyama-69-cas-detectes","status":"publish","type":"post","link":"https:\/\/linitiative.ca\/International\/cote-divoire-une-epidemie-de-diarrhee-sevit-dans-un-village-danyama-69-cas-detectes\/","title":{"rendered":"C\u00f4te d\u2019Ivoire: une \u00e9pid\u00e9mie de diarrh\u00e9e s\u00e9vit dans un village d\u2019Anyama, 69 cas d\u00e9tect\u00e9s"},"content":{"rendered":"<div readability=\"32\">\n<p>Publi\u00e9 le 23.01.2020 \u00e0 20h18 par APA News<\/p>\n<\/div>\n<div readability=\"66\">\n<p>Une \u00e9pid\u00e9mie de diarrh\u00e9e s\u00e9vit depuis mercredi \u00e0 M\u2019Pody, un village d\u2019Anyama, une banlieue au Nord d\u2019Abidjan o\u00f9 69 cas ont d\u00e9j\u00e0 \u00e9t\u00e9 d\u00e9tect\u00e9s, a annonc\u00e9 jeudi, Vincent Toh Bi Iri\u00e9, le pr\u00e9fet d\u2019Abidjan.\u00ab Hier mercredi matin, des cas de diarrh\u00e9e suspecte ont \u00e9t\u00e9 constat\u00e9s dans le village de M\u2019Pody dans la sous-pr\u00e9fecture d\u2019Anyama. Le nombre de personnes souffrant de diarrh\u00e9e est rapidement pass\u00e9 de 37 \u00e0 69 ce matin. Ce sont 07 enfants de 0 \u00e0 5 ans qui sont touch\u00e9s et 62 individus de 06 \u00e0 70 ans\u00bb, a fait savoir M. Toh Bi dans une note d\u2019information assurant que les services de sant\u00e9 et de s\u00e9curit\u00e9 ont \u00e9t\u00e9 imm\u00e9diatement d\u00e9p\u00each\u00e9s sur place.<\/p>\n<p>Selon l\u2019administrateur civil, l\u2019eau du ch\u00e2teau d\u2019eau du village d\u2019o\u00f9 une odeur f\u00e9tide s\u2019\u00e9chappait, g\u00e9r\u00e9 et entretenu localement, serait \u00e0 l\u2019origine de ces malaises en attendant que l\u2019Institut national d\u2019hygi\u00e8ne publique (INHP) rende disponible les r\u00e9sultats des analyses approfondies.<\/p>\n<p>Plusieurs mesures, a indiqu\u00e9 M. Toh Bi, \u00a0ont \u00e9t\u00e9 prises par les autorit\u00e9s pour circonscrire cette \u00e9pid\u00e9mie.<\/p>\n<p>Il s\u2019agit de la distribution de m\u00e9dicaments aux populations de cette localit\u00e9 par les services de sant\u00e9, la fermeture provisoire du ch\u00e2teau d\u2019eau, l\u2019approvisionnement du village en citernes d\u2019eau par l\u2019Office national de l\u2019eau potable ( ONEP) en quantit\u00e9 suffisante en attendant la r\u00e9ouverture du ch\u00e2teau, la veille s\u00e9curitaire et sanitaire et la sensibilisation des populations.<\/p>\n<p>Le pr\u00e9fet d\u2019Abidjan qui a assur\u00e9 que les \u00ab \u00e9v\u00e9nements sont sous contr\u00f4le \u00bb a demand\u00e9 aux populations de M\u2019Pody de suivre scrupuleusement ces instructions de crise.<\/p>\n<\/div>\n<p>Auteur: APA News<br \/>\n<a href=\"https:\/\/www.journalducameroun.com\/cote-divoire-une-epidemie-de-diarrhee-sevit-dans-un-village-danyama-69-cas-detectes\/\">Cliquez ici pour lire l&rsquo;article depuis sa source.<\/a><\/p>\n","protected":false},"excerpt":{"rendered":"<p>Publi\u00e9 le 23.01.2020 \u00e0 20h18 par APA News Une \u00e9pid\u00e9mie de diarrh\u00e9e s\u00e9vit depuis mercredi \u00e0 M\u2019Pody, un village d\u2019Anyama, une banlieue au Nord d\u2019Abidjan o\u00f9 69 cas ont d\u00e9j\u00e0 \u00e9t\u00e9 d\u00e9tect\u00e9s, a annonc\u00e9 jeudi, Vincent Toh Bi Iri\u00e9, le pr\u00e9fet d\u2019Abidjan.\u00ab Hier mercredi matin, des cas de diarrh\u00e9e suspecte ont \u00e9t\u00e9 constat\u00e9s dans le [&hellip;]<\/p>\n","protected":false},"author":1965,"featured_media":0,"comment_status":"closed","ping_status":"closed","sticky":false,"template":"","format":"standard","meta":{"fifu_image_url":"","fifu_image_alt":"","footnotes":""},"categories":[73,82],"tags":[],"class_list":["post-73980","post","type-post","status-publish","format-standard","hentry","category-actualite","category-cameroun"],"_links":{"self":[{"href":"https:\/\/linitiative.ca\/International\/wp-json\/wp\/v2\/posts\/73980","targetHints":{"allow":["GET"]}}],"collection":[{"href":"https:\/\/linitiative.ca\/International\/wp-json\/wp\/v2\/posts"}],"about":[{"href":"https:\/\/linitiative.ca\/International\/wp-json\/wp\/v2\/types\/post"}],"author":[{"embeddable":true,"href":"https:\/\/linitiative.ca\/International\/wp-json\/wp\/v2\/users\/1965"}],"replies":[{"embeddable":true,"href":"https:\/\/linitiative.ca\/International\/wp-json\/wp\/v2\/comments?post=73980"}],"version-history":[{"count":0,"href":"https:\/\/linitiative.ca\/International\/wp-json\/wp\/v2\/posts\/73980\/revisions"}],"wp:attachment":[{"href":"https:\/\/linitiative.ca\/International\/wp-json\/wp\/v2\/media?parent=73980"}],"wp:term":[{"taxonomy":"category","embeddable":true,"href":"https:\/\/linitiative.ca\/International\/wp-json\/wp\/v2\/categories?post=73980"},{"taxonomy":"post_tag","embeddable":true,"href":"https:\/\/linitiative.ca\/International\/wp-json\/wp\/v2\/tags?post=73980"}],"curies":[{"name":"wp","href":"https:\/\/api.w.org\/{rel}","templated":true}]}}