{"id":73981,"date":"2020-01-23T14:50:03","date_gmt":"2020-01-23T19:50:03","guid":{"rendered":"https:\/\/linitiative.ca\/International\/le-bilan-de-la-tempete-gloria-monte-a-onze-morts-en-espagne\/"},"modified":"2020-01-23T14:50:03","modified_gmt":"2020-01-23T19:50:03","slug":"le-bilan-de-la-tempete-gloria-monte-a-onze-morts-en-espagne","status":"publish","type":"post","link":"https:\/\/linitiative.ca\/International\/le-bilan-de-la-tempete-gloria-monte-a-onze-morts-en-espagne\/","title":{"rendered":"Le bilan de la temp\u00eate Gloria monte \u00e0 onze morts en Espagne"},"content":{"rendered":"<div readability=\"32\">\n<p>Publi\u00e9 le 23.01.2020 \u00e0 20h50 par AFP<\/p>\n<\/div>\n<div readability=\"105\">\n<p>La temp\u00eate Gloria, qui a ravag\u00e9 le littoral m\u00e9diterran\u00e9en en Espagne, a fait au moins onze morts, selon un dernier bilan obtenu jeudi soir aupr\u00e8s des autorit\u00e9s locales qui continuaient \u00e0 rechercher au moins quatre disparus.<\/p>\n<p>La Protection civile de Catalogne (nord-est) a annonc\u00e9 sur Twitter qu\u2019une \u00ab\u00a0nouvelle victime mortelle de la temp\u00eate Gloria\u00a0\u00bb \u00e9tait \u00e0 d\u00e9plorer: \u00ab\u00a0Un homme de 50 ans mort dans l\u2019apr\u00e8s-midi alors qu\u2019il p\u00eachait sur des rochers \u00e0 L\u2019Ametlla de Mar\u00a0\u00bb. Auparavant, ce service avait annonc\u00e9 que \u00ab\u00a0le corps sans vie de l\u2019homme recherch\u00e9 \u00e0 Cabac\u00e9s (nord-est) avait \u00e9t\u00e9 retrouv\u00e9\u00a0\u00bb dans son v\u00e9hicule.<\/p>\n<p>Un autre homme avait \u00e9t\u00e9 retrouv\u00e9 plus t\u00f4t jeudi dans une rivi\u00e8re \u00e0 Jorba \u00e9galement en Catalogne, ont indiqu\u00e9 \u00e0 l\u2019AFP les secours locaux.<\/p>\n<p>Cela porte \u00e0 au moins onze le nombre de morts caus\u00e9es par ces intemp\u00e9ries depuis dimanche.<\/p>\n<p>Par ailleurs, la mort mercredi d\u2019une femme de 75 ans dans l\u2019effondrement de son immeuble dans la province d\u2019Alicante est bien li\u00e9e aux intemp\u00e9ries, l\u2019immeuble s\u2019\u00e9tant effondr\u00e9 en raison des pluies intenses, ont indiqu\u00e9 les autorit\u00e9s locales.<\/p>\n<p>En visite en Catalogne et aux Bal\u00e9ares, deux des r\u00e9gions les plus touch\u00e9es, le chef du gouvernement socialiste Pedro Sanchez a annonc\u00e9 la tenue vendredi d\u2019une \u00ab\u00a0r\u00e9union en urgence afin d\u2019activer tous les m\u00e9canismes\u00a0\u00bb pour r\u00e9pondre aux d\u00e9g\u00e2ts occasionn\u00e9s par ces intemp\u00e9ries. \u00ab\u00a0Nous n\u2019allons pas l\u00e9siner sur les ressources\u00a0\u00bb, a-t-il promis.<\/p>\n<p>Les autres sept victimes ont \u00e9t\u00e9 retrouv\u00e9es mortes depuis dimanche dans les r\u00e9gions de Valence (est), Catalogne (nord-est), d\u2019Andalousie (sud) ou de Castille-et-L\u00e9on (centre).<\/p>\n<p>L\u2019est de l\u2019Espagne a \u00e9t\u00e9 frapp\u00e9 de dimanche \u00e0 mercredi par des pluies torrentielles mais aussi des chutes de neige et des rafales de vent \u00e0 100 km\/h. Des vagues de plus de 10 m\u00e8tres se sont fracass\u00e9es sur ce littoral parmi les plus touristiques d\u2019Europe, o\u00f9 de nombreuses villes ont \u00e9t\u00e9 inond\u00e9es.<\/p>\n<p>Le bilan pourrait encore grimper alors qu\u2019au moins quatre autres personnes sont port\u00e9es disparues en Catalogne et dans l\u2019archipel des Bal\u00e9ares, selon les services d\u2019urgence. Parmi eux figurent un Britannique de 25 ans, disparu \u00e0 Ibiza, et un Espagnol de 27 ans qui faisait du canyoning sur l\u2019\u00eele de Majorque.<\/p>\n<p>L\u2019Espagne a r\u00e9cemment \u00e9t\u00e9 surprise par diff\u00e9rents \u00e9pisodes de pluies torrentielles d\u2019une intensit\u00e9 rare. Sept personnes \u00e9taient mortes en septembre \u00e0 cause de crues dans le sud-est et en 2018, 13 \u00e9taient d\u00e9c\u00e9d\u00e9es dans des intemp\u00e9ries \u00e0 Majorque.<\/p>\n<p>Le MedECC, r\u00e9seau de plus de 600 scientifiques des pays m\u00e9diterran\u00e9ens, a soulign\u00e9 dans une \u00e9tude publi\u00e9e en octobre que les \u00e9pisodes de fortes pluies dans la r\u00e9gion pourrait augmenter \u00e0 terme de \u00ab\u00a010 \u00e0 20%\u00a0\u00bb en raison du changement climatique.<\/p>\n<p>\u00ab\u00a0C\u2019est \u00e9vident que les ph\u00e9nom\u00e8nes m\u00e9t\u00e9orologiques que nous vivons ne sont pas tous dus au changement climatique, mais ce qui est aussi \u00e9vident, c\u2019est que le changement climatique les accentue\u00a0\u00bb, a comment\u00e9 Pedro Sanchez.<\/p>\n<p>Gloria a \u00e9galement frapp\u00e9 la France depuis mardi. Dans le d\u00e9partement des Pyr\u00e9n\u00e9es-orientales, quelque 1.500 personnes ont \u00e9t\u00e9 \u00e9vacu\u00e9es mais regagnaient progressivement leur domicile jeudi.<\/p>\n<\/div>\n<p>Auteur: AFP<br \/>\n<a href=\"https:\/\/www.journalducameroun.com\/le-bilan-de-la-tempete-gloria-monte-a-onze-morts-en-espagne\/\">Cliquez ici pour lire l&rsquo;article depuis sa source.<\/a><\/p>\n","protected":false},"excerpt":{"rendered":"<p>Publi\u00e9 le 23.01.2020 \u00e0 20h50 par AFP La temp\u00eate Gloria, qui a ravag\u00e9 le littoral m\u00e9diterran\u00e9en en Espagne, a fait au moins onze morts, selon un dernier bilan obtenu jeudi soir aupr\u00e8s des autorit\u00e9s locales qui continuaient \u00e0 rechercher au moins quatre disparus. La Protection civile de Catalogne (nord-est) a annonc\u00e9 sur Twitter qu\u2019une \u00ab\u00a0nouvelle [&hellip;]<\/p>\n","protected":false},"author":1965,"featured_media":0,"comment_status":"closed","ping_status":"closed","sticky":false,"template":"","format":"standard","meta":{"fifu_image_url":"","fifu_image_alt":"","footnotes":""},"categories":[73,82],"tags":[],"class_list":["post-73981","post","type-post","status-publish","format-standard","hentry","category-actualite","category-cameroun"],"_links":{"self":[{"href":"https:\/\/linitiative.ca\/International\/wp-json\/wp\/v2\/posts\/73981","targetHints":{"allow":["GET"]}}],"collection":[{"href":"https:\/\/linitiative.ca\/International\/wp-json\/wp\/v2\/posts"}],"about":[{"href":"https:\/\/linitiative.ca\/International\/wp-json\/wp\/v2\/types\/post"}],"author":[{"embeddable":true,"href":"https:\/\/linitiative.ca\/International\/wp-json\/wp\/v2\/users\/1965"}],"replies":[{"embeddable":true,"href":"https:\/\/linitiative.ca\/International\/wp-json\/wp\/v2\/comments?post=73981"}],"version-history":[{"count":0,"href":"https:\/\/linitiative.ca\/International\/wp-json\/wp\/v2\/posts\/73981\/revisions"}],"wp:attachment":[{"href":"https:\/\/linitiative.ca\/International\/wp-json\/wp\/v2\/media?parent=73981"}],"wp:term":[{"taxonomy":"category","embeddable":true,"href":"https:\/\/linitiative.ca\/International\/wp-json\/wp\/v2\/categories?post=73981"},{"taxonomy":"post_tag","embeddable":true,"href":"https:\/\/linitiative.ca\/International\/wp-json\/wp\/v2\/tags?post=73981"}],"curies":[{"name":"wp","href":"https:\/\/api.w.org\/{rel}","templated":true}]}}