{"id":73982,"date":"2020-01-23T14:50:05","date_gmt":"2020-01-23T19:50:05","guid":{"rendered":"https:\/\/linitiative.ca\/International\/visite-historique-de-responsables-musulmans-et-juifs-a-auschwitz\/"},"modified":"2020-01-23T14:50:05","modified_gmt":"2020-01-23T19:50:05","slug":"visite-historique-de-responsables-musulmans-et-juifs-a-auschwitz","status":"publish","type":"post","link":"https:\/\/linitiative.ca\/International\/visite-historique-de-responsables-musulmans-et-juifs-a-auschwitz\/","title":{"rendered":"Visite \u00ab\u00a0historique\u00a0\u00bb de responsables musulmans et juifs \u00e0 Auschwitz"},"content":{"rendered":"<div readability=\"32\">\n<p>Publi\u00e9 le 23.01.2020 \u00e0 20h50 par AFP<\/p>\n<\/div>\n<div readability=\"67\">\n<p>Des responsables musulmans et juifs ont rendu hommage jeudi aux victimes de la Shoah, au cours d\u2019une visite conjointe qualifi\u00e9e d&rsquo;\u00a0\u00bbhistorique\u00a0\u00bb dans l\u2019ancien camp d\u2019extermination nazi d\u2019Auschwitz, \u00e0 quelques jours du 75e anniversaire de la lib\u00e9ration du camp par l\u2019Arm\u00e9e rouge le 27 janvier 1945.<\/p>\n<p>Le secr\u00e9taire g\u00e9n\u00e9ral de la Ligue islamique mondiale, le Saoudien Mohammad bin Abdulkarim Al-Issa, a soulign\u00e9 que la visite sur le site du camp d\u2019extermination nazi d\u2019une soixantaine de responsables religieux ou associatifs venus du monde entier \u00e9tait \u00ab\u00a0un devoir sacr\u00e9 et un grand honneur\u00a0\u00bb.<\/p>\n<p>Le secr\u00e9taire g\u00e9n\u00e9ral s\u2019est prostern\u00e9 au moment o\u00f9 il a dirig\u00e9 la pri\u00e8re pr\u00e8s du M\u00e9morial d\u2019Auschwitz, d\u00e9di\u00e9 aux plus d\u2019un million de personnes, la plupart des juifs, qui furent extermin\u00e9es dans ce camp.<\/p>\n<p>David Harris, un responsable de l\u2019organisation American Jewish Committee (AJC, Comit\u00e9 juif am\u00e9ricain) bas\u00e9e \u00e0 New York qui a organis\u00e9 la visite, a soulign\u00e9 qu\u2019il s\u2019agissait de la premi\u00e8re d\u00e9l\u00e9gation musulmane \u00ab\u00a0ayant des dirigeants aussi haut plac\u00e9s ayant jamais visit\u00e9 Auschwitz ou un autre camp de la mort nazi\u00a0\u00bb.<\/p>\n<p>La visite a eu lieu en amont des c\u00e9r\u00e9monies lundi au camp d\u2019Auschwitz \u00e0 l\u2019occasion du 75e anniversaire de sa lib\u00e9ration.<\/p>\n<p>Sur les six millions de juifs assassin\u00e9s par les nazis au cours de la Deuxi\u00e8me gurre mondiale, un million l\u2019ont \u00e9t\u00e9 \u00e0 Auschwitz-Birkenau, la plupart dans des chambres \u00e0 gaz.<\/p>\n<\/div>\n<p>Auteur: AFP<br \/>\n<a href=\"https:\/\/www.journalducameroun.com\/visite-historique-de-responsables-musulmans-et-juifs-a-auschwitz\/\">Cliquez ici pour lire l&rsquo;article depuis sa source.<\/a><\/p>\n","protected":false},"excerpt":{"rendered":"<p>Publi\u00e9 le 23.01.2020 \u00e0 20h50 par AFP Des responsables musulmans et juifs ont rendu hommage jeudi aux victimes de la Shoah, au cours d\u2019une visite conjointe qualifi\u00e9e d&rsquo;\u00a0\u00bbhistorique\u00a0\u00bb dans l\u2019ancien camp d\u2019extermination nazi d\u2019Auschwitz, \u00e0 quelques jours du 75e anniversaire de la lib\u00e9ration du camp par l\u2019Arm\u00e9e rouge le 27 janvier 1945. Le secr\u00e9taire g\u00e9n\u00e9ral [&hellip;]<\/p>\n","protected":false},"author":1965,"featured_media":0,"comment_status":"closed","ping_status":"closed","sticky":false,"template":"","format":"standard","meta":{"fifu_image_url":"","fifu_image_alt":"","footnotes":""},"categories":[73,82],"tags":[],"class_list":["post-73982","post","type-post","status-publish","format-standard","hentry","category-actualite","category-cameroun"],"_links":{"self":[{"href":"https:\/\/linitiative.ca\/International\/wp-json\/wp\/v2\/posts\/73982","targetHints":{"allow":["GET"]}}],"collection":[{"href":"https:\/\/linitiative.ca\/International\/wp-json\/wp\/v2\/posts"}],"about":[{"href":"https:\/\/linitiative.ca\/International\/wp-json\/wp\/v2\/types\/post"}],"author":[{"embeddable":true,"href":"https:\/\/linitiative.ca\/International\/wp-json\/wp\/v2\/users\/1965"}],"replies":[{"embeddable":true,"href":"https:\/\/linitiative.ca\/International\/wp-json\/wp\/v2\/comments?post=73982"}],"version-history":[{"count":0,"href":"https:\/\/linitiative.ca\/International\/wp-json\/wp\/v2\/posts\/73982\/revisions"}],"wp:attachment":[{"href":"https:\/\/linitiative.ca\/International\/wp-json\/wp\/v2\/media?parent=73982"}],"wp:term":[{"taxonomy":"category","embeddable":true,"href":"https:\/\/linitiative.ca\/International\/wp-json\/wp\/v2\/categories?post=73982"},{"taxonomy":"post_tag","embeddable":true,"href":"https:\/\/linitiative.ca\/International\/wp-json\/wp\/v2\/tags?post=73982"}],"curies":[{"name":"wp","href":"https:\/\/api.w.org\/{rel}","templated":true}]}}