{"id":73983,"date":"2020-01-23T16:50:03","date_gmt":"2020-01-23T21:50:03","guid":{"rendered":"https:\/\/linitiative.ca\/International\/netanyahu-et-gantz-a-washington-la-semaine-prochaine-pour-discuter-du-projet-de-paix\/"},"modified":"2020-01-23T16:50:03","modified_gmt":"2020-01-23T21:50:03","slug":"netanyahu-et-gantz-a-washington-la-semaine-prochaine-pour-discuter-du-projet-de-paix","status":"publish","type":"post","link":"https:\/\/linitiative.ca\/International\/netanyahu-et-gantz-a-washington-la-semaine-prochaine-pour-discuter-du-projet-de-paix\/","title":{"rendered":"Netanyahu et Gantz \u00e0 Washington la semaine prochaine pour discuter du projet de paix"},"content":{"rendered":"<div readability=\"32\">\n<p>Publi\u00e9 le 23.01.2020 \u00e0 22h50 par AFP<\/p>\n<\/div>\n<div readability=\"139\">\n<p>Le Premier ministre isra\u00e9lien Benjamin Netanyahu et son rival politique Benny Gantz se rendront la semaine prochaine \u00e0 Washington afin de discuter du futur projet de paix am\u00e9ricain pour le Proche-Orient, d\u00e9j\u00e0 jug\u00e9 mort-n\u00e9 par les Palestiniens.<\/p>\n<p>\u00ab\u00a0Le pr\u00e9sident (am\u00e9ricain Donald) Trump m\u2019a demand\u00e9 d\u2019inviter le Premier ministre Benjamin Netanyahu \u00e0 la Maison Blanche la semaine prochaine pour discuter des enjeux r\u00e9gionaux et de la perspective d\u2019une paix en Terre sainte\u00a0\u00bb, a d\u00e9clar\u00e9 jeudi le vice-pr\u00e9sident am\u00e9ricain Mike Pence, de passage \u00e0 J\u00e9rusalem pour les comm\u00e9morations de la lib\u00e9ration du camp nazi d\u2019Auschwitz il y a 75 ans.<\/p>\n<p>Apr\u00e8s s\u2019\u00eatre rendu au Mur des Lamentations avec M. Netanyahu, Mike Pence s\u2019est exprim\u00e9 lors d\u2019un point de presse avec le Premier ministre isra\u00e9lien \u00e0 l\u2019ambassade am\u00e9ricaine de J\u00e9rusalem \u2013ville contest\u00e9e que les Etats-Unis consid\u00e8rent d\u00e9sormais comme la capitale d\u2019Isra\u00ebl.<\/p>\n<p>Apr\u00e8s de nombreux reports, le plan de paix voulu par Donald Trump pour mettre fin au conflit isra\u00e9lo-palestinien \u00e9tait attendu \u00e0 l\u2019automne 2019, apr\u00e8s les \u00e9lections isra\u00e9liennes de septembre.<\/p>\n<p>Mais ce scrutin, qui a oppos\u00e9 Benjamin Netanyahu \u00e0 l\u2019ancien chef de l\u2019arm\u00e9e Benny Gantz, n\u2019a pas d\u00e9bouch\u00e9, comme lors des \u00e9lections pr\u00e9c\u00e9dentes d\u2019avril, sur la formation d\u2019un gouvernement, d\u2019o\u00f9 la tenue de nouvelles l\u00e9gislatives le 2 mars.<\/p>\n<p>Les Etats-Unis n\u2019ont pas attendu ce nouveau duel entre MM. Netanyahu et Gantz pour inviter les deux leaders politiques.<\/p>\n<p>\u00ab\u00a0Les Etats-Unis sont impatients d\u2019accueillir le Premier ministre Netanyahu et le leader du parti Bleu-Blanc Benny Gantz \u00e0 la Maison Blanche la semaine prochaine\u00a0\u00bb, a tweet\u00e9 le pr\u00e9sident am\u00e9ricain, pr\u00e9cisant que les all\u00e9gations sur les d\u00e9tails de son plan de paix \u00e9taient \u00e0 ce stade purement \u00ab\u00a0sp\u00e9culatives\u00a0\u00bb.<\/p>\n<p>\u00ab\u00a0Nous n\u2019avons pas de meilleur ami que le pr\u00e9sident Trump\u00a0\u00bb, a r\u00e9agi M. Netanyahu. \u00ab\u00a0Avec tant d\u2019amis \u00e0 la Maison Blanche, nous devrions arriver \u00e0 un consensus le plus large possible, afin d\u2019assurer la s\u00e9curit\u00e9 et la paix d\u2019Isra\u00ebl\u00a0\u00bb, a-t-il ajout\u00e9.<\/p>\n<p>La Maison Blanche a affirm\u00e9 que Benjamin Netanyahu se rendrait \u00e0 Washington mardi, jour o\u00f9, par ailleurs, les d\u00e9put\u00e9s isra\u00e9liens doivent commencer \u00e0 discuter de la demande d\u2019immunit\u00e9 du chef du gouvernement, inculp\u00e9 pour \u00ab\u00a0corruption\u00a0\u00bb dans trois affaires, soulignait jeudi soir la presse isra\u00e9lienne.<\/p>\n<p>Benny Gantz \u00ab\u00a0a \u00e9galement accept\u00e9 l\u2019invitation du pr\u00e9sident\u00a0\u00bb, selon la Maison Blanche qui n\u2019a pas pr\u00e9cis\u00e9 si sa visite interviendrait le m\u00eame jour.<\/p>\n<p>\u2013 Rejet palestinien \u2013<\/p>\n<p>L\u2019Autorit\u00e9 palestinienne a r\u00e9it\u00e9r\u00e9 jeudi son rejet du projet de paix de Donald Trump, mettant en avant le fait que l\u2019actuel locataire de la Maison Blanche a reconnu J\u00e9rusalem comme capitale d\u2019Isra\u00ebl.<\/p>\n<p>Les Palestiniens veulent faire de J\u00e9rusalem-Est la capitale de l\u2019Etat auquel ils aspirent, mais Isra\u00ebl consid\u00e8re J\u00e9rusalem comme sa capitale \u00ab\u00a0unifi\u00e9e et indivisible\u00a0\u00bb.<\/p>\n<p>L\u2019Autorit\u00e9 palestinienne a d\u00e9nonc\u00e9 l\u2019expansion des colonies isra\u00e9liennes dans les Territoires palestiniens et leur occupation par l\u2019arm\u00e9e isra\u00e9lienne.<\/p>\n<p>La colonisation par Isra\u00ebl de la Cisjordanie occup\u00e9e et de J\u00e9rusalem-Est annex\u00e9e s\u2019est poursuivie sous tous les gouvernements isra\u00e9liens depuis 1967, mais elle s\u2019est acc\u00e9l\u00e9r\u00e9e ces derni\u00e8res ann\u00e9es sous l\u2019impulsion du Premier ministre Netanyahu et de son alli\u00e9 \u00e0 Washington, Donald Trump.<\/p>\n<p>\u00ab\u00a0+L\u2019accord du si\u00e8cle+ que le pr\u00e9sident Trump pourrait annoncer est d\u00e9j\u00e0 mort\u00a0\u00bb, a d\u00e9clar\u00e9 le porte-parole du pr\u00e9sident palestinien Mahmoud Abbas \u00e0 l\u2019issue d\u2019une rencontre de ce dernier avec le pr\u00e9sident russe Vladimir Poutine, aussi de passage en Terre sainte pour les comm\u00e9morations au m\u00e9morial de la Shoah \u00e0 J\u00e9rusalem.<\/p>\n<p>\u00ab\u00a0Nous rejetons absolument ce que l\u2019administration Trump a r\u00e9alis\u00e9 jusqu\u2019\u00e0 pr\u00e9sent (\u2026) Notre position est claire: Isra\u00ebl doit mettre fin \u00e0 l\u2019occupation des terres palestiniennes en vigueur depuis 1967\u00a0\u00bb, a ajout\u00e9 Nabil Abou Roudeina.<\/p>\n<p>Le veille, le pr\u00e9sident Abbas avait soulign\u00e9 \u00ab\u00a0l\u2019importance du r\u00f4le fran\u00e7ais et europ\u00e9en pour sauver le processus politique\u00a0\u00bb lors d\u2019une rencontre avec le pr\u00e9sident fran\u00e7ais Emmanuel Macron qui s\u2019est rendu \u00e0 Ramallah, si\u00e8ge de l\u2019Autorit\u00e9 palestinienne.<\/p>\n<p>\u00ab\u00a0Quelque processus de paix que ce soit n\u2019est possible que si les parties en pr\u00e9sence veulent b\u00e2tir la paix, alors la France aidera et dans le r\u00f4le qui doit \u00eatre le sien et sera le sien\u00a0\u00bb, a affirm\u00e9 M. Macron cette semaine \u00e0 J\u00e9rusalem.<\/p>\n<\/div>\n<p>Auteur: AFP<br \/>\n<a href=\"https:\/\/www.journalducameroun.com\/netanyahu-et-gantz-a-washington-la-semaine-prochaine-pour-discuter-du-projet-de-paix\/\">Cliquez ici pour lire l&rsquo;article depuis sa source.<\/a><\/p>\n","protected":false},"excerpt":{"rendered":"<p>Publi\u00e9 le 23.01.2020 \u00e0 22h50 par AFP Le Premier ministre isra\u00e9lien Benjamin Netanyahu et son rival politique Benny Gantz se rendront la semaine prochaine \u00e0 Washington afin de discuter du futur projet de paix am\u00e9ricain pour le Proche-Orient, d\u00e9j\u00e0 jug\u00e9 mort-n\u00e9 par les Palestiniens. \u00ab\u00a0Le pr\u00e9sident (am\u00e9ricain Donald) Trump m\u2019a demand\u00e9 d\u2019inviter le Premier ministre [&hellip;]<\/p>\n","protected":false},"author":1965,"featured_media":0,"comment_status":"closed","ping_status":"closed","sticky":false,"template":"","format":"standard","meta":{"fifu_image_url":"","fifu_image_alt":"","footnotes":""},"categories":[73,82],"tags":[],"class_list":["post-73983","post","type-post","status-publish","format-standard","hentry","category-actualite","category-cameroun"],"_links":{"self":[{"href":"https:\/\/linitiative.ca\/International\/wp-json\/wp\/v2\/posts\/73983","targetHints":{"allow":["GET"]}}],"collection":[{"href":"https:\/\/linitiative.ca\/International\/wp-json\/wp\/v2\/posts"}],"about":[{"href":"https:\/\/linitiative.ca\/International\/wp-json\/wp\/v2\/types\/post"}],"author":[{"embeddable":true,"href":"https:\/\/linitiative.ca\/International\/wp-json\/wp\/v2\/users\/1965"}],"replies":[{"embeddable":true,"href":"https:\/\/linitiative.ca\/International\/wp-json\/wp\/v2\/comments?post=73983"}],"version-history":[{"count":0,"href":"https:\/\/linitiative.ca\/International\/wp-json\/wp\/v2\/posts\/73983\/revisions"}],"wp:attachment":[{"href":"https:\/\/linitiative.ca\/International\/wp-json\/wp\/v2\/media?parent=73983"}],"wp:term":[{"taxonomy":"category","embeddable":true,"href":"https:\/\/linitiative.ca\/International\/wp-json\/wp\/v2\/categories?post=73983"},{"taxonomy":"post_tag","embeddable":true,"href":"https:\/\/linitiative.ca\/International\/wp-json\/wp\/v2\/tags?post=73983"}],"curies":[{"name":"wp","href":"https:\/\/api.w.org\/{rel}","templated":true}]}}