{"id":73984,"date":"2020-01-23T13:41:22","date_gmt":"2020-01-23T18:41:22","guid":{"rendered":"https:\/\/linitiative.ca\/International\/le-president-du-gicam-demande-le-limogeage-du-dg-des-impots\/"},"modified":"2020-01-23T13:41:22","modified_gmt":"2020-01-23T18:41:22","slug":"le-president-du-gicam-demande-le-limogeage-du-dg-des-impots","status":"publish","type":"post","link":"https:\/\/linitiative.ca\/International\/le-president-du-gicam-demande-le-limogeage-du-dg-des-impots\/","title":{"rendered":"Le Pr\u00e9sident du Gicam demande le limogeage du DG des Imp\u00f4ts"},"content":{"rendered":"<p>Le fait est in\u00e9dit. Dans une lettre adress\u00e9e au chef de l\u2019Etat, <strong>Paul Biya<\/strong>, et dat\u00e9e du 16 janvier 2020, le pr\u00e9sident du Groupement Interpatronnal du Cameroun (<strong>Gicam<\/strong>), dont l\u2019objet est \u00abrupture consomm\u00e9e des relations entre le Directeur g\u00e9n\u00e9ral des Imp\u00f4ts et les entreprises\u00bb, demande implicitement le d\u00e9part de <strong>Modeste Mopa Fatoing<\/strong> de la direction g\u00e9n\u00e9rale des Imp\u00f4ts.<\/p>\n<p>\u00abC\u2019est avec consternation que j\u2019ai l\u2019honneur de porter \u00e0 votre attention des faits d\u2019une extr\u00eame gravit\u00e9\u00bb, commence <strong>C\u00e9lestin Tawamba<\/strong>. Qui poursuit\u00a0: \u00abAlors que, le 31 d\u00e9cembre dernier, et \u00e9voquant l\u2019effort de redressement de l\u2019\u00e9conomie camerounaise, vous avez d\u00e9clar\u00e9 au peuple camerounais que \u00ab\u00a0ce redressement doit \u00eatre pour nous une ardente obligation qui mobilisera toutes nos \u00e9nergies\u2026\u00a0\u00bb, certains hauts responsables de l\u2019administration, \u00e0 l\u2019instar de monsieur le directeur g\u00e9n\u00e9ral des Imp\u00f4ts, au lieu de faire siennes vos hautes directives, s\u2019emploie plut\u00f4t \u00e0 ramer \u00e0 contre-courant par des\u00a0\u00a0faits\u00a0porteurs de germes susceptibles de mettre \u00e0 mal les relations entre l\u2019Etat et le secteur priv\u00e9 et de compromettre irr\u00e9m\u00e9diablement l\u2019investissement et le d\u00e9veloppement des entreprises\u00a0que vous appelez de tous vos v\u0153ux\u00bb.<\/p>\n<p>Le pr\u00e9sident du Gicam \u00e9nonce ensuite tous les griefs qu\u2019il a contre le DGI\u00a0: \u00abson inaptitude \u00e0 dialoguer et faire face \u00e0 la contradiction, le climat d\u00e9l\u00e9t\u00e8re qu\u2019il a instaur\u00e9 \u00e0 la direction g\u00e9n\u00e9rale des Imp\u00f4ts qui a entra\u00een\u00e9 le d\u00e9part de hauts cadres comp\u00e9tents vers d\u2019autres cieux, le refus de d\u00e9livrer des documents administratifs qui a entra\u00een\u00e9 des retards consid\u00e9rables dans la r\u00e9alisation des investissements, son incapacit\u00e9 \u00e0 concevoir et une politique fiscale sur les court et moyen termes de nature \u00e0 impulser la croissance tout en assurant un niveau appr\u00e9ciable des recettes \u00e0 l\u2019\u00c9tat et, facteur aggravant, sa m\u00e9connaissance de la r\u00e9alit\u00e9 de l\u2019entreprise\u00bb.<\/p>\n<p><strong>Cons\u00e9quence<\/strong><\/p>\n<p>C\u00e9lestin Tawamba assure en outre que ces faits et agissements auraient atteint un seuil critique en fin 2018, mettant \u00ab irr\u00e9m\u00e9diablement\u00bb en danger le dialogue public-priv\u00e9. Le DGI aurait, selon le pr\u00e9sident du Gicam, \u00ab clairement affich\u00e9 son hostilit\u00e9 \u00e0 une proposition de r\u00e9forme fiscale du Gicam dans laquelle il avait cru percevoir une tentative du secteur priv\u00e9 de se substituer \u00e0 l\u2019Etat, et cela en d\u00e9pit des instructions de sa hi\u00e9rarchie\u00bb.<\/p>\n<p>\u00abNe mesurant pas les cons\u00e9quences de son obstination visiblement dict\u00e9e par une m\u00e9connaissance de la place et du r\u00f4le de l\u2019entreprise qu\u2019il n\u2019a du reste jamais gratifi\u00e9 de la moindre visite \u2013 ne serait-ce que les plus grandes d\u2019entre elles \u2013 le directeur g\u00e9n\u00e9ral des Imp\u00f4ts n\u2019\u00e9tablit aucun lien entre ses actes et postures, d\u2019une part, et la baisse des investissements directs \u00e9trangers (IDE) au Cameroun dans un contexte de d\u00e9sindustrialisation continue, ainsi que la d\u00e9gradation continue du rang du Cameroun dans le classement de divers instituts et\u00a0\u00a0agences de notation, d\u2019autre part\u00a0\u00bb, ajoute C\u00e9lestin Tawamba.<\/p>\n<p>Le pr\u00e9sident du Gicam se demande ensuite si, \u00abconscient des enjeux auxquels le Cameroun fait face, et compte tenu de son r\u00f4le de leader \u00e9conomique au sein de la Zone Cemac\u00bb, l\u2019on peut \u00abs\u2019accommoder plus longtemps de ces blocages et impasses, sans courir le risque d\u2019affaiblir durablement les entreprises et l\u2019investissement au Cameroun et, partant, l\u2019\u00e9conomie tout enti\u00e8re et l\u2019emploi\u00bb.<\/p>\n<div class=\"sharedaddy sd-sharing-enabled robots-nocontent sd-block sd-social sd-social-icon-text sd-sharing\">\n<h3 class=\"sd-title\">Partager\u00a0:<\/h3>\n<\/div>\n<p><h3 class=\"jp-relatedposts-headline\"><em>Articles similaires<\/em><\/h3>\n<\/p>\n<div class=\"stream-item stream-item-below-post-content\"><a href=\"https:\/\/www.facebook.com\/canalpluscmr\/\" title=\"\" target=\"_blank\" rel=\"noopener noreferrer\"><img loading=\"lazy\" decoding=\"async\" src=\"https:\/\/ecomatin.net\/wp-content\/uploads\/2020\/01\/ecomatin-H1260-xL-6222-px.png\" alt=\"\" width=\"728\" height=\"90\"\/><\/a><\/div>\n<p>Auteur: Nasser Ngoume<br \/>\n<a href=\"https:\/\/ecomatin.net\/le-president-du-gicam-demande-le-limogeage-du-dg-des-impots\/\">Cliquez ici pour lire l&rsquo;article depuis sa source.<\/a><\/p>\n","protected":false},"excerpt":{"rendered":"<p>Le fait est in\u00e9dit. Dans une lettre adress\u00e9e au chef de l\u2019Etat, Paul Biya, et dat\u00e9e du 16 janvier 2020, le pr\u00e9sident du Groupement Interpatronnal du Cameroun (Gicam), dont l\u2019objet est \u00abrupture consomm\u00e9e des relations entre le Directeur g\u00e9n\u00e9ral des Imp\u00f4ts et les entreprises\u00bb, demande implicitement le d\u00e9part de Modeste Mopa Fatoing de la direction [&hellip;]<\/p>\n","protected":false},"author":1969,"featured_media":73985,"comment_status":"closed","ping_status":"closed","sticky":false,"template":"","format":"standard","meta":{"fifu_image_url":"","fifu_image_alt":"","footnotes":""},"categories":[82,78],"tags":[],"class_list":["post-73984","post","type-post","status-publish","format-standard","has-post-thumbnail","hentry","category-cameroun","category-economie"],"_links":{"self":[{"href":"https:\/\/linitiative.ca\/International\/wp-json\/wp\/v2\/posts\/73984","targetHints":{"allow":["GET"]}}],"collection":[{"href":"https:\/\/linitiative.ca\/International\/wp-json\/wp\/v2\/posts"}],"about":[{"href":"https:\/\/linitiative.ca\/International\/wp-json\/wp\/v2\/types\/post"}],"author":[{"embeddable":true,"href":"https:\/\/linitiative.ca\/International\/wp-json\/wp\/v2\/users\/1969"}],"replies":[{"embeddable":true,"href":"https:\/\/linitiative.ca\/International\/wp-json\/wp\/v2\/comments?post=73984"}],"version-history":[{"count":0,"href":"https:\/\/linitiative.ca\/International\/wp-json\/wp\/v2\/posts\/73984\/revisions"}],"wp:featuredmedia":[{"embeddable":true,"href":"https:\/\/linitiative.ca\/International\/wp-json\/"}],"wp:attachment":[{"href":"https:\/\/linitiative.ca\/International\/wp-json\/wp\/v2\/media?parent=73984"}],"wp:term":[{"taxonomy":"category","embeddable":true,"href":"https:\/\/linitiative.ca\/International\/wp-json\/wp\/v2\/categories?post=73984"},{"taxonomy":"post_tag","embeddable":true,"href":"https:\/\/linitiative.ca\/International\/wp-json\/wp\/v2\/tags?post=73984"}],"curies":[{"name":"wp","href":"https:\/\/api.w.org\/{rel}","templated":true}]}}