{"id":73988,"date":"2020-01-24T06:40:27","date_gmt":"2020-01-24T11:40:27","guid":{"rendered":"https:\/\/linitiative.ca\/International\/cinquieme-journee-des-coupes-africaines-objectif-sceller-la-qualification\/"},"modified":"2020-01-24T06:40:27","modified_gmt":"2020-01-24T11:40:27","slug":"cinquieme-journee-des-coupes-africaines-objectif-sceller-la-qualification","status":"publish","type":"post","link":"https:\/\/linitiative.ca\/International\/cinquieme-journee-des-coupes-africaines-objectif-sceller-la-qualification\/","title":{"rendered":"Cinqui\u00e8me journ\u00e9e des Coupes africaines \u2013 Objectif : sceller la qualification"},"content":{"rendered":"<p><img decoding=\"async\" class=\"post_layout_5_img\" src=\"http:\/\/aujourdhui.ma\/wp-content\/uploads\/2020\/01\/Wydad-wac-1.jpg?x29840\" alt=\"Cinqui\u00e8me journ\u00e9e des Coupes africaines \u2013 Objectif : sceller la qualification\"\/><\/p>\n<p class=\"p1\"><span class=\"c4\"><strong><em>Le choc avec\u00a0<\/em><em>l\u2019Esp\u00e9rance est celui \u00e0 ne surtout pas perdre pour le Raja afin d\u2019\u00e9viter toute mauvaise surprise des autres pensionnaires du groupe D lesquels guettent le moindre faux pas.<\/em><\/strong><\/span><span id=\"more-330963\"\/><\/p>\n<p class=\"p1\"><span class=\"s1\">A l\u2019exception du Wydad qui \u00e9voluera devant son public, les autres clubs participant \u00e0 la Ligue des champions d\u2019Afrique et \u00e0 la Coupe de la Conf\u00e9d\u00e9ration, \u00e0 savoir le Raja, la Renaissance sportive de Berkane et le Hassania d\u2019Agadir, disputeront leur rencontre loin du Royaume.<\/span><\/p>\n<p class=\"p1\"><span class=\"s1\">Ainsi, le Wydad rentrera en comp\u00e9tition d\u00e8s demain en rencontrant l\u2019USM Alger pour le compte de la 5\u00e8me journ\u00e9e de la Ligue des champions.<\/span><\/p>\n<p class=\"p1\"><span class=\"s1\">L\u2019\u00e8re de Zoran r\u00e9volue, c\u2019est au tour de la nouvelle direction technique chapeaut\u00e9e par S\u00e9bastien Desabre de montrer l\u2019\u00e9tendue de son talent et guider le navire wydadi \u00e0 bon port.<\/span><\/p>\n<p class=\"p1\"><span class=\"s1\">Le club avait r\u00e9ussi \u00e0 arracher un nul pr\u00e9cieux lors de la pr\u00e9c\u00e9dente journ\u00e9e sur les terres de Petro Atletico, chose qui lui a permis d\u2019augmenter ses chances de qualification.<\/span><\/p>\n<p class=\"p1\"><span class=\"s1\">Gr\u00e2ce \u00e0 ce r\u00e9sultat, le Wydad consolide sa deuxi\u00e8me place avec six points, \u00e0 quatre longueurs des Mamelodi Sundowns, solides leaders avec 10 points, au moment o\u00f9 l\u2019USM Alger et le Petro Atl\u00e9tico sont ex aequo avec deux points chacun.<\/span><\/p>\n<p class=\"p1\"><span class=\"s1\">Le Raja, quant \u00e0 lui, aura fort \u00e0 faire face \u00e0 l\u2019Esp\u00e9rance Sportive de Tunis. Au match aller disput\u00e9 au complexe sportif Mohammed V, les Tunisois avaient r\u00e9ussi \u00e0 battre leurs homologues sur le score de 2 buts \u00e0 0. Un r\u00e9sultat qui est rest\u00e9 en travers des gorges des supporters rajaouis.<\/span><\/p>\n<p class=\"p1\"><span class=\"s1\">Reprendre sa revanche et s\u2019approcher de la qualification ne sera pas une mince affaire. Au moment o\u00f9 l\u2019EST se renforce et r\u00e9cup\u00e8re ses \u00e9l\u00e9ments guerris de blessure, notamment le d\u00e9fenseur central Chammam. Le Raja perd Mahmoud Benhalib victime d\u2019un tacle violent de la part du gladiateur Larbi Naji ainsi que l\u2019absence de Abdelilah Hafidi dont le diagnostic a confirm\u00e9 une blessure musculaire.<\/span><\/p>\n<p class=\"p1\"><span class=\"s1\">Jamal Sellami et ses hommes traversent une p\u00e9riode quelque peu d\u00e9licate. Apr\u00e8s leur \u00e9clatante victoire \u00e0 Tanger (1-4), ils se sont content\u00e9s du nul lors des deux rencontres suivantes. Le choc avec l\u2019Esp\u00e9rance programm\u00e9 ce samedi au stade El Menzah est celui \u00e0 ne surtout pas perdre pour \u00e9viter toute mauvaise surprise des autres pensionnaires du groupe D lesquels guettent le moindre faux pas.<\/span><\/p>\n<p class=\"p1\"><span class=\"s1\">Ce dimanche sera r\u00e9serv\u00e9 \u00e0 la Coupe de la Conf\u00e9d\u00e9ration avec un d\u00e9placement pour la RSB au B\u00e9nin face au club local du ESAC FC qui est bon dernier de ce groupe C et un autre pour le HUSA au Nigeria face \u00e0 la redoutable \u00e9quipe d\u2019Enyimba FC dans le groupe D.<\/span><\/p>\n<p class=\"p1\"><span class=\"s1\">Les deux \u00e9quipes partagent la m\u00eame ambition et le m\u00eame enjeu : rester leader de leur groupe respectif pour la suite de la comp\u00e9tition dans le but de recevoir au retour lors des matchs des quarts de finale.<\/span><\/p>\n<p class=\"p1\"><span class=\"s1\">Mais pour y arriver, il va falloir se d\u00e9faire de ses antagonistes. Si la mission des hommes de Sektioui para\u00eet plus ais\u00e9e, celle des Gadiris l\u2019est moins en raison de leur classement \u00e0 la 2\u00e8me position.<\/span><\/p>\n<p class=\"p1\"><span class=\"s1\">Une seule \u00e9quipe est qualifi\u00e9e pour le moment en quarts de finale. Il s\u2019agit du club \u00e9gyptien du FC Pyramids qui a fait le plein de points en remportant tous ses matchs et en collectant ainsi 12 points possibles.<\/span><\/p>\n<p>Auteur: ALM<br \/>\n<a href=\"http:\/\/aujourdhui.ma\/sports\/cinquieme-journee-des-coupes-africaines-objectif-sceller-la-qualification\">Cliquez ici pour lire l&rsquo;article depuis sa source.<\/a><\/p>\n","protected":false},"excerpt":{"rendered":"<p>Le choc avec\u00a0l\u2019Esp\u00e9rance est celui \u00e0 ne surtout pas perdre pour le Raja afin d\u2019\u00e9viter toute mauvaise surprise des autres pensionnaires du groupe D lesquels guettent le moindre faux pas. A l\u2019exception du Wydad qui \u00e9voluera devant son public, les autres clubs participant \u00e0 la Ligue des champions d\u2019Afrique et \u00e0 la Coupe de la [&hellip;]<\/p>\n","protected":false},"author":1759,"featured_media":0,"comment_status":"closed","ping_status":"closed","sticky":false,"template":"","format":"standard","meta":{"fifu_image_url":"","fifu_image_alt":"","footnotes":""},"categories":[73,54],"tags":[],"class_list":["post-73988","post","type-post","status-publish","format-standard","hentry","category-actualite","category-maroc"],"_links":{"self":[{"href":"https:\/\/linitiative.ca\/International\/wp-json\/wp\/v2\/posts\/73988","targetHints":{"allow":["GET"]}}],"collection":[{"href":"https:\/\/linitiative.ca\/International\/wp-json\/wp\/v2\/posts"}],"about":[{"href":"https:\/\/linitiative.ca\/International\/wp-json\/wp\/v2\/types\/post"}],"author":[{"embeddable":true,"href":"https:\/\/linitiative.ca\/International\/wp-json\/wp\/v2\/users\/1759"}],"replies":[{"embeddable":true,"href":"https:\/\/linitiative.ca\/International\/wp-json\/wp\/v2\/comments?post=73988"}],"version-history":[{"count":0,"href":"https:\/\/linitiative.ca\/International\/wp-json\/wp\/v2\/posts\/73988\/revisions"}],"wp:attachment":[{"href":"https:\/\/linitiative.ca\/International\/wp-json\/wp\/v2\/media?parent=73988"}],"wp:term":[{"taxonomy":"category","embeddable":true,"href":"https:\/\/linitiative.ca\/International\/wp-json\/wp\/v2\/categories?post=73988"},{"taxonomy":"post_tag","embeddable":true,"href":"https:\/\/linitiative.ca\/International\/wp-json\/wp\/v2\/tags?post=73988"}],"curies":[{"name":"wp","href":"https:\/\/api.w.org\/{rel}","templated":true}]}}