{"id":73989,"date":"2020-01-24T07:12:26","date_gmt":"2020-01-24T12:12:26","guid":{"rendered":"https:\/\/linitiative.ca\/International\/une-publication-en-hommage-posthume-a-abdelkebir-khatibi\/"},"modified":"2020-01-24T07:12:26","modified_gmt":"2020-01-24T12:12:26","slug":"une-publication-en-hommage-posthume-a-abdelkebir-khatibi","status":"publish","type":"post","link":"https:\/\/linitiative.ca\/International\/une-publication-en-hommage-posthume-a-abdelkebir-khatibi\/","title":{"rendered":"Une publication en hommage  posthume \u00e0 Abdelk\u00e9bir Khatibi"},"content":{"rendered":"<header>\n<div class=\"entry-post-meta\">\n<div class=\"author-link\">Publi\u00e9 par <a itemprop=\"author\" itemscope=\"\" itemtype=\"https:\/\/schema.org\/Person\" href=\"http:\/\/aujourdhui.ma\/profile\/kaid\" rel=\"author\"><span itemprop=\"name\">ALM<\/span><\/a><\/div>\n<p>Date\u00a0:<time content=\"2020-01-24T13:12:26+00:00\" class=\"entry-date updated\" datetime=\"2020-01-24T13:12:26+00:00\">janvier 24, 2020<\/time><\/p>\n<div class=\"entry-cat\">dans:<a href=\"http:\/\/aujourdhui.ma\/category\/culture\" rel=\"category tag\">Culture<\/a><\/div>\n<p>0 Vues<\/p>\n<\/div>\n<\/header>\n<div class=\"entry-content clearfix\" readability=\"45\"><img decoding=\"async\" class=\"post_layout_5_img\" src=\"http:\/\/aujourdhui.ma\/wp-content\/uploads\/2020\/01\/Abdelghani-Fennane-livre-Celui-qui-vient-de-l%E2%80%99avenir-Abdelke%CC%81bir-Khatibi.jpg?x29840\" alt=\"Une publication en hommage posthume \u00e0 Abdelk\u00e9bir Khatibi\"\/><\/p>\n<p class=\"p1\"><span class=\"s1\"><span class=\"c4\"><strong>Le livre \u00abCelui qui vient de l\u2019avenir, Abdelk\u00e9bir Khatibi\u00bb, dirig\u00e9 par Abdelghani Fennane, sera sign\u00e9 le 29 janvier au Caf\u00e9 litt\u00e9raire et Galerie Dar Cherifa \u00e0 Marrakech.<\/strong><\/span><\/span> <span id=\"more-330981\"\/><\/p>\n<p class=\"p1\"><span class=\"s1\">Un ouvrage \u00e0 la m\u00e9moire d\u2019Abdelk\u00e9bir Khatibi, l\u2019\u00e9crivain, le penseur radical comme indiqu\u00e9 dans la 4\u00e8me de couverture de cette \u0153uvre. Cet hommage posthume est \u00e9galement rendu, selon la m\u00eame source, au nom de l\u2019amiti\u00e9 et de la filiation de l\u2019esprit. Ce sont 3 g\u00e9n\u00e9rations d\u2019auteurs qui ont particip\u00e9 \u00e0 cet ouvrage qui questionne l\u2019\u0153uvre polyvalente de Feu Khatibi.\u00a0<\/span><\/p>\n<\/div>\n<p>Auteur: ALM<br \/>\n<a href=\"http:\/\/aujourdhui.ma\/culture\/une-publication-en-hommage-posthume-a-abdelkebir-khatibi\">Cliquez ici pour lire l&rsquo;article depuis sa source.<\/a><\/p>\n","protected":false},"excerpt":{"rendered":"<p>Publi\u00e9 par ALM Date\u00a0:janvier 24, 2020 dans:Culture 0 Vues Le livre \u00abCelui qui vient de l\u2019avenir, Abdelk\u00e9bir Khatibi\u00bb, dirig\u00e9 par Abdelghani Fennane, sera sign\u00e9 le 29 janvier au Caf\u00e9 litt\u00e9raire et Galerie Dar Cherifa \u00e0 Marrakech. Un ouvrage \u00e0 la m\u00e9moire d\u2019Abdelk\u00e9bir Khatibi, l\u2019\u00e9crivain, le penseur radical comme indiqu\u00e9 dans la 4\u00e8me de couverture de [&hellip;]<\/p>\n","protected":false},"author":1759,"featured_media":0,"comment_status":"closed","ping_status":"closed","sticky":false,"template":"","format":"standard","meta":{"fifu_image_url":"","fifu_image_alt":"","footnotes":""},"categories":[73,54],"tags":[],"class_list":["post-73989","post","type-post","status-publish","format-standard","hentry","category-actualite","category-maroc"],"_links":{"self":[{"href":"https:\/\/linitiative.ca\/International\/wp-json\/wp\/v2\/posts\/73989","targetHints":{"allow":["GET"]}}],"collection":[{"href":"https:\/\/linitiative.ca\/International\/wp-json\/wp\/v2\/posts"}],"about":[{"href":"https:\/\/linitiative.ca\/International\/wp-json\/wp\/v2\/types\/post"}],"author":[{"embeddable":true,"href":"https:\/\/linitiative.ca\/International\/wp-json\/wp\/v2\/users\/1759"}],"replies":[{"embeddable":true,"href":"https:\/\/linitiative.ca\/International\/wp-json\/wp\/v2\/comments?post=73989"}],"version-history":[{"count":0,"href":"https:\/\/linitiative.ca\/International\/wp-json\/wp\/v2\/posts\/73989\/revisions"}],"wp:attachment":[{"href":"https:\/\/linitiative.ca\/International\/wp-json\/wp\/v2\/media?parent=73989"}],"wp:term":[{"taxonomy":"category","embeddable":true,"href":"https:\/\/linitiative.ca\/International\/wp-json\/wp\/v2\/categories?post=73989"},{"taxonomy":"post_tag","embeddable":true,"href":"https:\/\/linitiative.ca\/International\/wp-json\/wp\/v2\/tags?post=73989"}],"curies":[{"name":"wp","href":"https:\/\/api.w.org\/{rel}","templated":true}]}}