{"id":73990,"date":"2020-01-24T08:00:56","date_gmt":"2020-01-24T13:00:56","guid":{"rendered":"https:\/\/linitiative.ca\/International\/tourisme-durable-souss-massa-partage-son-experience-avec-la-region-ivoirienne-de-san-pedro\/"},"modified":"2020-01-24T08:00:56","modified_gmt":"2020-01-24T13:00:56","slug":"tourisme-durable-souss-massa-partage-son-experience-avec-la-region-ivoirienne-de-san-pedro","status":"publish","type":"post","link":"https:\/\/linitiative.ca\/International\/tourisme-durable-souss-massa-partage-son-experience-avec-la-region-ivoirienne-de-san-pedro\/","title":{"rendered":"Tourisme durable : Souss-Massa partage son exp\u00e9rience avec la r\u00e9gion ivoirienne de San Pedro"},"content":{"rendered":"<p><img decoding=\"async\" class=\"post_layout_5_img\" src=\"http:\/\/aujourdhui.ma\/wp-content\/uploads\/2020\/01\/Tourisme-durable-Souss-Massa-partage-son-expe%CC%81rience-avec-la-re%CC%81gion-ivoirienne-de-San-Pedro.jpg?x29840\" alt=\"Tourisme durable : Souss-Massa partage son exp\u00e9rience avec la r\u00e9gion ivoirienne de San Pedro\"\/><\/p>\n<p class=\"p1\"><span class=\"c4\"><strong><em>L\u2019action de coop\u00e9ration Sud-Sud en mati\u00e8re de migration a pour objectif de renforcer la coop\u00e9ration entre le Maroc, la C\u00f4te d\u2019Ivoire, le Mali et le S\u00e9n\u00e9gal dans le domaine migratoire.<\/em><\/strong><\/span><span id=\"more-330939\"\/><\/p>\n<p class=\"p1\">Cinq Ivoiriens issus de la r\u00e9gion de San Pedro ont<span class=\"Apple-converted-space\">\u00a0<\/span> b\u00e9n\u00e9fici\u00e9 r\u00e9cemment d\u2019une formation sur le tourisme durable qui s\u2019inscrit dans le cadre d\u2019une coop\u00e9ration Sud-Sud portant sur le projet de Renforcement des collectivit\u00e9s territoriales dans l\u2019am\u00e9lioration des structures d\u2019accueil des migrants (Recosa).<\/p>\n<p class=\"p1\">Le projet Recosa, mis en \u0153uvre par l\u2019Agence de coop\u00e9ration allemande (GIZ) en partenariat avec le minist\u00e8re d\u00e9l\u00e9gu\u00e9 aupr\u00e8s du minist\u00e8re des affaires \u00e9trang\u00e8res, de la coop\u00e9ration africaine et des Marocains r\u00e9sidant \u00e0 l\u2019\u00e9tranger, charg\u00e9 des MRE, a organis\u00e9 dans le cadre de son action de coop\u00e9ration Sud-Sud en mati\u00e8re de migration, et en collaboration avec l\u2019autre projet de la GIZ \u00abTourisme durable pour la promotion de l\u2019emploi et des revenus en zone rurale (TD)\u00bb un atelier de formation sur les m\u00e9tiers du tourisme dans la ville de Taroudant du 17 au 21 janvier.<\/p>\n<p class=\"p1\">Cette activit\u00e9 men\u00e9e en partenariat avec la r\u00e9gion du Souss-Massa et le R\u00e9seau de d\u00e9veloppement du tourisme rural<span class=\"Apple-converted-space\">\u00a0<\/span> (RDTR) a permis d\u2019int\u00e9grer des b\u00e9n\u00e9ficiaires ivoiriens issus de la r\u00e9gion de San Pedro, aux c\u00f4t\u00e9s de participants marocains issus de la r\u00e9gion du Souss-Massa, dans l\u2019optique de renforcer leurs capacit\u00e9s dans le domaine du tourisme en vue de faciliter leur int\u00e9gration \u00e9conomique dans leur pays d\u2019origine et de favoriser leur implication dans le d\u00e9veloppement \u00e9conomique de leur r\u00e9gion.<\/p>\n<p class=\"p1\">Elle vise \u00e9galement \u00e0 favoriser les liens entre la r\u00e9gion du Souss-Massa et la r\u00e9gion de San Pedro qui ont sign\u00e9 un m\u00e9morandum d\u2019entente en juin 2018 traduisant une volont\u00e9 commune de coop\u00e9rer dans un cadre d\u2019apprentissage mutuel, de renforcer les \u00e9changes et de promouvoir un transfert de bonnes pratiques en vue de favoriser un cadre de d\u00e9veloppement durable.<\/p>\n<p class=\"p1\">Pour rappel, l\u2019action de coop\u00e9ration Sud-Sud en mati\u00e8re de migration a pour objectif de renforcer la coop\u00e9ration entre le Maroc, la C\u00f4te d\u2019Ivoire, le Mali et le S\u00e9n\u00e9gal dans le domaine migratoire. Dans ce contexte, elle vise entre autres \u00e0 promouvoir la mobilit\u00e9 Sud-Sud d\u2019\u00e9tudiants, de jeunes professionnels, de stagiaires et de volontaires entre ces pays. Cofinanc\u00e9e par le minist\u00e8re f\u00e9d\u00e9ral allemand de la coop\u00e9ration \u00e9conomique et du d\u00e9veloppement (BMZ) et l\u2019Union europ\u00e9enne (UE), cette action est mise en \u0153uvre conjointement par la GIZ et Expertise France.<\/p>\n<p>Auteur: Mohamed Laabid<br \/>\n<a href=\"http:\/\/aujourdhui.ma\/societe\/tourisme-durable-souss-massa-partage-son-experience-avec-la-region-ivoirienne-de-san-pedro\">Cliquez ici pour lire l&rsquo;article depuis sa source.<\/a><\/p>\n","protected":false},"excerpt":{"rendered":"<p>L\u2019action de coop\u00e9ration Sud-Sud en mati\u00e8re de migration a pour objectif de renforcer la coop\u00e9ration entre le Maroc, la C\u00f4te d\u2019Ivoire, le Mali et le S\u00e9n\u00e9gal dans le domaine migratoire. Cinq Ivoiriens issus de la r\u00e9gion de San Pedro ont\u00a0 b\u00e9n\u00e9fici\u00e9 r\u00e9cemment d\u2019une formation sur le tourisme durable qui s\u2019inscrit dans le cadre d\u2019une coop\u00e9ration [&hellip;]<\/p>\n","protected":false},"author":1759,"featured_media":0,"comment_status":"closed","ping_status":"closed","sticky":false,"template":"","format":"standard","meta":{"fifu_image_url":"","fifu_image_alt":"","footnotes":""},"categories":[73,54],"tags":[],"class_list":["post-73990","post","type-post","status-publish","format-standard","hentry","category-actualite","category-maroc"],"_links":{"self":[{"href":"https:\/\/linitiative.ca\/International\/wp-json\/wp\/v2\/posts\/73990","targetHints":{"allow":["GET"]}}],"collection":[{"href":"https:\/\/linitiative.ca\/International\/wp-json\/wp\/v2\/posts"}],"about":[{"href":"https:\/\/linitiative.ca\/International\/wp-json\/wp\/v2\/types\/post"}],"author":[{"embeddable":true,"href":"https:\/\/linitiative.ca\/International\/wp-json\/wp\/v2\/users\/1759"}],"replies":[{"embeddable":true,"href":"https:\/\/linitiative.ca\/International\/wp-json\/wp\/v2\/comments?post=73990"}],"version-history":[{"count":0,"href":"https:\/\/linitiative.ca\/International\/wp-json\/wp\/v2\/posts\/73990\/revisions"}],"wp:attachment":[{"href":"https:\/\/linitiative.ca\/International\/wp-json\/wp\/v2\/media?parent=73990"}],"wp:term":[{"taxonomy":"category","embeddable":true,"href":"https:\/\/linitiative.ca\/International\/wp-json\/wp\/v2\/categories?post=73990"},{"taxonomy":"post_tag","embeddable":true,"href":"https:\/\/linitiative.ca\/International\/wp-json\/wp\/v2\/tags?post=73990"}],"curies":[{"name":"wp","href":"https:\/\/api.w.org\/{rel}","templated":true}]}}