{"id":73991,"date":"2020-01-24T08:35:51","date_gmt":"2020-01-24T13:35:51","guid":{"rendered":"https:\/\/linitiative.ca\/International\/2eme-phase-du-projet-jeunes-theatre-et-engagement-civique-36-maisons-de-jeunes-dans-4-regions-du-maroc-et-500-participants-beneficiaires\/"},"modified":"2020-01-24T08:35:51","modified_gmt":"2020-01-24T13:35:51","slug":"2eme-phase-du-projet-jeunes-theatre-et-engagement-civique-36-maisons-de-jeunes-dans-4-regions-du-maroc-et-500-participants-beneficiaires","status":"publish","type":"post","link":"https:\/\/linitiative.ca\/International\/2eme-phase-du-projet-jeunes-theatre-et-engagement-civique-36-maisons-de-jeunes-dans-4-regions-du-maroc-et-500-participants-beneficiaires\/","title":{"rendered":"2\u00e8me phase du projet \u00abJeunes, th\u00e9\u00e2tre et engagement civique\u00bb : 36 maisons de jeunes dans 4 r\u00e9gions  du Maroc et 500 participants b\u00e9n\u00e9ficiaires"},"content":{"rendered":"<p><img decoding=\"async\" class=\"post_layout_5_img\" src=\"http:\/\/aujourdhui.ma\/wp-content\/uploads\/2020\/01\/Jeunes-the%CC%81a%CC%82tre-et-engagement-civique.jpg?x29840\" alt=\"2\u00e8me phase du projet \u00abJeunes, th\u00e9\u00e2tre et engagement civique\u00bb : 36 maisons de jeunes dans 4 r\u00e9gions du Maroc et 500 participants b\u00e9n\u00e9ficiaires\"\/><\/p>\n<p class=\"p1\"><span class=\"c5\"><strong><span class=\"s1 c4\"><em>Ce programme de formations vise \u00e0 contribuer au renforcement des valeurs de l\u2019engagement civique de la tranche des jeunes au sein de leurs quartiers par l\u2019outil de la cr\u00e9ation artistique dans des milieux d\u00e9pourvus d\u2019offres culturelles et artistiques.<\/em><\/span><\/strong><\/span><span id=\"more-330957\"\/><\/p>\n<p class=\"p1\"><span class=\"s1\">La 2\u00e8me phase du projet \u00abJeunes, th\u00e9\u00e2tre et engagement civique\u00bb livre son bilan. Ce sont 36 maisons de jeunes dans 4 r\u00e9gions du Maroc et 500 participants qui en ont b\u00e9n\u00e9fici\u00e9 jusqu\u2019\u00e0 janvier. L\u2019objectif \u00e9tant, selon l\u2019association Issil pour le th\u00e9\u00e2tre et l\u2019animation culturelle, qui en est l\u2019initiatrice, de <em>\u00abrenforcer les capacit\u00e9s artistiques et cr\u00e9atrices des jeunes issus de quartiers d\u00e9favoris\u00e9s\u00bb<\/em>. Ce programme, men\u00e9 en collaboration avec le minist\u00e8re de la culture, de la jeunesse et des sports, le Th\u00e9\u00e2tre national Mohammed V et la Fondation Drosos, se veut \u00e9galement de <em>\u00abpromouvoir la participation de ces jeunes aux activit\u00e9s d\u2019\u00e9panouissement et \u00e0 les sensibiliser \u00e0 l\u2019importance de l\u2019engagement civique\u00bb.<\/em><\/span><\/p>\n<p class=\"p1\"><span class=\"s1\">D\u00e9j\u00e0 la 1\u00e8re phase \u00e9tait destin\u00e9e \u00e0 d\u00e9velopper l\u2019\u00e9change avec les jeunes issus des quartiers populaires autour de leurs activit\u00e9s, leurs besoins et leurs aspirations. Cette \u00e9tape s\u2019est sold\u00e9e par le lancement, depuis septembre dernier, d\u2019un programme de formations au profit des jeunes moniteurs des maisons de jeunes, comprenant 4 modules le temps de la 2\u00e8me phase, pour les former au th\u00e9\u00e2tre et peaufiner leurs talents.<\/span><\/p>\n<p class=\"p1\"><span class=\"s1\">Des formations assur\u00e9es par des professionnels du th\u00e9\u00e2tre \u00e0 l\u2019instar du com\u00e9dien Farid Regragui. Ces formations ont, selon les initiateurs, \u00e9t\u00e9 l\u2019occasion d\u2019expliciter la fonction de l\u2019action culturelle dans la soci\u00e9t\u00e9 moderne via les structures d\u2019accueil comme les maisons de jeunes et les centres culturels. Il y \u00e9tait \u00e9galement question de montrer le r\u00f4le du th\u00e9\u00e2tre dans le d\u00e9veloppement de la personnalit\u00e9 et l\u2019importance des arts dans l\u2019int\u00e9gration des jeunes, notamment ceux qui sont issus des quartiers populaires et\/ou d\u00e9favoris\u00e9s et qui rencontrent des difficult\u00e9s d\u2019insertion.<\/span><\/p>\n<p class=\"p1\"><span class=\"s1\">En d\u00e9tail, ce programme de formations dispens\u00e9 \u00e0 Rabat-Sal\u00e9-K\u00e9nitra, Tanger-T\u00e9touan-Al Hoceima, F\u00e8s-Mekn\u00e8s et Marrakech-Safi, vise \u00e0 contribuer au renforcement des valeurs de l\u2019engagement civique de la tranche des jeunes au sein de leurs quartiers par l\u2019outil de la cr\u00e9ation artistique dans des milieux d\u00e9pourvus d\u2019offres culturelles et artistiques. Devant la vuln\u00e9rabilit\u00e9 de ces milieux, la \u00absensibilisation par l\u2019art\u00bb est, selon la m\u00eame source, le moyen ultime pour aider cette jeunesse \u00e0 trouver sa vocation, \u00e0 \u00e9voluer et \u00e0 s\u2019\u00e9panouir et aspirer \u00e0 un<span class=\"Apple-converted-space\">\u00a0<\/span> environnement meilleur.<\/span><\/p>\n<p class=\"p1\"><span class=\"s1\">De par cette s\u00e9rie de formations, les participants ont, selon Farid Regragui, \u00e9t\u00e9 <em>\u00abbien outill\u00e9s des techniques n\u00e9cessaires afin de d\u00e9velopper leurs capacit\u00e9s artistiques et leurs capacit\u00e9s d\u2019interaction ; le sens de l\u2019imagination, la cr\u00e9ativit\u00e9 et la capacit\u00e9 d\u2019expression sur sc\u00e8ne. Ces \u00e9l\u00e9ments-l\u00e0 ont \u00e9t\u00e9 d\u00e9velopp\u00e9s progressivement chez les b\u00e9n\u00e9ficiaires tout au long des sessions programm\u00e9es. Maintenant ces derniers sont en mesure de d\u00e9velopper le langage et l\u2019interpr\u00e9tation corporels\u00bb.<\/em><\/span><\/p>\n<p class=\"p1\"><span class=\"s1\">Mieux encore, ces initiatives ambitieuses, au sens des organisateurs, esp\u00e8rent grandir et \u00e9voluer dans le temps. <em>\u00abCe projet continue toujours avec l\u2019espoir de mobiliser de plus en plus les maisons de jeunes \u00e0 agir et \u00e0 cr\u00e9er elles-m\u00eames des espaces d\u2019\u00e9changes autour de la th\u00e9matique initiale du projet d\u00e9di\u00e9e aux jeunes avec l\u2019encadrement des moniteurs form\u00e9s. L\u2019association Issil va donc intervenir dans le volet de l\u2019accompagnement de ces initiatives cr\u00e9atrices pour aboutir \u00e0 l\u2019organisation de festivals au niveau r\u00e9gional; et par la suite un festival national qui sera le fruit d\u2019un tas d\u2019efforts fournis en 4 ans par les porteurs du projet\u00bb<\/em>, projette la structure.<\/span><\/p>\n<p>Auteur: ALM<br \/>\n<a href=\"http:\/\/aujourdhui.ma\/culture\/2eme-phase-du-projet-jeunes-theatre-et-engagement-civique-36-maisons-de-jeunes-dans-4-regions-du-maroc-et-500-participants-beneficiaires\">Cliquez ici pour lire l&rsquo;article depuis sa source.<\/a><\/p>\n","protected":false},"excerpt":{"rendered":"<p>Ce programme de formations vise \u00e0 contribuer au renforcement des valeurs de l\u2019engagement civique de la tranche des jeunes au sein de leurs quartiers par l\u2019outil de la cr\u00e9ation artistique dans des milieux d\u00e9pourvus d\u2019offres culturelles et artistiques. La 2\u00e8me phase du projet \u00abJeunes, th\u00e9\u00e2tre et engagement civique\u00bb livre son bilan. Ce sont 36 maisons [&hellip;]<\/p>\n","protected":false},"author":1759,"featured_media":0,"comment_status":"closed","ping_status":"closed","sticky":false,"template":"","format":"standard","meta":{"fifu_image_url":"","fifu_image_alt":"","footnotes":""},"categories":[73,54],"tags":[],"class_list":["post-73991","post","type-post","status-publish","format-standard","hentry","category-actualite","category-maroc"],"_links":{"self":[{"href":"https:\/\/linitiative.ca\/International\/wp-json\/wp\/v2\/posts\/73991","targetHints":{"allow":["GET"]}}],"collection":[{"href":"https:\/\/linitiative.ca\/International\/wp-json\/wp\/v2\/posts"}],"about":[{"href":"https:\/\/linitiative.ca\/International\/wp-json\/wp\/v2\/types\/post"}],"author":[{"embeddable":true,"href":"https:\/\/linitiative.ca\/International\/wp-json\/wp\/v2\/users\/1759"}],"replies":[{"embeddable":true,"href":"https:\/\/linitiative.ca\/International\/wp-json\/wp\/v2\/comments?post=73991"}],"version-history":[{"count":0,"href":"https:\/\/linitiative.ca\/International\/wp-json\/wp\/v2\/posts\/73991\/revisions"}],"wp:attachment":[{"href":"https:\/\/linitiative.ca\/International\/wp-json\/wp\/v2\/media?parent=73991"}],"wp:term":[{"taxonomy":"category","embeddable":true,"href":"https:\/\/linitiative.ca\/International\/wp-json\/wp\/v2\/categories?post=73991"},{"taxonomy":"post_tag","embeddable":true,"href":"https:\/\/linitiative.ca\/International\/wp-json\/wp\/v2\/tags?post=73991"}],"curies":[{"name":"wp","href":"https:\/\/api.w.org\/{rel}","templated":true}]}}