{"id":73992,"date":"2020-01-24T04:41:33","date_gmt":"2020-01-24T09:41:33","guid":{"rendered":"https:\/\/linitiative.ca\/International\/vie-des-pros-marocains-deurope\/"},"modified":"2020-01-24T04:41:33","modified_gmt":"2020-01-24T09:41:33","slug":"vie-des-pros-marocains-deurope","status":"publish","type":"post","link":"https:\/\/linitiative.ca\/International\/vie-des-pros-marocains-deurope\/","title":{"rendered":"Vie des \u00abpros\u00bb marocains d\u2019Europe"},"content":{"rendered":"<p class=\"has-text-color has-vivid-red-color c2\"><strong>Les confessions de Yunis Abdelhamid<\/strong><\/p>\n<p class=\"has-text-color c3\"><strong>L\u2019international marocain et d\u00e9fenseur de Reims, Yunis Abdelhamid, a \u00e9voqu\u00e9 plusieurs points concernant sa carri\u00e8re, dans une interview accord\u00e9e \u00e0 France football, dans laquelle le Lion de l\u2019Atlas se rem\u00e9more ses d\u00e9buts en amateur.<\/strong><\/p>\n<p>N\u00e9 le 28 septembre 1987 \u00e0 Montpellier en France, Yunis Abelhamid, dont le p\u00e8re est originaire de Tinghir et la m\u00e8re de K\u00e9nitra, avait d\u00e9but\u00e9 sa carri\u00e8re de footballeur au club Montpellier Arceaux \u00e0 l\u2019\u00e2ge de 13 ans, avant de rejoindre deux ann\u00e9es plus tard l\u2019ASPTT de Montpellier puis l\u2019AS Lattes \u00e0 ses 17 ans. Il y reste jusqu\u2019\u00e0 l\u2019\u00e9t\u00e9 2011, \u00e9tant en parall\u00e8le un joueur de futsal et licenci\u00e9 aupr\u00e8s de l\u2019\u00e9quipe de Montpellier qui acc\u00e8de \u00e0 la Division 11.<\/p>\n<p>Ne se destinant pas forc\u00e9ment \u00e0 une carri\u00e8re de footballeur professionnel, Yunis est titulaire d\u2019un Master de sciences de la gestion, option finance, obtenu \u00e0 l\u2019Universit\u00e9 d\u2019Aix-Marseille, avec l\u2019envie de devenir comptable1.<\/p>\n<p>\u00abJ\u2019\u00e9tais un jeune \u00e9tudiant, comme les autres. J\u2019\u00e9tais boursier. J\u2019allais en cours le matin, je rentrais, j\u2019achetais mon petit sandwich, des fois on allait dans la cuisine commune. J\u2019avais ma petite vie p\u00e9p\u00e8re. Le week-end, je rentrais chez moi. Je ne pensais ni au foot, ni \u00e0 autre chose, mais \u00e0 faire ma vie et avoir mon boulot dans la comptabilit\u00e9. Les \u00e9tudes passaient avant tout dans la famille. M\u00eame si je jouais en DH, \u00e0 Lattes, avec les copains, mon p\u00e8re me demandait\u00a0: \u00ab\u00a0Mais est-ce que tu gagnes ta vie en jouant \u00e0 Lattes\u00a0? Non\u00a0? Bah, fais tes \u00e9tudes et va dans la comptabilit\u00e9.\u00a0\u00bb C\u2019est vers ce m\u00e9tier que je me dirigeais. C\u2019\u00e9tait mon objectif avant le football\u00bb.<\/p>\n<p>Ag\u00e9 de 32 ans, le Lion de l\u2019Atlas a fait toute sa carri\u00e8re en France, malgr\u00e9 avoir \u00e9t\u00e9 sollicit\u00e9 par plusieurs clubs au fil de sa carri\u00e8re pour partir jou\u00e9 \u00e0 l\u2019\u00e9tranger\u00a0: \u201cJ\u2019avais envie de partir \u00e0 l\u2019\u00e9tranger. J\u2019ai eu l\u2019opportunit\u00e9 d\u2019aller \u00e0 Qaraba\u011f (Azerba\u00efdjan) C\u2019\u00e9tait tentant et il ne faut pas se mentir, l\u2019aspect financier entrait aussi en jeu. J\u2019ai h\u00e9sit\u00e9 mais apr\u00e8s l\u2019exp\u00e9rience rat\u00e9e \u00e0 Dijon (2016-2017), j\u2019avais envie de conna\u00eetre une aventure dans un club qui joue la mont\u00e9e. J\u2019en avais marre de jouer le maintien et finalement Reims a \u00e9t\u00e9 le bon choix\u201d, affirme-t-il.<\/p>\n<p>Ayant disput\u00e9 les 60 derniers matchs de son \u00e9quipe dans leur int\u00e9gralit\u00e9, Yunis Abdelhamid, affiche un \u00e9tat de forme extraordinaire. Le patron de la d\u00e9fense de Reims s\u2019est confi\u00e9 sur son hygi\u00e8ne de vie, avant et apr\u00e8s \u00eatre devenu pro\u00a0:<\/p>\n<p>\u00ab\u00c0 Arles-Avignon\u00a0(2011-2014), je n\u2019avais pas du tout l\u2019hygi\u00e8ne de vie, le rythme de vie que j\u2019ai maintenant. Amateur, on peut manger le tajine de la maman et ensuite aller au match. Puis, le soir, manger kebab. \u00c0 Arles-Avignon, c\u2019\u00e9tait un peu la guinguette. Je n\u2019avais pas encore cette rigueur. Et, cette rigueur, j\u2019ai mis longtemps \u00e0 l\u2019avoir. M\u00eame si j\u2019\u00e9tais assez s\u00e9rieux. C\u2019est vraiment depuis que je suis \u00e0 Reims que je l\u2019ai\u00bb.<\/p>\n<p>Ag\u00e9 de 32 ans, l\u2019international marocain est au sommet physiquement et affiche des prestations de plus en plus solides au fil des ann\u00e9es\u00a0: \u00ab\u00c7a revient souvent. Les gens ont l\u2019impression que plus \u00e7a avance, plus je deviens de plus en plus fort. Pourquoi pas! \u00c7a me motive \u00e0 continuer, \u00e0 garder ma ligne de conduite et \u00e0 tout faire pour aller le plus haut possible. Chacun son destin. Ma trajectoire a \u00e9t\u00e9 d\u00e9cid\u00e9e comme \u00e7a. Je vis l\u2019instant pr\u00e9sent\u00bb.<\/p>\n<p>Concernant ses objectifs, Abdelhamid a dans sa ligne de mire une qualification pour la prochaine Coupe du Monde 2022 au Qatar. Sur le plan personnel, il aimerait devenir entra\u00eeneur\u00a0: \u201cJ\u2019aimerais transmettre ce que j\u2019ai appris, mais pas dans le monde pros plut\u00f4t avec les jeunes\u201d, conclut-il.<\/p>\n<p class=\"c4\"><strong>Oussama Zidouhia<\/strong><\/p>\n<p>Auteur: M&rsquo;hammed rahal<br \/>\n<a href=\"http:\/\/albayane.press.ma\/vie-des-pros-marocains-deurope.html\">Cliquez ici pour lire l&rsquo;article depuis sa source.<\/a><\/p>\n","protected":false},"excerpt":{"rendered":"<p>Les confessions de Yunis Abdelhamid L\u2019international marocain et d\u00e9fenseur de Reims, Yunis Abdelhamid, a \u00e9voqu\u00e9 plusieurs points concernant sa carri\u00e8re, dans une interview accord\u00e9e \u00e0 France football, dans laquelle le Lion de l\u2019Atlas se rem\u00e9more ses d\u00e9buts en amateur. N\u00e9 le 28 septembre 1987 \u00e0 Montpellier en France, Yunis Abelhamid, dont le p\u00e8re est originaire [&hellip;]<\/p>\n","protected":false},"author":1760,"featured_media":0,"comment_status":"closed","ping_status":"closed","sticky":false,"template":"","format":"standard","meta":{"fifu_image_url":"","fifu_image_alt":"","footnotes":""},"categories":[73,54],"tags":[],"class_list":["post-73992","post","type-post","status-publish","format-standard","hentry","category-actualite","category-maroc"],"_links":{"self":[{"href":"https:\/\/linitiative.ca\/International\/wp-json\/wp\/v2\/posts\/73992","targetHints":{"allow":["GET"]}}],"collection":[{"href":"https:\/\/linitiative.ca\/International\/wp-json\/wp\/v2\/posts"}],"about":[{"href":"https:\/\/linitiative.ca\/International\/wp-json\/wp\/v2\/types\/post"}],"author":[{"embeddable":true,"href":"https:\/\/linitiative.ca\/International\/wp-json\/wp\/v2\/users\/1760"}],"replies":[{"embeddable":true,"href":"https:\/\/linitiative.ca\/International\/wp-json\/wp\/v2\/comments?post=73992"}],"version-history":[{"count":0,"href":"https:\/\/linitiative.ca\/International\/wp-json\/wp\/v2\/posts\/73992\/revisions"}],"wp:attachment":[{"href":"https:\/\/linitiative.ca\/International\/wp-json\/wp\/v2\/media?parent=73992"}],"wp:term":[{"taxonomy":"category","embeddable":true,"href":"https:\/\/linitiative.ca\/International\/wp-json\/wp\/v2\/categories?post=73992"},{"taxonomy":"post_tag","embeddable":true,"href":"https:\/\/linitiative.ca\/International\/wp-json\/wp\/v2\/tags?post=73992"}],"curies":[{"name":"wp","href":"https:\/\/api.w.org\/{rel}","templated":true}]}}