{"id":73993,"date":"2020-01-24T04:52:05","date_gmt":"2020-01-24T09:52:05","guid":{"rendered":"https:\/\/linitiative.ca\/International\/%ef%bb%bfle-maroc-etablit-sa-competence-juridique-sur-lensemble-de-son-domaine-maritime\/"},"modified":"2020-01-24T04:52:05","modified_gmt":"2020-01-24T09:52:05","slug":"%ef%bb%bfle-maroc-etablit-sa-competence-juridique-sur-lensemble-de-son-domaine-maritime","status":"publish","type":"post","link":"https:\/\/linitiative.ca\/International\/%ef%bb%bfle-maroc-etablit-sa-competence-juridique-sur-lensemble-de-son-domaine-maritime\/","title":{"rendered":"\ufeffLe Maroc \u00e9tablit sa comp\u00e9tence juridique sur l\u2019ensemble de son domaine maritime"},"content":{"rendered":"<p class=\"has-text-color c2\"><strong>La Chambre des repr\u00e9sentants a adopt\u00e9, mercredi \u00e0 l\u2019unanimit\u00e9, deux projets de loi visant \u00e0 \u00e9tablir la comp\u00e9tence juridique du Royaume sur l\u2019ensemble de son domaine maritime.<\/strong><\/p>\n<p>Il s\u2019agit du projet de loi n\u00b0 37.17 modifiant et compl\u00e9tant le Dahir portant loi n\u00b0 1.73.211 du 26 Moharrem 1393 (2 mars 1973) fixant la limite des eaux territoriales, ainsi que du projet de loi n\u00b0 38.17 modifiant et compl\u00e9tant la loi n\u00b0 1.81 instituant une zone \u00e9conomique exclusive de 200 miles marins au large des c\u00f4tes marocaines.<\/p>\n<p>Dans un expos\u00e9 devant les d\u00e9put\u00e9s, le ministre des Affaires \u00e9trang\u00e8res, de la coop\u00e9ration africaine et des Marocains r\u00e9sidant \u00e0 l\u2019\u00e9tranger, Nasser Bourita, a soulign\u00e9 que les deux textes rev\u00eatent une importance capitale dans le contexte de l\u2019actualisation de l\u2019arsenal juridique national relatif aux espaces maritimes du Royaume.<\/p>\n<p>L\u2019activation de la proc\u00e9dure l\u00e9gislative relative aux deux projets de loi, a-t-il rappel\u00e9, intervient dans la foul\u00e9e du discours royal prononc\u00e9 \u00e0 l\u2019occasion du 44e anniversaire de la Marche Verte, dans lequel le Souverain a soulign\u00e9 la n\u00e9cessit\u00e9 d\u2019assimiler la configuration de l\u2019ensemble de l\u2019espace territorial du Royaume.<\/p>\n<p>\u00ab\u00a0Ces Hautes directives royales nous interpellent pour combler le vide l\u00e9gislatif qui marque l\u2019arsenal juridique national r\u00e9gissant les espaces maritimes, et l\u2019adapter \u00e0 la pleine souverainet\u00e9 du Maroc sur l\u2019ensemble de son territoire et eaux territoriales, mais aussi a\u00e9riennes, en droite ligne de l\u2019approche de clart\u00e9 et d\u2019audace voulue par SM le Roi Mohammed VI en tant que fondement de la politique \u00e9trang\u00e8re du Royaume\u00a0\u00bb, a relev\u00e9 M. Bourita.<\/p>\n<p>Parmi les consid\u00e9rations ayant men\u00e9 \u00e0 l\u2019\u00e9laboration de ces deux projets de loi, figure \u00e9galement la mise \u00e0 jour de l\u2019arsenal juridique national relatif aux espaces maritimes, afin de parachever le processus d\u2019\u00e9tablissement de la souverainet\u00e9 juridique du Royaume sur l\u2019ensemble de ses domaines maritimes, a-t-il affirm\u00e9.<\/p>\n<p>Cette d\u00e9marche est \u00e0 m\u00eame de d\u00e9terminer plus pr\u00e9cis\u00e9ment les domaines maritimes plac\u00e9s sous la souverainet\u00e9 et les droits souverains du Royaume, a-t-il not\u00e9, pr\u00e9cisant que sa largeur est calcul\u00e9e \u00e0 partir de lignes de base, sur 12 milles pour la mer territoriale, 24 milles pour la zone contigu\u00eb, 200 milles pour la zone \u00e9conomique exclusive et 350 milles maximum pour le plateau continental.<\/p>\n<p>L\u2019\u00e9laboration de ces deux textes est aussi motiv\u00e9e par la mise en conformit\u00e9 des l\u00e9gislations nationales avec certains engagements et \u00e9ch\u00e9ances internationaux, a-t-il pr\u00e9cis\u00e9, citant \u00e0 ce propos l\u2019harmonisation avec la convention de l\u2019ONU sur le droit de la mer (1982) et l\u2019abrogation de certaines dispositions tomb\u00e9es en d\u00e9su\u00e9tude.<\/p>\n<p>Ces lois en cours d\u2019actualisation sont autant de fondements pour le d\u00e9cret n\u00b0 311.75.2 de 1973, fixant les lignes de fermeture de baies sur les c\u00f4tes marocaines, a-t-il ajout\u00e9, notant que le d\u00e9cret a subi \u00e0 son tour une r\u00e9vision compl\u00e8te, pour introduire les donn\u00e9es scientifiques et g\u00e9ographiques relatives \u00e0 la \u00abligne de base\u00bb des zones maritimes au-del\u00e0 de Cap Juby \u00e0 Tarfaya, incluant l\u2019espace maritime atlantique le long des c\u00f4tes des Provinces du sud, a pr\u00e9cis\u00e9 le ministre.<\/p>\n<p>M. Bourita a assur\u00e9 que la d\u00e9limitation des espaces maritimes nationaux est une affaire int\u00e9rieure et un acte de souverainet\u00e9 qui se r\u00e9f\u00e8re \u00e0 la convention des Nations unies sur le droit de la mer. \u00ab\u00a0L\u2019actualisation des l\u00e9gislations nationales s\u2019inscrit dans le cadre d\u2019une interaction constructive et responsable de notre syst\u00e8me juridique interne avec le droit international\u00a0\u00bb, a-t-il dit, relevant qu\u2019il s\u2019agit, en m\u00eame temps, d\u2019une question de port\u00e9e internationale qui pourrait \u00eatre sujet \u00e0 des n\u00e9gociations entre le Royaume et les \u00c9tats ayant des c\u00f4tes limitrophes, particuli\u00e8rement l\u2019Espagne voisine consid\u00e9r\u00e9e comme un partenaire strat\u00e9gique li\u00e9 au Maroc par des relations politiques, \u00e9conomiques et historiques fortes.<\/p>\n<p>Fort de ses droits nationaux, le Maroc en tant qu\u2019\u00c9tat responsable ne cherche gu\u00e8re \u00e0 imposer unilat\u00e9ralement un quelconque fait accompli dans le domaine de d\u00e9limitation de ses fronti\u00e8res maritimes, a-t-il affirm\u00e9.<\/p>\n<p>Il a, \u00e9galement, soulign\u00e9 que c\u2019est dans le cadre de cette dimension juridique, technique et g\u00e9opolitique qu\u2019intervient l\u2019\u00e9laboration de ces deux projets de loi, qui sont de nature \u00e0 mettre en place un cadre l\u00e9gislatif garantissant un arsenal juridique national relatif au domaine maritime moderne, complet, d\u00e9termin\u00e9 et clair, englobant l\u2019ensemble des territoires maritimes sous la souverainet\u00e9 et les droits souverains du Royaume et l\u2019ensemble des c\u00f4tes nationales, aussi bien en M\u00e9diterran\u00e9e que sur l\u2019Oc\u00e9an atlantique, sans exception.<\/p>\n<p>Le Maroc veillera sur ses droits, respectera ses engagements, restera ouvert sur les positions nationales des pays voisins amis et leurs droits l\u00e9gitimes, tout comme il sera dispos\u00e9 \u00e0 un dialogue constructif de nature \u00e0 aboutir \u00e0 des compromis globaux et \u00e9quitables, sur la base de l\u2019int\u00e9r\u00eat mutuel, a-t-il conclu.<\/p>\n<p class=\"c3\">(<strong>MAP<\/strong>)<\/p>\n<p>Auteur: M&rsquo;hammed rahal<br \/>\n<a href=\"http:\/\/albayane.press.ma\/%EF%BB%BFle-maroc-etablit-sa-competence-juridique-sur-lensemble-de-son-domaine-maritime.html\">Cliquez ici pour lire l&rsquo;article depuis sa source.<\/a><\/p>\n","protected":false},"excerpt":{"rendered":"<p>La Chambre des repr\u00e9sentants a adopt\u00e9, mercredi \u00e0 l\u2019unanimit\u00e9, deux projets de loi visant \u00e0 \u00e9tablir la comp\u00e9tence juridique du Royaume sur l\u2019ensemble de son domaine maritime. Il s\u2019agit du projet de loi n\u00b0 37.17 modifiant et compl\u00e9tant le Dahir portant loi n\u00b0 1.73.211 du 26 Moharrem 1393 (2 mars 1973) fixant la limite des [&hellip;]<\/p>\n","protected":false},"author":1760,"featured_media":0,"comment_status":"closed","ping_status":"closed","sticky":false,"template":"","format":"standard","meta":{"fifu_image_url":"","fifu_image_alt":"","footnotes":""},"categories":[73,54],"tags":[],"class_list":["post-73993","post","type-post","status-publish","format-standard","hentry","category-actualite","category-maroc"],"_links":{"self":[{"href":"https:\/\/linitiative.ca\/International\/wp-json\/wp\/v2\/posts\/73993","targetHints":{"allow":["GET"]}}],"collection":[{"href":"https:\/\/linitiative.ca\/International\/wp-json\/wp\/v2\/posts"}],"about":[{"href":"https:\/\/linitiative.ca\/International\/wp-json\/wp\/v2\/types\/post"}],"author":[{"embeddable":true,"href":"https:\/\/linitiative.ca\/International\/wp-json\/wp\/v2\/users\/1760"}],"replies":[{"embeddable":true,"href":"https:\/\/linitiative.ca\/International\/wp-json\/wp\/v2\/comments?post=73993"}],"version-history":[{"count":0,"href":"https:\/\/linitiative.ca\/International\/wp-json\/wp\/v2\/posts\/73993\/revisions"}],"wp:attachment":[{"href":"https:\/\/linitiative.ca\/International\/wp-json\/wp\/v2\/media?parent=73993"}],"wp:term":[{"taxonomy":"category","embeddable":true,"href":"https:\/\/linitiative.ca\/International\/wp-json\/wp\/v2\/categories?post=73993"},{"taxonomy":"post_tag","embeddable":true,"href":"https:\/\/linitiative.ca\/International\/wp-json\/wp\/v2\/tags?post=73993"}],"curies":[{"name":"wp","href":"https:\/\/api.w.org\/{rel}","templated":true}]}}