{"id":73994,"date":"2020-01-24T04:56:11","date_gmt":"2020-01-24T09:56:11","guid":{"rendered":"https:\/\/linitiative.ca\/International\/leclosion-de-la-region-souss-massa\/"},"modified":"2020-01-24T04:56:11","modified_gmt":"2020-01-24T09:56:11","slug":"leclosion-de-la-region-souss-massa","status":"publish","type":"post","link":"https:\/\/linitiative.ca\/International\/leclosion-de-la-region-souss-massa\/","title":{"rendered":"L\u2019\u00e9closion de la r\u00e9gion Souss Massa?"},"content":{"rendered":"<p class=\"has-text-color c2\"><strong>La r\u00e9gion Souss Massa et sa capitale, plus particuli\u00e8rement, vivent des moments de grosse intensit\u00e9, \u00e0 la veille de l\u2019av\u00e8nement, en pompe du Souverain.<\/strong><\/p>\n<p>A coup s\u00fbr, c\u2019est un \u00e9v\u00e9nement fait date, d\u2019autant plus qu\u2019il survient au lendemain de l\u2019annonce royale, lors du dernier discours au cours duquel il fut rappel\u00e9 de la centralit\u00e9 de la r\u00e9gion et surtout de la relance du p\u00f4le \u00e9conomique, \u00e0 l\u2019instar des m\u00e9tropoles du royaume.<\/p>\n<p>C\u2019est \u00e9galement un s\u00e9rieux exercice pour toutes les composantes, notamment les d\u00e9cideurs qui pr\u00e9sident aux destin\u00e9es r\u00e9gionales de ces contr\u00e9es f\u00e9condes. Un test d\u00e9licat qui s\u2019av\u00e8re \u00e0 la fois ardu et ardent pour mettre sur orbite une panoplie de projets, \u00e0 m\u00eame de fructifier le potentiel riche et vari\u00e9 d\u2019une r\u00e9gion agissante.<\/p>\n<p>En fait, si le Monarque se d\u00e9cide enfin de venir, c\u2019est que, sans doute, on aurait bien moulu du grain en aval pour en r\u00e9colter du fruit en amont. Il aurait fallu l\u2019\u00e9coulement \u00a0d\u2019une s\u00e8ve tonique dans les vaisseaux de la r\u00e9gion pour enclencher une forte bouff\u00e9e de synergie symbiotique.<\/p>\n<p>La r\u00e9colte en est richement aguicheuse pour cette visite tant attendue, au point de faire oublier toutes les \u00abd\u00e9convenues\u00bb ant\u00e9rieures. A pr\u00e9sent, il y aurait de quoi faire le d\u00e9tour, \u00e0 retenir le menu consistant \u00e0 pr\u00e9senter, non sans r\u00e9jouissance. Tout d\u2019abord, on \u00e9voquera la station de dessalement de l\u2019eau de mer, \u00e0 la commune d\u2019Inchaden d\u00e9pendant de la province de Chtouka Ait Baha dont le co\u00fbt s\u2019\u00e9l\u00e8ve \u00e0 3,83 milliards de dirhams, avec 1,97 pour l\u2019irrigation agricole et 1,86 pour l\u2019eau potable.<\/p>\n<p>Une belle prouesse de grande envergure qui prend forme, au moment o\u00f9 le stress hydrique taraude s\u00e9rieusement non seulement la r\u00e9gion, mais l\u2019ensemble du pays. R\u00e9cemment, une large r\u00e9union a \u00e9t\u00e9 tenue, sous la pr\u00e9sidence de SM le Roi et en pr\u00e9sence de tous les intervenants du secteur pour endiguer ce fl\u00e9au chronique.<\/p>\n<p>D\u2019autre part, il est question d\u2019inaugurer et de lancer des projets de notori\u00e9t\u00e9 socio-\u00e9conomique de premier ordre, tels la zone franche, le plan d\u2019acc\u00e9l\u00e9ration industrielle, le programme int\u00e9gr\u00e9 du grand Agadir, la mise en valeur de la Kasbah d\u2019Agadir, le CHU, la maison des arts, le contournement et bien d\u2019autres projets de grand standing. Il est donc bien clair que ce premier sursaut serait porteur de beaucoup d\u2019espoirs qui ouvriraient de larges horizons.<\/p>\n<p>On mettrait fin \u00e0 \u00abl\u2019orphelinat\u00bb d\u2019une r\u00e9gion rest\u00e9e, sans \u00abparrains\u00bb, depuis des lustres. Ce n\u2019est que partie remise pour rattraper les retards de tant d\u2019ann\u00e9es d\u2019abandon!<\/p>\n<p>Auteur: M&rsquo;hammed rahal<br \/>\n<a href=\"http:\/\/albayane.press.ma\/leclosion-de-la-region-souss-massa.html\">Cliquez ici pour lire l&rsquo;article depuis sa source.<\/a><\/p>\n","protected":false},"excerpt":{"rendered":"<p>La r\u00e9gion Souss Massa et sa capitale, plus particuli\u00e8rement, vivent des moments de grosse intensit\u00e9, \u00e0 la veille de l\u2019av\u00e8nement, en pompe du Souverain. A coup s\u00fbr, c\u2019est un \u00e9v\u00e9nement fait date, d\u2019autant plus qu\u2019il survient au lendemain de l\u2019annonce royale, lors du dernier discours au cours duquel il fut rappel\u00e9 de la centralit\u00e9 de [&hellip;]<\/p>\n","protected":false},"author":1760,"featured_media":0,"comment_status":"closed","ping_status":"closed","sticky":false,"template":"","format":"standard","meta":{"fifu_image_url":"","fifu_image_alt":"","footnotes":""},"categories":[73,54],"tags":[],"class_list":["post-73994","post","type-post","status-publish","format-standard","hentry","category-actualite","category-maroc"],"_links":{"self":[{"href":"https:\/\/linitiative.ca\/International\/wp-json\/wp\/v2\/posts\/73994","targetHints":{"allow":["GET"]}}],"collection":[{"href":"https:\/\/linitiative.ca\/International\/wp-json\/wp\/v2\/posts"}],"about":[{"href":"https:\/\/linitiative.ca\/International\/wp-json\/wp\/v2\/types\/post"}],"author":[{"embeddable":true,"href":"https:\/\/linitiative.ca\/International\/wp-json\/wp\/v2\/users\/1760"}],"replies":[{"embeddable":true,"href":"https:\/\/linitiative.ca\/International\/wp-json\/wp\/v2\/comments?post=73994"}],"version-history":[{"count":0,"href":"https:\/\/linitiative.ca\/International\/wp-json\/wp\/v2\/posts\/73994\/revisions"}],"wp:attachment":[{"href":"https:\/\/linitiative.ca\/International\/wp-json\/wp\/v2\/media?parent=73994"}],"wp:term":[{"taxonomy":"category","embeddable":true,"href":"https:\/\/linitiative.ca\/International\/wp-json\/wp\/v2\/categories?post=73994"},{"taxonomy":"post_tag","embeddable":true,"href":"https:\/\/linitiative.ca\/International\/wp-json\/wp\/v2\/tags?post=73994"}],"curies":[{"name":"wp","href":"https:\/\/api.w.org\/{rel}","templated":true}]}}