{"id":73996,"date":"2020-01-24T05:10:23","date_gmt":"2020-01-24T10:10:23","guid":{"rendered":"https:\/\/linitiative.ca\/International\/adam-de-maryam-touzani\/"},"modified":"2020-01-24T05:10:23","modified_gmt":"2020-01-24T10:10:23","slug":"adam-de-maryam-touzani","status":"publish","type":"post","link":"https:\/\/linitiative.ca\/International\/adam-de-maryam-touzani\/","title":{"rendered":"Adam de Maryam Touzani"},"content":{"rendered":"<p class=\"has-text-color c2\"><strong>Dans le domaine du cin\u00e9ma, nul besoin de quota ou autre parit\u00e9 : en la mati\u00e8re, les femmes ont d\u00e9montr\u00e9 que ce n\u2019est pas le nombre qui fait la diff\u00e9rence; que la qualit\u00e9 du travail n\u2019est pas tributaire de la quantit\u00e9 des femmes titulaires de la carte de r\u00e9alisateur.<\/strong><\/p>\n<p>Elles sont \u00e0 peine 20% du nombre mais leurs films affichent une pr\u00e9sence remarqu\u00e9e et leur assurent une grande renomm\u00e9e. Leila Kilani avec Sur la planche vient d\u2019\u00eatre pl\u00e9biscit\u00e9e, par un panel de critiques,\u00a0 cin\u00e9aste de la d\u00e9cennie 2010-2020; Tala Hadid avec Tigmi N igrane s\u00e9duit ici et ailleurs\u2026<\/p>\n<p>Et aujourd\u2019hui, l\u2019actualit\u00e9 est focalis\u00e9e sur le film Adam de Mariam Touzani, occupant pratiquement les devants de la sc\u00e8ne depuis sa premi\u00e8re cannoise (s\u00e9lection officielle, Un certain regard). Il arrive aujourd\u2019hui d sur les \u00e9crans du pays, aur\u00e9ol\u00e9 de plusieurs r\u00e9compenses (une vingtaine) glan\u00e9es dans une multitude de festivals et manifestations cin\u00e9matographiques.<\/p>\n<p>Maryam Touzani rejoint ainsi, sur ce plan, une autre femme cin\u00e9aste, Yasmin Kessari, qui d\u00e9tient, pour son film L\u2019enfant endormi, le record de r\u00e9compenses internationales pour un long m\u00e9trage marocain\u2026 Adam a \u00e9t\u00e9 candidat en outre aux Oscars et a b\u00e9n\u00e9fici\u00e9 d\u2019une projection sp\u00e9ciale \u00e0 Marrakech. Un succ\u00e8s ind\u00e9niable qui am\u00e8ne une premi\u00e8re interrogation\u00a0: un tel accueil \u00e0 l\u2019international est-il inh\u00e9rent aux qualit\u00e9s intrins\u00e8ques du film ou est-ce le r\u00e9sultat d\u2019une strat\u00e9gie professionnelle de marketing?<\/p>\n<p>L\u2019interrogation est l\u00e9gitime quand on conna\u00eet les puissants moyens mobilis\u00e9s par l\u2019occident \u00a0n\u00e9o-lib\u00e9ral pour pr\u00e9server sa mainmise sur les industries de l\u2019imaginaire. Pour\u00a0 le cin\u00e9ma, des tendances et des th\u00e9matiques sont mises en exergue par les diff\u00e9rents r\u00e9seaux de financement et de promotion. On constate ainsi la mise en avant de tout un courant de cin\u00e9ma \u00abpost-printemps arabe\u00bb privil\u00e9giant des th\u00e9matiques r\u00e9currentes tels les enfants de la rue, la grossesse hors mariage ou les m\u00e8res c\u00e9libataires\u2026Apr\u00e8s la vague des films \u00abengag\u00e9s\u00bb, \u00abpolitiques\u00bb, la balance penche pour le cin\u00e9ma soci\u00e9tal impr\u00e9gn\u00e9 d\u2019un regard n\u00e9o-orientaliste. Celui-ci r\u00e9side dans la prise en charge de th\u00e9matiques \u00absocio-exotiques\u00bb, cette fois, par des artistes locaux (autochtones, indig\u00e8nes) b\u00e9n\u00e9ficiant des appuis et de fen\u00eatres \u00e0 l\u2019\u00e9tranger.<\/p>\n<p>Comment aborder le film de Mariam Touzani dans ce\u00a0 contexte\u00a0? En intitulant son film \u00ab\u00a0Adam\u00a0\u00bb (la premi\u00e8re cr\u00e9ation), la cin\u00e9aste neutralise toute vell\u00e9it\u00e9 d\u2019explication qui cherche \u00e0 donner \u00e0 son film une \u00ab\u00a0paternit\u00e9\u00a0\u00bb esth\u00e9tique ou autre. Elle se revendique auteure \u00e0 part enti\u00e8re d\u2019une \u0153uvre. Sur le plan du sujet, une jeune m\u00e8re c\u00e9libataire face aux contraintes environnementales, le film s\u2019inscrit dans une certaine histoire. La jeune Selma de Touzani a des s\u0153urs de d\u00e9tresse et de d\u00e9fi, telles Mina de La plage des enfants perdus de Jilali Ferhati (1991)\u00a0; ou Malak, la jeune lyc\u00e9enne de Abdeslam Kelai (2016).<\/p>\n<p>Cependant, le film est plut\u00f4t marqu\u00e9 par une filiation esth\u00e9tique avec les autres films de Touzani. Adam prolonge une d\u00e9marche artistique coh\u00e9rente dont les premiers jalons apparaissent dans ses deux courts m\u00e9trages, le tr\u00e8s \u00abkiarostamien\u00bb, Quand ils dorment (2011) ou encore le s\u00e9duisant Aya \u00e0 la plage (2015). Des films qui ont permis de mettre en place des choix d\u2019univers, de caract\u00e8re, de personnage confort\u00e9s avec Adam et qui autorisent \u00e0 parler de \u00abr\u00e9alisme po\u00e9tique\u00bb pour caract\u00e9riser ce cin\u00e9ma. R\u00e9alisme po\u00e9tique au sens quasi pragmatique: Touzani puise ses th\u00e8mes, sujets, personnages dans un microcosme social (r\u00e9alisme); r\u00e9alit\u00e9 qu\u2019elle r\u00e9organise \u00e0 travers un regard subjectif, et des choix artistiques, couleurs, lumi\u00e8re, cadrage (po\u00e9tique).<\/p>\n<p>Dans Adam, nous suivons ainsi, l\u2019arriv\u00e9e de Selma, jeune femme enceinte, qui cherche un abri dans la ville en attendant de prendre une d\u00e9cision finale sur son accouchement. Elle sera heberg\u00e9e par Abla, jeune m\u00e8re \u00e9levant seule sa fille Warda. Celle-ci sera le billet d\u2019entr\u00e9e de Selma dans cette famille. Elle va \u00eatre adopt\u00e9e; la nouvelle ambiance, plus conviviale lui permettra d\u2019accueillir l\u2019arriv\u00e9e d\u2019Adam (le b\u00e9b\u00e9) avec s\u00e9r\u00e9nit\u00e9. Et le dernier plan nous\u00a0 montre la jeune m\u00e8re d\u00e9cid\u00e9e de se prendre en charge\u2026sans que le film nous en dise plus. La laissant seule avec son destin.<\/p>\n<p>L\u2019ensemble r\u00e9v\u00e8le un dispositif bien ficel\u00e9. En termes de dramaturgie, Adam rel\u00e8ve du th\u00e9\u00e2tre film\u00e9 (au sens op\u00e9ratoire du concept) port\u00e9 par de vraies qualit\u00e9s techniques, \u00e0 l\u2019image et surtout au montage: lors d\u2019une sortie en ville, trois plans mont\u00e9s \u00e0 partir du regard de Selma, toujours film\u00e9e en plans rapproch\u00e9s, sont d\u2019une belle \u00e9loquence: elle regarde \u00e0 droite et voit un groupe de jeunes filles qui vont \u00e0 l\u2019\u00e9cole; et puis \u00e0 gauche avec le visage d\u2019une vieille femme, seule : d\u2019une c\u00f4t\u00e9 ce qu\u2019elle n\u2019a pas pu \u00eatre et de l\u2019autre ce qu\u2019elle risque de devenir. Tout est dit, rien qu\u2019avec le jeu de regard et des images. Le cin\u00e9ma.<\/p>\n<p>Auteur: M&rsquo;hammed rahal<br \/>\n<a href=\"http:\/\/albayane.press.ma\/adam-de-maryam-touzani.html\">Cliquez ici pour lire l&rsquo;article depuis sa source.<\/a><\/p>\n","protected":false},"excerpt":{"rendered":"<p>Dans le domaine du cin\u00e9ma, nul besoin de quota ou autre parit\u00e9 : en la mati\u00e8re, les femmes ont d\u00e9montr\u00e9 que ce n\u2019est pas le nombre qui fait la diff\u00e9rence; que la qualit\u00e9 du travail n\u2019est pas tributaire de la quantit\u00e9 des femmes titulaires de la carte de r\u00e9alisateur. Elles sont \u00e0 peine 20% du [&hellip;]<\/p>\n","protected":false},"author":1760,"featured_media":0,"comment_status":"closed","ping_status":"closed","sticky":false,"template":"","format":"standard","meta":{"fifu_image_url":"","fifu_image_alt":"","footnotes":""},"categories":[73,54],"tags":[],"class_list":["post-73996","post","type-post","status-publish","format-standard","hentry","category-actualite","category-maroc"],"_links":{"self":[{"href":"https:\/\/linitiative.ca\/International\/wp-json\/wp\/v2\/posts\/73996","targetHints":{"allow":["GET"]}}],"collection":[{"href":"https:\/\/linitiative.ca\/International\/wp-json\/wp\/v2\/posts"}],"about":[{"href":"https:\/\/linitiative.ca\/International\/wp-json\/wp\/v2\/types\/post"}],"author":[{"embeddable":true,"href":"https:\/\/linitiative.ca\/International\/wp-json\/wp\/v2\/users\/1760"}],"replies":[{"embeddable":true,"href":"https:\/\/linitiative.ca\/International\/wp-json\/wp\/v2\/comments?post=73996"}],"version-history":[{"count":0,"href":"https:\/\/linitiative.ca\/International\/wp-json\/wp\/v2\/posts\/73996\/revisions"}],"wp:attachment":[{"href":"https:\/\/linitiative.ca\/International\/wp-json\/wp\/v2\/media?parent=73996"}],"wp:term":[{"taxonomy":"category","embeddable":true,"href":"https:\/\/linitiative.ca\/International\/wp-json\/wp\/v2\/categories?post=73996"},{"taxonomy":"post_tag","embeddable":true,"href":"https:\/\/linitiative.ca\/International\/wp-json\/wp\/v2\/tags?post=73996"}],"curies":[{"name":"wp","href":"https:\/\/api.w.org\/{rel}","templated":true}]}}