{"id":73998,"date":"2020-01-24T05:10:23","date_gmt":"2020-01-24T10:10:23","guid":{"rendered":"https:\/\/linitiative.ca\/International\/initiative-de-lalliance-francaise-en-tunisie-creation-du-prix-de-la-plume-francophone-2020\/"},"modified":"2020-01-24T05:10:23","modified_gmt":"2020-01-24T10:10:23","slug":"initiative-de-lalliance-francaise-en-tunisie-creation-du-prix-de-la-plume-francophone-2020","status":"publish","type":"post","link":"https:\/\/linitiative.ca\/International\/initiative-de-lalliance-francaise-en-tunisie-creation-du-prix-de-la-plume-francophone-2020\/","title":{"rendered":"Initiative de l\u2019Alliance fran\u00e7aise en Tunisie : Cr\u00e9ation du Prix de la Plume Francophone 2020"},"content":{"rendered":"<p>A l\u2019initiative de l\u2019Alliance fran\u00e7aise de Tunis, une premi\u00e8re \u00e9dition du Prix de la Plume francophone aura lieu le 14 f\u00e9vrier 2020, \u00e0 Tunis.<\/p>\n<p>Ce concours d\u2019\u00e9criture est plac\u00e9 sous le signe de l\u2019ann\u00e9e de la francophonie. Il est d\u00e9di\u00e9 aux jeunes \u00e9crivains r\u00e9sidant en Tunisie dont l \u00bb\u00e2ge se situe entre 16 et 20 ans, \u00e0 la date du 14 f\u00e9vrier 2020. Le dernier d\u00e9lai pour la r\u00e9ception des dossiers de candidature est fix\u00e9 au 5 f\u00e9vrier 2020.<\/p>\n<p>Les candidats devront \u00e9crire un texte in\u00e9dit sur le th\u00e8me de l\u2019 \u00bbAmour \u00bb. Ils ont le choix de r\u00e9diger un texte (de 7 pages environ), sous la forme d\u2019une nouvelle ou de tout autre genre litt\u00e9raire (po\u00e9sie, sc\u00e8ne de th\u00e9\u00e2tre, lettre, journal intime, etc.).<\/p>\n<p>Pr\u00e9sid\u00e9 par Patrick Poivre d\u2019Arvor, le jury r\u00e9unit Samir Marzouki (universitaire et \u00e9crivain), Charline Lambert (po\u00e9tesse et chercheuse), Wafa Ghorbel (universitaire et \u00e9crivaine), Francis Lacoste (universitaire et chercheur) et Fay\u00e7al Mezhoudi (Directeur de l\u2019Alliance fran\u00e7aise de Tunis et universitaire).<\/p>\n<p>Trois distinctions seront attribu\u00e9es aux laur\u00e9ats, \u00e0 savoir un 1er prix de 500 dinars, en plus d\u2019un 2\u00e8me et un 3\u00e8me prix. Tous les laur\u00e9ats verront leurs textes r\u00e9unis dans un ouvrage collectif qui sera publi\u00e9 par l\u2019Alliance fran\u00e7aise de Tunis.<\/p>\n<p>Les crit\u00e8res d\u2019\u00e9valuation porteront, notamment, sur la correction linguistique, le traitement du sujet, la qualit\u00e9 litt\u00e9raire des textes (forme, originalit\u00e9 et style). Par ailleurs, chaque participant garantit l\u2019originalit\u00e9 du texte dont il est l\u2019auteur. Tous les d\u00e9tails et conditions de participation au concours sont visibles sur le site de l\u2019Alliance.<\/p>\n<p>L\u2019Alliance Fran\u00e7aise est un centre de langue qui a pour but de promouvoir la francophonie dans le monde. Son si\u00e8ge \u00e0 Tunis a \u00e9t\u00e9 install\u00e9 depuis 2017.<\/p>\n<p class=\"dpsp-share-text\">Partager c&rsquo;est aimer!<\/p>\n<div class=\"wp-post-author-wrap wp-post-author-shortcode left\">\n<h3 class=\"awpa-title\"\/>\n<div class=\"wp-post-author\">\n<div class=\"awpa-img awpa-author-block square\"><a href=\"http:\/\/lexpertjournal.net\/fr\/author\/expert\/\"><img loading=\"lazy\" decoding=\"async\" alt=\"\" src=\"http:\/\/0.gravatar.com\/avatar\/c828f0b17d24309f0d01a4eac3747085?s=150&#038;d=mm&#038;r=g\" srcset=\"http:\/\/0.gravatar.com\/avatar\/c828f0b17d24309f0d01a4eac3747085?s=300&#038;d=mm&#038;r=g 2x\" class=\"avatar avatar-150 photo\" height=\"150\" width=\"150\"\/><\/a><\/div>\n<\/div>\n<\/div>\n<p>Auteur: L&rsquo;expert<br \/>\n<a href=\"http:\/\/lexpertjournal.net\/fr\/2020\/01\/24\/initiative-de-lalliance-francaise-en-tunisie-creation-du-prix-de-la-plume-francophone-2020\/\">Cliquez ici pour lire l&rsquo;article depuis sa source.<\/a><\/p>\n","protected":false},"excerpt":{"rendered":"<p>A l\u2019initiative de l\u2019Alliance fran\u00e7aise de Tunis, une premi\u00e8re \u00e9dition du Prix de la Plume francophone aura lieu le 14 f\u00e9vrier 2020, \u00e0 Tunis. Ce concours d\u2019\u00e9criture est plac\u00e9 sous le signe de l\u2019ann\u00e9e de la francophonie. Il est d\u00e9di\u00e9 aux jeunes \u00e9crivains r\u00e9sidant en Tunisie dont l \u00bb\u00e2ge se situe entre 16 et 20 [&hellip;]<\/p>\n","protected":false},"author":1775,"featured_media":0,"comment_status":"closed","ping_status":"closed","sticky":false,"template":"","format":"standard","meta":{"fifu_image_url":"","fifu_image_alt":"","footnotes":""},"categories":[78,55],"tags":[],"class_list":["post-73998","post","type-post","status-publish","format-standard","hentry","category-economie","category-tunisie"],"_links":{"self":[{"href":"https:\/\/linitiative.ca\/International\/wp-json\/wp\/v2\/posts\/73998","targetHints":{"allow":["GET"]}}],"collection":[{"href":"https:\/\/linitiative.ca\/International\/wp-json\/wp\/v2\/posts"}],"about":[{"href":"https:\/\/linitiative.ca\/International\/wp-json\/wp\/v2\/types\/post"}],"author":[{"embeddable":true,"href":"https:\/\/linitiative.ca\/International\/wp-json\/wp\/v2\/users\/1775"}],"replies":[{"embeddable":true,"href":"https:\/\/linitiative.ca\/International\/wp-json\/wp\/v2\/comments?post=73998"}],"version-history":[{"count":0,"href":"https:\/\/linitiative.ca\/International\/wp-json\/wp\/v2\/posts\/73998\/revisions"}],"wp:attachment":[{"href":"https:\/\/linitiative.ca\/International\/wp-json\/wp\/v2\/media?parent=73998"}],"wp:term":[{"taxonomy":"category","embeddable":true,"href":"https:\/\/linitiative.ca\/International\/wp-json\/wp\/v2\/categories?post=73998"},{"taxonomy":"post_tag","embeddable":true,"href":"https:\/\/linitiative.ca\/International\/wp-json\/wp\/v2\/tags?post=73998"}],"curies":[{"name":"wp","href":"https:\/\/api.w.org\/{rel}","templated":true}]}}