{"id":73999,"date":"2020-01-24T05:14:03","date_gmt":"2020-01-24T10:14:03","guid":{"rendered":"https:\/\/linitiative.ca\/International\/banque-mondiale-et-pnud-lancement-a-tunis-du-dialogue-sur-la-politique-economique\/"},"modified":"2020-01-24T05:14:03","modified_gmt":"2020-01-24T10:14:03","slug":"banque-mondiale-et-pnud-lancement-a-tunis-du-dialogue-sur-la-politique-economique","status":"publish","type":"post","link":"https:\/\/linitiative.ca\/International\/banque-mondiale-et-pnud-lancement-a-tunis-du-dialogue-sur-la-politique-economique\/","title":{"rendered":"Banque mondiale et PNUD :  Lancement \u00e0 Tunis du Dialogue sur la politique \u00e9conomique"},"content":{"rendered":"<p>La Banque mondiale et le programme des Nations Unies pour le d\u00e9veloppement (PNUD) ont lanc\u00e9, mercredi, \u00e0 Tunis, le Dialogue sur la politique \u00e9conomique ou \u00ab Economic Policy Dialogue \u00bb (EDP).<\/p>\n<p>\u00ab Il s\u2019agit d\u2019une initiative qui consiste \u00e0 organiser, chaque mois, des rencontres regroupant les acteurs nationaux et internationaux \u00e0 Tunis et dans les r\u00e9gions pour \u00e9changer avec les repr\u00e9sentants du secteur public et priv\u00e9, le milieu acad\u00e9mique et celui des affaires et aussi avec des experts internationaux en d\u00e9veloppement \u00bb, a expliqu\u00e9 le repr\u00e9sentant r\u00e9sident de la BM en Tunisie, Tony Verheijem, lors d\u2019une conf\u00e9rence de presse.<\/p>\n<p>L\u2019initiative a \u00e9galement pour objectif, d\u2019apr\u00e8s lui, de discuter d\u2019un nouveau mod\u00e8le \u00e9conomique et de d\u00e9veloppement pour la Tunisie, et ce, dans le cadre des objectifs du d\u00e9veloppement durable(ODD).<\/p>\n<p>Il s\u2019agit, en outre, estime le responsable, d\u2019aider \u00bb la Tunisie \u00e0 \u00e9chapper \u00e0 la spirale n\u00e9gative dans laquelle, elle se trouve depuis quelques ann\u00e9es, d\u2019autant plus que le futur de l\u2019\u00e9conomie de la Tunisie r\u00e9side dans les projets innovants, dans l\u2019entrepreneuriat, l\u2019environnement et le tourisme \u00bb.<\/p>\n<p>La premi\u00e8re \u00e9dition de ces conclaves, est pr\u00e9vue le 30 janvier 2020 \u00e0 Tunis. Elle aura pour th\u00e8me \u00ab Croissance inclusive et capital humain \u00bb et r\u00e9unira 15 \u00e0 20 sp\u00e9cialistes pour d\u00e9battre autour des d\u00e9fis \u00e9conomiques et sociaux actuels auxquels fait face la Tunisie, a ajout\u00e9 le responsable.<\/p>\n<p>Du c\u00f4t\u00e9 du PNUD, son repr\u00e9sentant r\u00e9sident en Tunisie, Steve Utterwulghe a indiqu\u00e9 que l\u2019initiative BM \/PNUD est la premi\u00e8re du genre dans la r\u00e9gion Moyen Orient\/Afrique du Nord (MENA). Elle s\u2019inscrit, a-t-il dit, dans le cadre d\u2019une approche pour un meilleur appui ax\u00e9s sur les volets \u00e9conomiques, sociaux et de d\u00e9veloppement en Tunisie.<\/p>\n<p>Au total, 12 sessions de l\u2019ESD dont 9 seront organis\u00e9es en 2020 \u00e0 Tunis et 3 autres seront tenues dans les r\u00e9gions, selon un format innovant adapt\u00e9 \u00e0 l\u2019\u00e9mergence de nouvelles id\u00e9es et formes de consensus. L\u2019objectif est de permettre l\u2019identification commune par les acteurs nationaux des priorit\u00e9s \u00e9conomiques et de d\u00e9veloppement mais aussi des solutions envisageables aux d\u00e9fis pos\u00e9s.<\/p>\n<p>Les d\u00e9bats pr\u00e9vus seront couronn\u00e9s par des recommandations pour amorcer et alimenter la r\u00e9flexion sur les possibles r\u00e9formes socio-\u00e9conomiques nationales \u00e0 entreprendre en vue d\u2019assurer un meilleur acc\u00e8s au d\u00e9veloppement r\u00e9gional, une meilleure employabilit\u00e9 des jeunes ou une plus large inclusion \u00e9conomique et financi\u00e8re.<\/p>\n<p>Il s\u2019agit aussi d\u2019informer le nouveau gouvernement de pistes de r\u00e9flexion et de solutions pratiques et pragmatiques, ont laiss\u00e9 entendre les auteurs de l\u2019initiative.<\/p>\n<p class=\"dpsp-share-text\">Partager c&rsquo;est aimer!<\/p>\n<div class=\"wp-post-author-wrap wp-post-author-shortcode left\">\n<h3 class=\"awpa-title\"\/>\n<div class=\"wp-post-author\">\n<div class=\"awpa-img awpa-author-block square\"><a href=\"http:\/\/lexpertjournal.net\/fr\/author\/expert\/\"><img loading=\"lazy\" decoding=\"async\" alt=\"\" src=\"http:\/\/0.gravatar.com\/avatar\/c828f0b17d24309f0d01a4eac3747085?s=150&#038;d=mm&#038;r=g\" srcset=\"http:\/\/0.gravatar.com\/avatar\/c828f0b17d24309f0d01a4eac3747085?s=300&#038;d=mm&#038;r=g 2x\" class=\"avatar avatar-150 photo\" height=\"150\" width=\"150\"\/><\/a><\/div>\n<\/div>\n<\/div>\n<p>Auteur: L&rsquo;expert<br \/>\n<a href=\"http:\/\/lexpertjournal.net\/fr\/2020\/01\/24\/banque-mondiale-et-pnud-lancement-a-tunis-du-dialogue-sur-la-politique-economique\/\">Cliquez ici pour lire l&rsquo;article depuis sa source.<\/a><\/p>\n","protected":false},"excerpt":{"rendered":"<p>La Banque mondiale et le programme des Nations Unies pour le d\u00e9veloppement (PNUD) ont lanc\u00e9, mercredi, \u00e0 Tunis, le Dialogue sur la politique \u00e9conomique ou \u00ab Economic Policy Dialogue \u00bb (EDP). \u00ab Il s\u2019agit d\u2019une initiative qui consiste \u00e0 organiser, chaque mois, des rencontres regroupant les acteurs nationaux et internationaux \u00e0 Tunis et dans les [&hellip;]<\/p>\n","protected":false},"author":1775,"featured_media":0,"comment_status":"closed","ping_status":"closed","sticky":false,"template":"","format":"standard","meta":{"fifu_image_url":"","fifu_image_alt":"","footnotes":""},"categories":[78,55],"tags":[],"class_list":["post-73999","post","type-post","status-publish","format-standard","hentry","category-economie","category-tunisie"],"_links":{"self":[{"href":"https:\/\/linitiative.ca\/International\/wp-json\/wp\/v2\/posts\/73999","targetHints":{"allow":["GET"]}}],"collection":[{"href":"https:\/\/linitiative.ca\/International\/wp-json\/wp\/v2\/posts"}],"about":[{"href":"https:\/\/linitiative.ca\/International\/wp-json\/wp\/v2\/types\/post"}],"author":[{"embeddable":true,"href":"https:\/\/linitiative.ca\/International\/wp-json\/wp\/v2\/users\/1775"}],"replies":[{"embeddable":true,"href":"https:\/\/linitiative.ca\/International\/wp-json\/wp\/v2\/comments?post=73999"}],"version-history":[{"count":0,"href":"https:\/\/linitiative.ca\/International\/wp-json\/wp\/v2\/posts\/73999\/revisions"}],"wp:attachment":[{"href":"https:\/\/linitiative.ca\/International\/wp-json\/wp\/v2\/media?parent=73999"}],"wp:term":[{"taxonomy":"category","embeddable":true,"href":"https:\/\/linitiative.ca\/International\/wp-json\/wp\/v2\/categories?post=73999"},{"taxonomy":"post_tag","embeddable":true,"href":"https:\/\/linitiative.ca\/International\/wp-json\/wp\/v2\/tags?post=73999"}],"curies":[{"name":"wp","href":"https:\/\/api.w.org\/{rel}","templated":true}]}}