{"id":74000,"date":"2020-01-24T05:19:36","date_gmt":"2020-01-24T10:19:36","guid":{"rendered":"https:\/\/linitiative.ca\/International\/developpement-des-energies-renouvelables-programme-de-la-berd-dans-4-pays-dont-la-tunisie\/"},"modified":"2020-01-24T05:19:36","modified_gmt":"2020-01-24T10:19:36","slug":"developpement-des-energies-renouvelables-programme-de-la-berd-dans-4-pays-dont-la-tunisie","status":"publish","type":"post","link":"https:\/\/linitiative.ca\/International\/developpement-des-energies-renouvelables-programme-de-la-berd-dans-4-pays-dont-la-tunisie\/","title":{"rendered":"D\u00e9veloppement des \u00e9nergies renouvelables :  Programme de la BERD dans 4 pays dont la Tunisie"},"content":{"rendered":"<p>La BERD et l\u2019Union europ\u00e9enne (UE) ont convenu d\u2019un nouveau programme de garanties financi\u00e8res de 50 millions d\u2019euros, visant \u00e0 accro\u00eetre les investissements dans les \u00e9nergies renouvelables en Ukraine et dans le voisinage m\u00e9ridional de l\u2019UE, avec un accent particulier sur la Jordanie, le Liban et la Tunisie.<\/p>\n<p>Selon un communiqu\u00e9 publi\u00e9 mercredi, par la Banque Europ\u00e9enne pour la Reconstruction et le D\u00e9veloppement, ce premier programme de garanties de la banque soutenu par le plan d\u2019investissement ext\u00e9rieur (PIE) de l\u2019UE, va aider ces quatre pays, \u00e0 d\u00e9velopper l\u2019\u00e9nergie \u00e9olienne et celle solaire.<\/p>\n<p>Dans le cadre de ce nouveau programme, la BERD fournira des garanties aux pr\u00eateurs, tels que les banques commerciales locales, ce qui leur permettra de financer des projets parall\u00e8lement aux pr\u00eats de la BERD. La garantie devrait permettre de g\u00e9n\u00e9rer des investissements totaux pouvant atteindre 500 millions d\u2019euros.<\/p>\n<p>A travers le PIE, l\u2019UE a allou\u00e9 \u00e0 ce jour 4,5 milliards d\u2019euros de fonds publics pour mobiliser 44 milliards d\u2019euros d\u2019investissements publics et priv\u00e9s pour le d\u00e9veloppement dans les pays voisins de l\u2019UE et en Afrique.<\/p>\n<p>D\u2019apr\u00e8s la BERD, les projets de ce programme permettront de lib\u00e9rer le potentiel substantiel des pays en mati\u00e8re d\u2019\u00e9nergies renouvelables, de promouvoir plus largement le d\u00e9veloppement des \u00e9nergies renouvelables et de montrer comment le secteur priv\u00e9 peut aider \u00e0 r\u00e9pondre \u00e0 la demande croissante d\u2019\u00e9nergie.<\/p>\n<p>Pour Oliv\u00e9r Varhelyi, commissaire europ\u00e9en charg\u00e9 de la politique europ\u00e9enne de voisinage et des n\u00e9gociations d\u2019\u00e9largissement, \u00ab il permettra de r\u00e9duire les \u00e9missions de gaz \u00e0 effet de serre, d\u2019abord en Ukraine, puis dans les pays du voisinage sud de l\u2019UE, en axant particuli\u00e8rement, sur la Jordanie, le Liban et la Tunisie \u00bb.<\/p>\n<p class=\"dpsp-share-text\">Partager c&rsquo;est aimer!<\/p>\n<div class=\"wp-post-author-wrap wp-post-author-shortcode left\">\n<h3 class=\"awpa-title\"\/>\n<div class=\"wp-post-author\">\n<div class=\"awpa-img awpa-author-block square\"><a href=\"http:\/\/lexpertjournal.net\/fr\/author\/expert\/\"><img loading=\"lazy\" decoding=\"async\" alt=\"\" src=\"http:\/\/0.gravatar.com\/avatar\/c828f0b17d24309f0d01a4eac3747085?s=150&#038;d=mm&#038;r=g\" srcset=\"http:\/\/0.gravatar.com\/avatar\/c828f0b17d24309f0d01a4eac3747085?s=300&#038;d=mm&#038;r=g 2x\" class=\"avatar avatar-150 photo\" height=\"150\" width=\"150\"\/><\/a><\/div>\n<\/div>\n<\/div>\n<p>Auteur: L&rsquo;expert<br \/>\n<a href=\"http:\/\/lexpertjournal.net\/fr\/2020\/01\/24\/developpement-des-energies-renouvelables-programme-de-la-berd-dans-4-pays-dont-la-tunisie\/\">Cliquez ici pour lire l&rsquo;article depuis sa source.<\/a><\/p>\n","protected":false},"excerpt":{"rendered":"<p>La BERD et l\u2019Union europ\u00e9enne (UE) ont convenu d\u2019un nouveau programme de garanties financi\u00e8res de 50 millions d\u2019euros, visant \u00e0 accro\u00eetre les investissements dans les \u00e9nergies renouvelables en Ukraine et dans le voisinage m\u00e9ridional de l\u2019UE, avec un accent particulier sur la Jordanie, le Liban et la Tunisie. Selon un communiqu\u00e9 publi\u00e9 mercredi, par la [&hellip;]<\/p>\n","protected":false},"author":1775,"featured_media":0,"comment_status":"closed","ping_status":"closed","sticky":false,"template":"","format":"standard","meta":{"fifu_image_url":"","fifu_image_alt":"","footnotes":""},"categories":[78,55],"tags":[],"class_list":["post-74000","post","type-post","status-publish","format-standard","hentry","category-economie","category-tunisie"],"_links":{"self":[{"href":"https:\/\/linitiative.ca\/International\/wp-json\/wp\/v2\/posts\/74000","targetHints":{"allow":["GET"]}}],"collection":[{"href":"https:\/\/linitiative.ca\/International\/wp-json\/wp\/v2\/posts"}],"about":[{"href":"https:\/\/linitiative.ca\/International\/wp-json\/wp\/v2\/types\/post"}],"author":[{"embeddable":true,"href":"https:\/\/linitiative.ca\/International\/wp-json\/wp\/v2\/users\/1775"}],"replies":[{"embeddable":true,"href":"https:\/\/linitiative.ca\/International\/wp-json\/wp\/v2\/comments?post=74000"}],"version-history":[{"count":0,"href":"https:\/\/linitiative.ca\/International\/wp-json\/wp\/v2\/posts\/74000\/revisions"}],"wp:attachment":[{"href":"https:\/\/linitiative.ca\/International\/wp-json\/wp\/v2\/media?parent=74000"}],"wp:term":[{"taxonomy":"category","embeddable":true,"href":"https:\/\/linitiative.ca\/International\/wp-json\/wp\/v2\/categories?post=74000"},{"taxonomy":"post_tag","embeddable":true,"href":"https:\/\/linitiative.ca\/International\/wp-json\/wp\/v2\/tags?post=74000"}],"curies":[{"name":"wp","href":"https:\/\/api.w.org\/{rel}","templated":true}]}}