{"id":74001,"date":"2020-01-24T05:26:23","date_gmt":"2020-01-24T10:26:23","guid":{"rendered":"https:\/\/linitiative.ca\/International\/lg-et-microsoft-annoncent-un-partenariat\/"},"modified":"2020-01-24T05:26:23","modified_gmt":"2020-01-24T10:26:23","slug":"lg-et-microsoft-annoncent-un-partenariat","status":"publish","type":"post","link":"https:\/\/linitiative.ca\/International\/lg-et-microsoft-annoncent-un-partenariat\/","title":{"rendered":"LG et Microsoft annoncent un partenariat"},"content":{"rendered":"<p>LG Electronics et Micrososft ont annonc\u00e9 la signature d\u2019un partenariat strat\u00e9gique afin de renforcer leur collaboration dans le domaine des solutions interentreprises.<\/p>\n<p>Ce partenariat s\u2019inscrit dans une strat\u00e9gie de diversification qui vise \u00e0 \u00e9tendre l\u2019empreinte de LG, connu surtout pour ses t\u00e9l\u00e9viseurs, t\u00e9l\u00e9phones multifonctions et appareils \u00e9lectrom\u00e9nagers, au-del\u00e0 du grand public, sur le march\u00e9 des solutions interentreprises.<\/p>\n<p>Avec cette entente, Le fabricant sud-cor\u00e9en envisage d\u2019associer ses technologies aux plateformes infonuagiques de Microsoft pour optimiser son offre de solutions B2B (business to business).<\/p>\n<p>LG int\u00e9grera notamment son application d\u2019info-divertissement pour v\u00e9hicules webOS Auto \u00e0 la plateforme pour voitures connect\u00e9es de Microsoft, bas\u00e9e sur le syst\u00e8me infonuagique Azure.<\/p>\n<p>LG mettra aussi au point une solution de climatisation et de chauffage destin\u00e9e aux grands b\u00e2timents en utilisant \u00e0 la fois \u00e0 son syst\u00e8me de contr\u00f4le d\u2019\u00e9nergie pour les immeubles et la plateforme Azure.<\/p>\n<p>Le g\u00e9ant sud-cor\u00e9en a \u00e9galement indiqu\u00e9 vouloir profiter des infrastructures infonuagiques de Microsoft pour d\u00e9velopper de nouveaux programmes et mod\u00e8les d\u2019affaires dans les secteurs de l\u2019intelligence artificielle (IA) et des technologies informatiques de pointe.<\/p>\n<p class=\"dpsp-share-text\">Partager c&rsquo;est aimer!<\/p>\n<div class=\"wp-post-author-wrap wp-post-author-shortcode left\">\n<h3 class=\"awpa-title\"\/>\n<div class=\"wp-post-author\">\n<div class=\"awpa-img awpa-author-block square\"><a href=\"http:\/\/lexpertjournal.net\/fr\/author\/expert\/\"><img loading=\"lazy\" decoding=\"async\" alt=\"\" src=\"http:\/\/0.gravatar.com\/avatar\/c828f0b17d24309f0d01a4eac3747085?s=150&#038;d=mm&#038;r=g\" srcset=\"http:\/\/0.gravatar.com\/avatar\/c828f0b17d24309f0d01a4eac3747085?s=300&#038;d=mm&#038;r=g 2x\" class=\"avatar avatar-150 photo\" height=\"150\" width=\"150\"\/><\/a><\/div>\n<\/div>\n<\/div>\n<p>Auteur: L&rsquo;expert<br \/>\n<a href=\"http:\/\/lexpertjournal.net\/fr\/2020\/01\/24\/lg-et-microsoft-annoncent-un-partenariat\/\">Cliquez ici pour lire l&rsquo;article depuis sa source.<\/a><\/p>\n","protected":false},"excerpt":{"rendered":"<p>LG Electronics et Micrososft ont annonc\u00e9 la signature d\u2019un partenariat strat\u00e9gique afin de renforcer leur collaboration dans le domaine des solutions interentreprises. Ce partenariat s\u2019inscrit dans une strat\u00e9gie de diversification qui vise \u00e0 \u00e9tendre l\u2019empreinte de LG, connu surtout pour ses t\u00e9l\u00e9viseurs, t\u00e9l\u00e9phones multifonctions et appareils \u00e9lectrom\u00e9nagers, au-del\u00e0 du grand public, sur le march\u00e9 des [&hellip;]<\/p>\n","protected":false},"author":1775,"featured_media":0,"comment_status":"closed","ping_status":"closed","sticky":false,"template":"","format":"standard","meta":{"fifu_image_url":"","fifu_image_alt":"","footnotes":""},"categories":[78,55],"tags":[],"class_list":["post-74001","post","type-post","status-publish","format-standard","hentry","category-economie","category-tunisie"],"_links":{"self":[{"href":"https:\/\/linitiative.ca\/International\/wp-json\/wp\/v2\/posts\/74001","targetHints":{"allow":["GET"]}}],"collection":[{"href":"https:\/\/linitiative.ca\/International\/wp-json\/wp\/v2\/posts"}],"about":[{"href":"https:\/\/linitiative.ca\/International\/wp-json\/wp\/v2\/types\/post"}],"author":[{"embeddable":true,"href":"https:\/\/linitiative.ca\/International\/wp-json\/wp\/v2\/users\/1775"}],"replies":[{"embeddable":true,"href":"https:\/\/linitiative.ca\/International\/wp-json\/wp\/v2\/comments?post=74001"}],"version-history":[{"count":0,"href":"https:\/\/linitiative.ca\/International\/wp-json\/wp\/v2\/posts\/74001\/revisions"}],"wp:attachment":[{"href":"https:\/\/linitiative.ca\/International\/wp-json\/wp\/v2\/media?parent=74001"}],"wp:term":[{"taxonomy":"category","embeddable":true,"href":"https:\/\/linitiative.ca\/International\/wp-json\/wp\/v2\/categories?post=74001"},{"taxonomy":"post_tag","embeddable":true,"href":"https:\/\/linitiative.ca\/International\/wp-json\/wp\/v2\/tags?post=74001"}],"curies":[{"name":"wp","href":"https:\/\/api.w.org\/{rel}","templated":true}]}}