{"id":74003,"date":"2020-01-24T13:04:06","date_gmt":"2020-01-24T18:04:06","guid":{"rendered":"https:\/\/linitiative.ca\/International\/tebessa-elargir-les-fouilles-pour-mettre-au-jour-dautres-pieces-archeologiques\/"},"modified":"2020-01-24T13:04:06","modified_gmt":"2020-01-24T18:04:06","slug":"tebessa-elargir-les-fouilles-pour-mettre-au-jour-dautres-pieces-archeologiques","status":"publish","type":"post","link":"https:\/\/linitiative.ca\/International\/tebessa-elargir-les-fouilles-pour-mettre-au-jour-dautres-pieces-archeologiques\/","title":{"rendered":"T\u00e9bessa: \u00e9largir les fouilles pour mettre au jour d\u2019autres pi\u00e8ces arch\u00e9ologiques"},"content":{"rendered":"<div readability=\"37\">\n<p><strong>TEBESSA- L\u2019arch\u00e9ologue\u00a0 sp\u00e9cialis\u00e9 dans la restauration de mosa\u00efques du Centre national de recherche en arch\u00e9ologie -CNRA), Ilyas Arifi, a soulign\u00e9 jeudi \u00e0 T\u00e9bessa l&rsquo;importance d&rsquo;\u00e9largir les zones des fouilles dans la commune de Negrine (Sud de T\u00e9bessa) \u00ab\u00a0pour mettre au jour d&rsquo;\u00e9ventuelles autres pi\u00e8ces arch\u00e9ologiques\u00a0\u00bb.<\/strong><\/p>\n<\/div>\n<div readability=\"77.1650366748\">\n<p>\u00ab\u00a0La d\u00e9couverte de deux mosa\u00efques dans cette commune en 15 jours renseigne sur la richesse\u00a0 arch\u00e9ologique de cette r\u00e9gion et interpelle pour mettre au jour autant de pi\u00e8ces anciennes de diverses civilisations et d\u2019\u0153uvrer \u00e0 les prot\u00e9ger du vandalisme et pillage\u00a0\u00bb, a pr\u00e9cis\u00e9 \u00e0 l\u2019APS le sp\u00e9cialiste, d\u00e9p\u00each\u00e9 depuis Alger pour une expertise approfondie de la d\u00e9couverte.<\/p>\n<p>Il a dans ce sens ajout\u00e9 que la mosa\u00efque d\u00e9couverte\u00a0 (une partie du toit d\u2019un caldarium romain) est scind\u00e9e en deux lots dont le premier a \u00e9t\u00e9 \u00a0\u00bb tr\u00e8s endommag\u00e9 cons\u00e9quemment des op\u00e9rations de creusement non autoris\u00e9es\u00a0\u00bb.<\/p>\n<p>M.Arifi qui \u00e9tait accompagn\u00e9 lors de son inspection par le chef du bureau des monuments et des sites arch\u00e9ologiques de la direction locale de la culture, M. Mahran Salmi a aussi relev\u00e9 que le deuxi\u00e8me lot de cette m\u00eame mosa\u00efque \u00e9tait \u00ab\u00a0moins endommag\u00e9es\u00a0\u00bb.\u00a0<\/p>\n<p>Une op\u00e9ration de restauration de cette fresque sera lanc\u00e9e \u00ab\u00a0prochainement\u00a0\u00bb assur\u00e9e\u00a0 par des experts du CNRA selon le m\u00eame sp\u00e9cialiste qui a d\u00e9clar\u00e9 que \u00ab\u00a0cette fresque remonte au 4\u00e8me ou 5\u00e8me si\u00e8cle apr\u00e8s J.C\u00a0\u00bb.<\/p>\n<hr\/>\n<h3>Lire aussi: <a href=\"http:\/\/www.aps.dz\/culture\/100516-tebessa-decouverte-d-une-nouvelle-mosaique-a-negrine\" target=\"_blank\" rel=\"noopener noreferrer\">T\u00e9bessa: d\u00e9couverte d&rsquo;une nouvelle mosa\u00efque \u00e0 Negrine<\/a><\/h3>\n<hr\/>\n<p>En outre, le chercheur a mis en avant l\u2019importance de prot\u00e9ger les vestiges de la wilaya de T\u00e9bessa ceux notamment de la commune de Negrine \u00ab\u00a0contre le vandalisme et le trafic\u00a0\u00bb, soulignant l&rsquo;importance d&rsquo;intensifier et coordonner les efforts entre intervenants concern\u00e9s pour mettre fin hors d\u2019\u00e9tat de nuire les r\u00e9seaux criminels qui s\u2019adonnent au trafic des pi\u00e8ces arch\u00e9ologiques.<\/p>\n<p>Pour sa part, le directeur local de la culture, Abdel-Djabbar Belahssen, a d\u00e9clar\u00e9 qu\u2019 \u00ab\u00a0une cl\u00f4ture sera \u00e9rig\u00e9e en coordination avec les services de l&rsquo;APC de Negrine pour circonscrire le p\u00e9rim\u00e8tre, o\u00f9 a \u00e9t\u00e9 d\u00e9couverte cette mosa\u00efque\u00a0\u00bb.<\/p>\n<p>Aussi, deux agents de s\u00e9curit\u00e9 relevant de l&rsquo;Office National de Gestion et d&rsquo;exploitation des biens culturels (OGEBC) seront d\u00e9sign\u00e9s pour surveiller le site, \u00ab\u00a0en attendant des mesures suppl\u00e9mentaire que d\u00e9cidera\u00a0 la tutelle\u00a0\u00bb.<\/p>\n<p>Pour rappel, un citoyen r\u00e9sidant dans la r\u00e9gion de Tifache avait d\u00e9couvert mardi dernier cette fresque dans sa propre ferme lors d&rsquo;une op\u00e9ration de creusement et avait inform\u00e9 les autorit\u00e9s locales.<\/p>\n<p>Le minist\u00e8re de la Culture a d\u00e9p\u00each\u00e9 un sp\u00e9cialiste en arch\u00e9ologie et restauration de la mosa\u00efque pour examiner cette d\u00e9couverte arch\u00e9ologique afin de prendre les mesures n\u00e9cessaires.<\/p>\n<\/div>\n<p>Auteur:<br \/>\n<a href=\"http:\/\/www.aps.dz\/culture\/100561-tebessa-elargir-les-fouilles-pour-mettre-au-jour-d-autres-pieces-archeologiques\">Cliquez ici pour lire l&rsquo;article depuis sa source.<\/a><\/p>\n","protected":false},"excerpt":{"rendered":"<p>TEBESSA- L\u2019arch\u00e9ologue\u00a0 sp\u00e9cialis\u00e9 dans la restauration de mosa\u00efques du Centre national de recherche en arch\u00e9ologie -CNRA), Ilyas Arifi, a soulign\u00e9 jeudi \u00e0 T\u00e9bessa l&rsquo;importance d&rsquo;\u00e9largir les zones des fouilles dans la commune de Negrine (Sud de T\u00e9bessa) \u00ab\u00a0pour mettre au jour d&rsquo;\u00e9ventuelles autres pi\u00e8ces arch\u00e9ologiques\u00a0\u00bb. \u00ab\u00a0La d\u00e9couverte de deux mosa\u00efques dans cette commune en 15 [&hellip;]<\/p>\n","protected":false},"author":1790,"featured_media":0,"comment_status":"closed","ping_status":"closed","sticky":false,"template":"","format":"standard","meta":{"fifu_image_url":"","fifu_image_alt":"","footnotes":""},"categories":[53,79],"tags":[],"class_list":["post-74003","post","type-post","status-publish","format-standard","hentry","category-algerie","category-culture"],"_links":{"self":[{"href":"https:\/\/linitiative.ca\/International\/wp-json\/wp\/v2\/posts\/74003","targetHints":{"allow":["GET"]}}],"collection":[{"href":"https:\/\/linitiative.ca\/International\/wp-json\/wp\/v2\/posts"}],"about":[{"href":"https:\/\/linitiative.ca\/International\/wp-json\/wp\/v2\/types\/post"}],"author":[{"embeddable":true,"href":"https:\/\/linitiative.ca\/International\/wp-json\/wp\/v2\/users\/1790"}],"replies":[{"embeddable":true,"href":"https:\/\/linitiative.ca\/International\/wp-json\/wp\/v2\/comments?post=74003"}],"version-history":[{"count":0,"href":"https:\/\/linitiative.ca\/International\/wp-json\/wp\/v2\/posts\/74003\/revisions"}],"wp:attachment":[{"href":"https:\/\/linitiative.ca\/International\/wp-json\/wp\/v2\/media?parent=74003"}],"wp:term":[{"taxonomy":"category","embeddable":true,"href":"https:\/\/linitiative.ca\/International\/wp-json\/wp\/v2\/categories?post=74003"},{"taxonomy":"post_tag","embeddable":true,"href":"https:\/\/linitiative.ca\/International\/wp-json\/wp\/v2\/tags?post=74003"}],"curies":[{"name":"wp","href":"https:\/\/api.w.org\/{rel}","templated":true}]}}