{"id":74004,"date":"2020-01-24T13:04:09","date_gmt":"2020-01-24T18:04:09","guid":{"rendered":"https:\/\/linitiative.ca\/International\/tizi-ouzou-hommage-et-recueillement-a-la-memoire-de-matoub-lounes\/"},"modified":"2020-01-24T13:04:09","modified_gmt":"2020-01-24T18:04:09","slug":"tizi-ouzou-hommage-et-recueillement-a-la-memoire-de-matoub-lounes","status":"publish","type":"post","link":"https:\/\/linitiative.ca\/International\/tizi-ouzou-hommage-et-recueillement-a-la-memoire-de-matoub-lounes\/","title":{"rendered":"Tizi-Ouzou: hommage et recueillement \u00e0 la m\u00e9moire de Matoub Lounes"},"content":{"rendered":"<div readability=\"38\">\n<p><strong>TIZI-OUZOU &#8211; Une c\u00e9r\u00e9monie d&rsquo;hommage et de recueillement \u00e0 \u00e9t\u00e9 organis\u00e9e vendredi \u00e0 Taourirt-Moussa, dans la commune d&rsquo;Ait Mahmoud, au Sud de Tizi-Ouzou, \u00e0 la m\u00e9moire du chanteur Matoub Lounes, \u00e0 l&rsquo;occasion du 64\u00e8me anniversaire de sa naissance.<\/strong><\/p>\n<\/div>\n<div readability=\"81.12\">\n<p>La c\u00e9r\u00e9monie organis\u00e9e par la fondation qui porte son nom a \u00e9t\u00e9 marqu\u00e9e par la pr\u00e9sence de citoyens venus des quatre coins du pays, rendre hommage au rebelle.<\/p>\n<p>Une gerbe de fleur \u00e0 \u00e9t\u00e9 d\u00e9pos\u00e9e \u00e0 sa tombe et au lieu de son assassinat par un groupe terroriste \u00e0 Tala-Bouanane sur le chemin menant de Tizi-Ouzou \u00e0 son village le 25 juin 1998.<\/p>\n<blockquote readability=\"12\">\n<p><em><strong>\u00ab\u00a0Il y a quelque chose de plus fort que la mort, c&rsquo;est la pr\u00e9sence des morts dans la m\u00e9moire des vivants\u00a0\u00bb, une r\u00e9flexion tir\u00e9e de son livre \u00ab\u00a0Le rebelle\u00a0\u00bb \u00e9dit\u00e9 en 1996, est inscrite sur une banderole ornant le fronton du si\u00e8ge de la fondation \u00e9ponyme, t\u00e9moigne de la vision pr\u00e9monitoire de l&rsquo;artiste.<\/strong><\/em><\/p>\n<\/blockquote>\n<p>Chanteur populaire engag\u00e9 dans le combat d\u00e9mocratique pour, clamait-il, \u00ab\u00a0une Alg\u00e9rie meilleure et une d\u00e9mocratie majeure\u00a0\u00bb, Matoub a consacr\u00e9 sa vie et son art \u00e0 la d\u00e9fense de la dimension amazigh de l&rsquo;identit\u00e9 nationale, de la d\u00e9mocratie, la la\u00efcit\u00e9 et la libert\u00e9, faisant siennes toutes les causes justes.<\/p>\n<hr\/>\n<h3>Lire aussi:\u00a0<a href=\"http:\/\/www.aps.dz\/culture\/84376-appels-a-traduire-les-oeuvres-poetiques-de-matoub-lounes-pour-les-reveler-au-grand-public\" target=\"_blank\" rel=\"noopener noreferrer\">Appels \u00e0 traduire les \u0153uvres po\u00e9tiques de Matoub Lounes pour les r\u00e9v\u00e9ler au grand public<\/a><\/h3>\n<hr\/>\n<p>Gri\u00e8vement bless\u00e9 lors des \u00e9v\u00e8nements d&rsquo;octobre 1988, le chanteur s&rsquo;\u00e9tait oppos\u00e9 au terrorisme qui a frapp\u00e9 l&rsquo;Alg\u00e9rie en condamnant les assassinats perp\u00e9tr\u00e9s et en portant la voix des siens.<\/p>\n<p>Le 25 septembre 1994 au soir, il fut enlev\u00e9, au lieu dit Takhoukht au Sud de Tizi-Ouzou, par un groupe terroriste puis lib\u00e9r\u00e9 au bout de deux semaines sous la pression de la forte mobilisation populaire suscit\u00e9e par son kidnapping, notamment dans sa r\u00e9gion natale.<\/p>\n<blockquote readability=\"11\">\n<p><em><strong>Auteur d&rsquo;une riche discographie musicale produite durant sa carri\u00e8re s&rsquo;\u00e9talant sur 30 ans, encore reprise aujourd&rsquo;hui par des artistes, \u0153uvre de Matoub se confond avec les joies et peines de sa vie d&rsquo;homme, d&rsquo;artiste, de militant et d&rsquo;alg\u00e9rien.<\/strong><\/em><\/p>\n<\/blockquote>\n<p>R\u00e9cipiendaire de plusieurs prix pour son combat, en Europe, au Canada et aux Etats-Unis, le chanteur a continu\u00e9 \u00e0 mettre son art et sa notori\u00e9t\u00e9 au service du combat contre le terrorisme, pour la d\u00e9mocratie et l&rsquo;Alg\u00e9rie jusqu&rsquo;\u00e0 son assassinat le 25 juin 1998.<\/p>\n<p>Une exposition retra\u00e7ant la vie et \u0153uvre du rebelle est, par ailleurs, organis\u00e9e au niveau du hall de la maison de la culture Mouloud Mammeri, \u00e0 l&rsquo;initiative de la direction locale de la culture en collaboration avec la fondation Matoub Lounes.<\/p>\n<\/div>\n<p>Auteur:<br \/>\n<a href=\"http:\/\/www.aps.dz\/culture\/100581-tizi-ouzou-hommage-et-recueillement-a-la-memoire-de-matoub-lounes\">Cliquez ici pour lire l&rsquo;article depuis sa source.<\/a><\/p>\n","protected":false},"excerpt":{"rendered":"<p>TIZI-OUZOU &#8211; Une c\u00e9r\u00e9monie d&rsquo;hommage et de recueillement \u00e0 \u00e9t\u00e9 organis\u00e9e vendredi \u00e0 Taourirt-Moussa, dans la commune d&rsquo;Ait Mahmoud, au Sud de Tizi-Ouzou, \u00e0 la m\u00e9moire du chanteur Matoub Lounes, \u00e0 l&rsquo;occasion du 64\u00e8me anniversaire de sa naissance. La c\u00e9r\u00e9monie organis\u00e9e par la fondation qui porte son nom a \u00e9t\u00e9 marqu\u00e9e par la pr\u00e9sence de [&hellip;]<\/p>\n","protected":false},"author":1790,"featured_media":0,"comment_status":"closed","ping_status":"closed","sticky":false,"template":"","format":"standard","meta":{"fifu_image_url":"","fifu_image_alt":"","footnotes":""},"categories":[53,79],"tags":[],"class_list":["post-74004","post","type-post","status-publish","format-standard","hentry","category-algerie","category-culture"],"_links":{"self":[{"href":"https:\/\/linitiative.ca\/International\/wp-json\/wp\/v2\/posts\/74004","targetHints":{"allow":["GET"]}}],"collection":[{"href":"https:\/\/linitiative.ca\/International\/wp-json\/wp\/v2\/posts"}],"about":[{"href":"https:\/\/linitiative.ca\/International\/wp-json\/wp\/v2\/types\/post"}],"author":[{"embeddable":true,"href":"https:\/\/linitiative.ca\/International\/wp-json\/wp\/v2\/users\/1790"}],"replies":[{"embeddable":true,"href":"https:\/\/linitiative.ca\/International\/wp-json\/wp\/v2\/comments?post=74004"}],"version-history":[{"count":0,"href":"https:\/\/linitiative.ca\/International\/wp-json\/wp\/v2\/posts\/74004\/revisions"}],"wp:attachment":[{"href":"https:\/\/linitiative.ca\/International\/wp-json\/wp\/v2\/media?parent=74004"}],"wp:term":[{"taxonomy":"category","embeddable":true,"href":"https:\/\/linitiative.ca\/International\/wp-json\/wp\/v2\/categories?post=74004"},{"taxonomy":"post_tag","embeddable":true,"href":"https:\/\/linitiative.ca\/International\/wp-json\/wp\/v2\/tags?post=74004"}],"curies":[{"name":"wp","href":"https:\/\/api.w.org\/{rel}","templated":true}]}}