{"id":74005,"date":"2020-01-24T05:48:00","date_gmt":"2020-01-24T10:48:00","guid":{"rendered":"https:\/\/linitiative.ca\/International\/un-tremblement-de-terre-de-magnitude-4-9-enregistre-a-jijel\/"},"modified":"2020-01-24T05:48:00","modified_gmt":"2020-01-24T10:48:00","slug":"un-tremblement-de-terre-de-magnitude-4-9-enregistre-a-jijel","status":"publish","type":"post","link":"https:\/\/linitiative.ca\/International\/un-tremblement-de-terre-de-magnitude-4-9-enregistre-a-jijel\/","title":{"rendered":"Un tremblement de terre de magnitude 4.9 enregistr\u00e9 \u00e0 Jijel"},"content":{"rendered":"<div id=\"originalText\" readability=\"41\">\n<p>Un tremblement de terre de magnitude 4.9 sur l&rsquo;\u00e9chelle ouverte de Richter a \u00e9t\u00e9 enregistr\u00e9 ce vendredi matin \u00e0 08h24 dans la wilaya de Jijel, a indiqu\u00e9 le Centre de Recherche en Astronomie, Astrophysique et G\u00e9ophysique (CRAAG), dans un communiqu\u00e9 r\u00e9percut\u00e9 par l\u2019APS.<\/p>\n<p>L&rsquo;\u00e9picentre de la secousse a \u00e9t\u00e9 localis\u00e9 en mer \u00e0 05 km au nord-est d&rsquo;El Aouana (Wilaya de Jijel), a pr\u00e9cis\u00e9 la m\u00eame source.<\/p>\n<p class=\"c6\"><strong>APS<\/strong><\/p>\n<\/div>\n<div id=\"text_core\" readability=\"41\">\n<p>Un tremblement de terre de magnitude 4.9 sur l&rsquo;\u00e9chelle ouverte de Richter a \u00e9t\u00e9 enregistr\u00e9 ce vendredi matin \u00e0 08h24 dans la wilaya de Jijel, a indiqu\u00e9 le Centre de Recherche en Astronomie, Astrophysique et G\u00e9ophysique (CRAAG), dans un communiqu\u00e9 r\u00e9percut\u00e9 par l\u2019APS.<\/p>\n<p>L&rsquo;\u00e9picentre de la secousse a \u00e9t\u00e9 localis\u00e9 en mer \u00e0 05 km au nord-est d&rsquo;El Aouana (Wilaya de Jijel), a pr\u00e9cis\u00e9 la m\u00eame source.<\/p>\n<p class=\"c6\"><strong>APS<\/strong><\/p>\n<\/div>\n<p>Auteur:<br \/>\n<a href=\"https:\/\/www.liberte-algerie.com\/actualite\/un-tremblement-de-terre-de-magnitude-49-enregistre-a-jijel-332531\">Cliquez ici pour lire l&rsquo;article depuis sa source.<\/a><\/p>\n","protected":false},"excerpt":{"rendered":"<p>Un tremblement de terre de magnitude 4.9 sur l&rsquo;\u00e9chelle ouverte de Richter a \u00e9t\u00e9 enregistr\u00e9 ce vendredi matin \u00e0 08h24 dans la wilaya de Jijel, a indiqu\u00e9 le Centre de Recherche en Astronomie, Astrophysique et G\u00e9ophysique (CRAAG), dans un communiqu\u00e9 r\u00e9percut\u00e9 par l\u2019APS. L&rsquo;\u00e9picentre de la secousse a \u00e9t\u00e9 localis\u00e9 en mer \u00e0 05 km [&hellip;]<\/p>\n","protected":false},"author":1742,"featured_media":0,"comment_status":"closed","ping_status":"closed","sticky":false,"template":"","format":"standard","meta":{"fifu_image_url":"","fifu_image_alt":"","footnotes":""},"categories":[73,53],"tags":[],"class_list":["post-74005","post","type-post","status-publish","format-standard","hentry","category-actualite","category-algerie"],"_links":{"self":[{"href":"https:\/\/linitiative.ca\/International\/wp-json\/wp\/v2\/posts\/74005","targetHints":{"allow":["GET"]}}],"collection":[{"href":"https:\/\/linitiative.ca\/International\/wp-json\/wp\/v2\/posts"}],"about":[{"href":"https:\/\/linitiative.ca\/International\/wp-json\/wp\/v2\/types\/post"}],"author":[{"embeddable":true,"href":"https:\/\/linitiative.ca\/International\/wp-json\/wp\/v2\/users\/1742"}],"replies":[{"embeddable":true,"href":"https:\/\/linitiative.ca\/International\/wp-json\/wp\/v2\/comments?post=74005"}],"version-history":[{"count":0,"href":"https:\/\/linitiative.ca\/International\/wp-json\/wp\/v2\/posts\/74005\/revisions"}],"wp:attachment":[{"href":"https:\/\/linitiative.ca\/International\/wp-json\/wp\/v2\/media?parent=74005"}],"wp:term":[{"taxonomy":"category","embeddable":true,"href":"https:\/\/linitiative.ca\/International\/wp-json\/wp\/v2\/categories?post=74005"},{"taxonomy":"post_tag","embeddable":true,"href":"https:\/\/linitiative.ca\/International\/wp-json\/wp\/v2\/tags?post=74005"}],"curies":[{"name":"wp","href":"https:\/\/api.w.org\/{rel}","templated":true}]}}