{"id":74006,"date":"2020-01-24T09:32:00","date_gmt":"2020-01-24T14:32:00","guid":{"rendered":"https:\/\/linitiative.ca\/International\/les-manifestants-exigent-la-liberation-des-detenus\/"},"modified":"2020-01-24T09:32:00","modified_gmt":"2020-01-24T14:32:00","slug":"les-manifestants-exigent-la-liberation-des-detenus","status":"publish","type":"post","link":"https:\/\/linitiative.ca\/International\/les-manifestants-exigent-la-liberation-des-detenus\/","title":{"rendered":"Les manifestants exigent la lib\u00e9ration des d\u00e9tenus"},"content":{"rendered":"<div id=\"originalText\" readability=\"87\">\n<p>Des milliers de manifestants ont investi les rues d\u2019Alger, ce vendredi, pour exiger la lib\u00e9ration des d\u00e9tenus d\u2019opinion et le changement radical du syst\u00e8me.<\/p>\n<p>La 49e marche a d\u00e9but\u00e9 timidement en raison d&rsquo;un important dispositif policier d\u00e9ploy\u00e9 tout au long de la rue Didouche Mourad jusqu\u2019\u00e0 la rue Khelifa Boukhalfa. En effet, plusieurs fourgons occupaient les axes principaux du centre-ville, alors\u00a0que des agents de police dispersaient les premiers manifestants afin d\u2019emp\u00eacher les rassemblements. L&rsquo;entr\u00e9e du\u00a0si\u00e8ge du RCD a \u00e9t\u00e9 d&rsquo;ailleurs carr\u00e9ment boucl\u00e9e par un cordon s\u00e9curitaire, alors que quelques militants du parti ont \u00e9t\u00e9 interpell\u00e9s plus tard du c\u00f4t\u00e9 de la place Audin.<\/p>\n<p>En d\u00e9pit des tentatives d\u2019intimidations de la part des forces de l\u2019ordre, les manifestants n\u2019ont pas abdiqu\u00e9, bien au contraire, \u00e0 partir de 14h, ils ont\u00a0pris possession des lieux, notamment \u00e0 hauteur de la rue Victor Hugo, o\u00f9 ils ont entam\u00e9 leur marche.<\/p>\n<p><iframe loading=\"lazy\" allowfullscreen=\"true\" allowtransparency=\"true\" frameborder=\"0\" height=\"338\" scrolling=\"no\" src=\"https:\/\/www.facebook.com\/plugins\/video.php?href=https%3A%2F%2Fwww.facebook.com%2FJournaLiberteOfficiel%2Fvideos%2F151198662999239%2F&#038;show_text=0&#038;width=560\" class=\"c6\" width=\"560\">[embedded content]<\/iframe>Les rues d\u2019Alger s\u2019\u00e9toffaient ainsi au fur et \u00e0 mesure avec l\u2019arriv\u00e9e des citoyens qui affluaient des autres quartiers de la capitale, de Sacr\u00e9 C\u0153ur, de la rue Hassiba Ben Bouali, ou encore de la Casbah et Bab El Oued.<\/p>\n<p>Comme \u00e0 l\u2019accoutum\u00e9e, ils ont r\u00e9it\u00e9r\u00e9 une nouvelle fois leurs revendications principales, \u00e0 savoir \u00ab\u00a0un \u00c9tat civil et non militaire\u00a0\u00bb, \u00ab\u00a0l\u2019ind\u00e9pendance de la justice\u00a0\u00bb, \u00ab\u00a0la libert\u00e9 de la presse\u00a0\u00bb et \u00ab\u00a0la lib\u00e9ration des d\u00e9tenus\u00a0\u00bb, tout en brandissant des portraits de Karim Tabbou et de l&rsquo;\u00e9tudiante Nour El Houda Oggadi.<\/p>\n<p>Les manifestants ont \u00e9galement scand\u00e9 \u00e0 l\u2019unisson \u00ab\u00a0el gaz sakhri dirou fi Paris\u00a0\u00bb (le gaz de schiste, exploitez-le \u00e0 Paris), pour r\u00e9pondre au pr\u00e9sident de la R\u00e9publique, Abdelmadjid Tebboune, qui lors d\u2019une entrevue avec des responsables de m\u00e9dias nationaux, mercredi pass\u00e9, avait jug\u00e9 \u00ab\u00a0n\u00e9cessaire\u00a0\u00bb\u00a0l\u2019exploitation du gaz de schiste.\u00a0<\/p>\n<p><img decoding=\"async\" alt=\"\" src=\"\/data\/upload\/83759357_2733182310100451_7009706542006009856_n.jpg\" class=\"c7\"\/><\/p>\n<p>\u00c0 15h30, suite \u00e0 deux interpellations op\u00e9r\u00e9es par les policiers \u00e0 hauteur de la rue Asselah Hocine, les marcheurs ont observ\u00e9 une halte pour se regrouper \u00e0 proximit\u00e9\u00a0du commissariat de Cavaignac. La marche n&rsquo;a repris son cours qu&rsquo;une fois les manifestants rel\u00e2ch\u00e9s.<\/p>\n<p><iframe loading=\"lazy\" allowfullscreen=\"true\" allowtransparency=\"true\" frameborder=\"0\" height=\"315\" scrolling=\"no\" src=\"https:\/\/www.facebook.com\/plugins\/video.php?href=https%3A%2F%2Fwww.facebook.com%2FJournaLiberteOfficiel%2Fvideos%2F227329198283341%2F&#038;show_text=0&#038;width=560\" class=\"c6\" width=\"560\">[embedded content]<\/iframe><\/p>\n<p class=\"c8\"><strong>Sihem Benmalek<\/strong><\/p>\n<\/div>\n<div id=\"text_core\" readability=\"87\">\n<p>Des milliers de manifestants ont investi les rues d\u2019Alger, ce vendredi, pour exiger la lib\u00e9ration des d\u00e9tenus d\u2019opinion et le changement radical du syst\u00e8me.<\/p>\n<p>La 49e marche a d\u00e9but\u00e9 timidement en raison d&rsquo;un important dispositif policier d\u00e9ploy\u00e9 tout au long de la rue Didouche Mourad jusqu\u2019\u00e0 la rue Khelifa Boukhalfa. En effet, plusieurs fourgons occupaient les axes principaux du centre-ville, alors\u00a0que des agents de police dispersaient les premiers manifestants afin d\u2019emp\u00eacher les rassemblements. L&rsquo;entr\u00e9e du\u00a0si\u00e8ge du RCD a \u00e9t\u00e9 d&rsquo;ailleurs carr\u00e9ment boucl\u00e9e par un cordon s\u00e9curitaire, alors que quelques militants du parti ont \u00e9t\u00e9 interpell\u00e9s plus tard du c\u00f4t\u00e9 de la place Audin.<\/p>\n<p>En d\u00e9pit des tentatives d\u2019intimidations de la part des forces de l\u2019ordre, les manifestants n\u2019ont pas abdiqu\u00e9, bien au contraire, \u00e0 partir de 14h, ils ont\u00a0pris possession des lieux, notamment \u00e0 hauteur de la rue Victor Hugo, o\u00f9 ils ont entam\u00e9 leur marche.<\/p>\n<p><iframe loading=\"lazy\" allowfullscreen=\"true\" allowtransparency=\"true\" frameborder=\"0\" height=\"338\" scrolling=\"no\" src=\"https:\/\/www.facebook.com\/plugins\/video.php?href=https%3A%2F%2Fwww.facebook.com%2FJournaLiberteOfficiel%2Fvideos%2F151198662999239%2F&#038;show_text=0&#038;width=560\" class=\"c6\" width=\"560\">[embedded content]<\/iframe>Les rues d\u2019Alger s\u2019\u00e9toffaient ainsi au fur et \u00e0 mesure avec l\u2019arriv\u00e9e des citoyens qui affluaient des autres quartiers de la capitale, de Sacr\u00e9 C\u0153ur, de la rue Hassiba Ben Bouali, ou encore de la Casbah et Bab El Oued.<\/p>\n<p>Comme \u00e0 l\u2019accoutum\u00e9e, ils ont r\u00e9it\u00e9r\u00e9 une nouvelle fois leurs revendications principales, \u00e0 savoir \u00ab\u00a0un \u00c9tat civil et non militaire\u00a0\u00bb, \u00ab\u00a0l\u2019ind\u00e9pendance de la justice\u00a0\u00bb, \u00ab\u00a0la libert\u00e9 de la presse\u00a0\u00bb et \u00ab\u00a0la lib\u00e9ration des d\u00e9tenus\u00a0\u00bb, tout en brandissant des portraits de Karim Tabbou et de l&rsquo;\u00e9tudiante Nour El Houda Oggadi.<\/p>\n<p>Les manifestants ont \u00e9galement scand\u00e9 \u00e0 l\u2019unisson \u00ab\u00a0el gaz sakhri dirou fi Paris\u00a0\u00bb (le gaz de schiste, exploitez-le \u00e0 Paris), pour r\u00e9pondre au pr\u00e9sident de la R\u00e9publique, Abdelmadjid Tebboune, qui lors d\u2019une entrevue avec des responsables de m\u00e9dias nationaux, mercredi pass\u00e9, avait jug\u00e9 \u00ab\u00a0n\u00e9cessaire\u00a0\u00bb\u00a0l\u2019exploitation du gaz de schiste.\u00a0<\/p>\n<p><img decoding=\"async\" alt=\"\" src=\"\/data\/upload\/83759357_2733182310100451_7009706542006009856_n.jpg\" class=\"c7\"\/><\/p>\n<p>\u00c0 15h30, suite \u00e0 deux interpellations op\u00e9r\u00e9es par les policiers \u00e0 hauteur de la rue Asselah Hocine, les marcheurs ont observ\u00e9 une halte pour se regrouper \u00e0 proximit\u00e9\u00a0du commissariat de Cavaignac. La marche n&rsquo;a repris son cours qu&rsquo;une fois les manifestants rel\u00e2ch\u00e9s.<\/p>\n<p><iframe loading=\"lazy\" allowfullscreen=\"true\" allowtransparency=\"true\" frameborder=\"0\" height=\"315\" scrolling=\"no\" src=\"https:\/\/www.facebook.com\/plugins\/video.php?href=https%3A%2F%2Fwww.facebook.com%2FJournaLiberteOfficiel%2Fvideos%2F227329198283341%2F&#038;show_text=0&#038;width=560\" class=\"c6\" width=\"560\">[embedded content]<\/iframe><\/p>\n<p class=\"c8\"><strong>Sihem Benmalek<\/strong><\/p>\n<\/div>\n<p>Auteur:<br \/>\n<a href=\"https:\/\/www.liberte-algerie.com\/actualite\/les-manifestants-exigent-la-liberation-des-detenus-332532\">Cliquez ici pour lire l&rsquo;article depuis sa source.<\/a><\/p>\n","protected":false},"excerpt":{"rendered":"<p>Des milliers de manifestants ont investi les rues d\u2019Alger, ce vendredi, pour exiger la lib\u00e9ration des d\u00e9tenus d\u2019opinion et le changement radical du syst\u00e8me. La 49e marche a d\u00e9but\u00e9 timidement en raison d&rsquo;un important dispositif policier d\u00e9ploy\u00e9 tout au long de la rue Didouche Mourad jusqu\u2019\u00e0 la rue Khelifa Boukhalfa. En effet, plusieurs fourgons occupaient [&hellip;]<\/p>\n","protected":false},"author":1742,"featured_media":74007,"comment_status":"closed","ping_status":"closed","sticky":false,"template":"","format":"standard","meta":{"fifu_image_url":"","fifu_image_alt":"","footnotes":""},"categories":[73,53],"tags":[],"class_list":["post-74006","post","type-post","status-publish","format-standard","has-post-thumbnail","hentry","category-actualite","category-algerie"],"_links":{"self":[{"href":"https:\/\/linitiative.ca\/International\/wp-json\/wp\/v2\/posts\/74006","targetHints":{"allow":["GET"]}}],"collection":[{"href":"https:\/\/linitiative.ca\/International\/wp-json\/wp\/v2\/posts"}],"about":[{"href":"https:\/\/linitiative.ca\/International\/wp-json\/wp\/v2\/types\/post"}],"author":[{"embeddable":true,"href":"https:\/\/linitiative.ca\/International\/wp-json\/wp\/v2\/users\/1742"}],"replies":[{"embeddable":true,"href":"https:\/\/linitiative.ca\/International\/wp-json\/wp\/v2\/comments?post=74006"}],"version-history":[{"count":0,"href":"https:\/\/linitiative.ca\/International\/wp-json\/wp\/v2\/posts\/74006\/revisions"}],"wp:featuredmedia":[{"embeddable":true,"href":"https:\/\/linitiative.ca\/International\/wp-json\/"}],"wp:attachment":[{"href":"https:\/\/linitiative.ca\/International\/wp-json\/wp\/v2\/media?parent=74006"}],"wp:term":[{"taxonomy":"category","embeddable":true,"href":"https:\/\/linitiative.ca\/International\/wp-json\/wp\/v2\/categories?post=74006"},{"taxonomy":"post_tag","embeddable":true,"href":"https:\/\/linitiative.ca\/International\/wp-json\/wp\/v2\/tags?post=74006"}],"curies":[{"name":"wp","href":"https:\/\/api.w.org\/{rel}","templated":true}]}}