{"id":74012,"date":"2020-01-24T07:05:31","date_gmt":"2020-01-24T12:05:31","guid":{"rendered":"https:\/\/linitiative.ca\/International\/31e-edition-du-marathon-les-preparatifs-vont-bon-train\/"},"modified":"2020-01-24T07:05:31","modified_gmt":"2020-01-24T12:05:31","slug":"31e-edition-du-marathon-les-preparatifs-vont-bon-train","status":"publish","type":"post","link":"https:\/\/linitiative.ca\/International\/31e-edition-du-marathon-les-preparatifs-vont-bon-train\/","title":{"rendered":"31\u00e8 \u00e9dition du Marathon: Les pr\u00e9paratifs vont bon train"},"content":{"rendered":"<div readability=\"40\">\n<p>Marrakech \u2013 Les pr\u00e9paratifs vont bon train et toutes les mesures ont \u00e9t\u00e9 prises pour une 31\u00e8 \u00e9dition, amplement r\u00e9ussie, du marathon et semi-marathon internationaux de Marrakech, a soulign\u00e9, jeudi dans la cit\u00e9 ocre, le directeur de cette manifestation sportive, Mohamed Knidiri.<\/p>\n<\/div>\n<div readability=\"155\">\n<p>\u00ab\u00a0Les pr\u00e9paratifs avancent convenablement, puisque nous avons d\u00e9j\u00e0 balis\u00e9 le parcours plusieurs fois, avec les services de s\u00e9curit\u00e9, les responsables de la wilaya et de la ville de Marrakech pour essayer de r\u00e9soudre tous les probl\u00e8mes et le rendre ainsi plus rapide et propice aux performances\u00a0\u00bb, a-t-il d\u00e9clar\u00e9 \u00e0 la MAP, en pr\u00e9lude \u00e0 cette \u00e9dition qui se tiendra le 26 janvier.<\/p>\n<p>Et de poursuivre que le tra\u00e7age de ce parcours s\u2019est fait en tenant compte du souci d\u2019offrir aux athl\u00e8tes sur leur chemin, et aux mordus de cette course, les paysages les plus pittoresques et embl\u00e9matiques de cette cit\u00e9 imp\u00e9riale, faisant savoir que le village du Marathon a \u00e9t\u00e9 d\u00e9j\u00e0 lanc\u00e9 et il est op\u00e9rationnel, avec une programmation riche d\u2019activit\u00e9s et d\u2019animations au profit du public.<\/p>\n<p>M. Knidiri, \u00e9galement pr\u00e9sident de l\u2019Association du Grand Atlas (AGA), a lou\u00e9 l\u2019engagement exemplaire de l\u2019ensemble des parties concern\u00e9es (\u00e9lus locaux, services de s\u00e9curit\u00e9, autorit\u00e9s locales) pour faire de cette nouvelle \u00e9dition un franc succ\u00e8s. \u00ab\u00a0Tout le monde est avec nous pour r\u00e9ussir cette grande manifestation sportive\u00a0\u00bb, a-t-il dit.<\/p>\n<p>Et de relever qu\u2019une autre particularit\u00e9 de cette \u00e9dition r\u00e9side dans le fait que les organisateurs ont veill\u00e9, cette ann\u00e9e, au changement du parcours du Marathon comme du semi-marathon en tenant compte de la probl\u00e9matique de la mobilit\u00e9 et de la circulation en ville.<\/p>\n<p>\u00ab\u00a0M\u00eame si nous avons toujours souhait\u00e9 que le dimanche du Marathon soit un jour Ecolo sans voiture pour \u00e9viter la pollution de l\u2019air et permettre aux athl\u00e8tes de courir dans des conditions atmosph\u00e9riques agr\u00e9ables, nous avons oeuvr\u00e9 avec les services concern\u00e9s pour \u00e9viter aux Marrakchis et visiteurs de la cit\u00e9 ocre les probl\u00e8mes de mobilit\u00e9 sachant que plusieurs axes seront ferm\u00e9s \u00e0 la circulation pendant le Marathon\u00a0\u00bb, a-t-il ajout\u00e9.<\/p>\n<p>Sur un autre registre, il a pr\u00e9cis\u00e9 que cette nouvelle \u00e9dition s\u2019annonce \u00ab\u00a0record\u00a0\u00bb en termes de participation avec plus de 13.000 coureurs et grands coureurs, et 75 Top runners dont la moiti\u00e9 sont labellis\u00e9 (IAAF : F\u00e9d\u00e9ration Internationale d\u2019Athl\u00e9tisme), estimant qu\u2019il s\u2019agit d\u2019une avant premi\u00e8re au Maroc pour ne pas dire en Afrique du Nord.<\/p>\n<p>Dans ce sillage, il a indiqu\u00e9 que le Marathon International de Marrakech, plac\u00e9 sous le Haut Patronage de Sa Majest\u00e9 le Roi Mohammed VI, gagne ann\u00e9e apr\u00e8s ann\u00e9e en maturit\u00e9 comme en t\u00e9moigne la participation de nouveaux athl\u00e8tes en nombre cons\u00e9quent et ce, d\u2019une \u00e9dition \u00e0 l\u2019autre.<\/p>\n<p>\u00ab\u00a0Dans trois \u00e0 quatre ans, nous allons arriver \u00e0 20.000 athl\u00e8tes et nous serons l\u2019un des plus grands Marathons du monde\u00a0\u00bb, a estim\u00e9 M. Knidiri avec beaucoup d\u2019enthousiasme.<\/p>\n<p>Toujours au rang des nouveaut\u00e9s de cette 31\u00e8 \u00e9dition figure l\u2019organisation d\u2019un Colloque autour de la th\u00e9matique du r\u00f4le du sport dans la coop\u00e9ration internationale, a-t-il fait savoir, louant, au passage, la pertinence de la politique \u00e9trang\u00e8re men\u00e9e par le Royaume ces derni\u00e8res ann\u00e9es gr\u00e2ce \u00e0 une diplomatie active et agissante.<\/p>\n<p>M. Knidiri a, dans ce contexte, estim\u00e9 indispensable pour les organisateurs de contribuer \u00e0 cet \u00e9lan que connait le Royaume sur le plan diplomatique via le Marathon International de Marrakech.<\/p>\n<p>\u00ab\u00a0Evidemment, le Marathon offre une opportunit\u00e9 aux gens de la cit\u00e9 ocre, de la r\u00e9gion et du Royaume pour pratiquer le sport mais, attire aussi des \u00e9trangers des quatre coins du monde. Pour ces athl\u00e8tes \u00e9trangers, un s\u00e9jour agr\u00e9able leur est r\u00e9serv\u00e9 et c\u2019est le cas toujours \u00e0 Marrakech: ils seront, sans nul doute, de v\u00e9ritables ambassadeurs de la ville, de la r\u00e9gion et du Royaume\u00a0\u00bb, a-t-il expliqu\u00e9.<\/p>\n<p>\u00ab\u00a0Cette manifestation sportive internationale donne \u00e0 Marrakech un rayonnement exceptionnel puisque des gens viennent du monde entier, outre le fait qu\u2019elle contribue \u00e0 une v\u00e9ritable dynamique \u00e9conomique de la cit\u00e9 ocre\u00a0\u00bb, s\u2019est f\u00e9licit\u00e9 M. Knidiri.<\/p>\n<p>Il a, en outre, relev\u00e9 que ce Marathon est devenu \u00ab\u00a0une \u00e9cole\u00a0\u00bb de promotion et de lancement des athl\u00e8tes marocains, notant que cette nouvelle \u00e9dition sera rehauss\u00e9e par la pr\u00e9sence de directeurs et de repr\u00e9sentants de comit\u00e9s d\u2019organisation d\u2019autres marathons internationaux.<\/p>\n<p>Il a rappel\u00e9 que cette manifestation, qui a acquis une renomm\u00e9e internationale et jouit de la confiance des sponsors, demeure le plus important marathon sur le plan africain et figure par excellence sur l\u2019\u00e9chiquier mondial de la discipline gr\u00e2ce au chrono record (2h06mn35s) enregistr\u00e9 par le K\u00e9nyan Stephan Tum en 2013.<\/p>\n<p>Devenu une manifestation athl\u00e9tique majeure et d\u2019envergure internationale, ce marathon s\u2019est \u00e9rig\u00e9 en une \u00e9cole de promotion et de lancement de grandes stars de cette discipline qui ont marqu\u00e9 la sc\u00e8ne internationale, et des athl\u00e8tes marocains en particulier, \u00e0 l\u2019instar de Abdelkader El Mouaziz qui a d\u00e9tenu le record du Marathon de Marrakech de 1999 \u00e0 2012 (2h08min15s) et remport\u00e9 \u00e0 deux reprises le Marathon de Londres (1999 et 2001) et celui de New York en 2000, Aderrahim Goumri qui d\u00e9tenait la meilleure performance marocaine (2h05min30s) de 2002 \u00e0 2009 et Jaouad Gharib, double champion du monde ayant r\u00e9alis\u00e9 2h05min27s \u00e0 Londres en 2009 et tant d\u2019autres performances.<\/p>\n<p>Cet \u00e9v\u00e9nement sportif a aussi re\u00e7u le label lui permettant d\u2019\u00eatre qualifiant pour le championnat du Monde qui a eu lieu en ao\u00fbt 2015 \u00e0 P\u00e9kin, et sera ainsi qualifiant pour les Jeux Olympiques de Tokyo en 2020.<\/p>\n<\/div>\n<p>Auteur: Meriem IGASS<br \/>\n<a href=\"http:\/\/www.mapmarrakech.ma\/fr\/marathon-2\/\">Cliquez ici pour lire l&rsquo;article depuis sa source.<\/a><\/p>\n","protected":false},"excerpt":{"rendered":"<p>Marrakech \u2013 Les pr\u00e9paratifs vont bon train et toutes les mesures ont \u00e9t\u00e9 prises pour une 31\u00e8 \u00e9dition, amplement r\u00e9ussie, du marathon et semi-marathon internationaux de Marrakech, a soulign\u00e9, jeudi dans la cit\u00e9 ocre, le directeur de cette manifestation sportive, Mohamed Knidiri. \u00ab\u00a0Les pr\u00e9paratifs avancent convenablement, puisque nous avons d\u00e9j\u00e0 balis\u00e9 le parcours plusieurs fois, [&hellip;]<\/p>\n","protected":false},"author":1788,"featured_media":0,"comment_status":"closed","ping_status":"closed","sticky":false,"template":"","format":"standard","meta":{"fifu_image_url":"","fifu_image_alt":"","footnotes":""},"categories":[54,76],"tags":[],"class_list":["post-74012","post","type-post","status-publish","format-standard","hentry","category-maroc","category-regions"],"_links":{"self":[{"href":"https:\/\/linitiative.ca\/International\/wp-json\/wp\/v2\/posts\/74012","targetHints":{"allow":["GET"]}}],"collection":[{"href":"https:\/\/linitiative.ca\/International\/wp-json\/wp\/v2\/posts"}],"about":[{"href":"https:\/\/linitiative.ca\/International\/wp-json\/wp\/v2\/types\/post"}],"author":[{"embeddable":true,"href":"https:\/\/linitiative.ca\/International\/wp-json\/wp\/v2\/users\/1788"}],"replies":[{"embeddable":true,"href":"https:\/\/linitiative.ca\/International\/wp-json\/wp\/v2\/comments?post=74012"}],"version-history":[{"count":0,"href":"https:\/\/linitiative.ca\/International\/wp-json\/wp\/v2\/posts\/74012\/revisions"}],"wp:attachment":[{"href":"https:\/\/linitiative.ca\/International\/wp-json\/wp\/v2\/media?parent=74012"}],"wp:term":[{"taxonomy":"category","embeddable":true,"href":"https:\/\/linitiative.ca\/International\/wp-json\/wp\/v2\/categories?post=74012"},{"taxonomy":"post_tag","embeddable":true,"href":"https:\/\/linitiative.ca\/International\/wp-json\/wp\/v2\/tags?post=74012"}],"curies":[{"name":"wp","href":"https:\/\/api.w.org\/{rel}","templated":true}]}}