{"id":74013,"date":"2020-01-24T07:25:27","date_gmt":"2020-01-24T12:25:27","guid":{"rendered":"https:\/\/linitiative.ca\/International\/bijouterie-presentation-du-plan-strategique-de-developpement\/"},"modified":"2020-01-24T07:25:27","modified_gmt":"2020-01-24T12:25:27","slug":"bijouterie-presentation-du-plan-strategique-de-developpement","status":"publish","type":"post","link":"https:\/\/linitiative.ca\/International\/bijouterie-presentation-du-plan-strategique-de-developpement\/","title":{"rendered":"Bijouterie: Pr\u00e9sentation du Plan strat\u00e9gique de d\u00e9veloppement"},"content":{"rendered":"<div readability=\"34\">\n<p>Marrakech \u2013 Une rencontre th\u00e9matique portant sur les r\u00e9sultats de l\u2019\u00e9tude men\u00e9e pour l\u2019\u00e9laboration du Plan strat\u00e9gique de d\u00e9veloppement de la fili\u00e8re bijouterie-joaillerie au Maroc a \u00e9t\u00e9 organis\u00e9e jeudi \u00e0 Marrakech.<\/p>\n<\/div>\n<div readability=\"107\">\n<p>Tenue dans le cadre de la sixi\u00e8me Semaine nationale de l\u2019artisanat (SNA-2020), qui se tient du 12 au 26 janvier dans la cit\u00e9 ocre, cette rencontre a \u00e9t\u00e9 l\u2019occasion d\u2019exposer les grandes lignes de cette Strat\u00e9gie qui s\u2019articule autour de trois axes principaux, \u00e0 savoir le cadre de r\u00e9f\u00e9rence, la vision strat\u00e9gique et le projet du contrat-programme.<\/p>\n<p>Cette Strat\u00e9gie vient mettre en place un plan d\u2019action strat\u00e9gique pour que la fili\u00e8re bijouterie-joaillerie au Maroc puisse \u00eatre comp\u00e9titive, cr\u00e9atrice de valeur ajout\u00e9e \u00e9conomique et sociale, r\u00e9pondant aux besoins du march\u00e9 local et \u00e0 m\u00eame d\u2019adresser des march\u00e9s \u00e0 l\u2019export.<\/p>\n<p>Ainsi, un diagnostic interne du secteur et une \u00e9tude du march\u00e9 international s\u2019av\u00e8rent n\u00e9cessaires pour pouvoir mettre l\u2019accent sur les points de force et les faiblesses de la fili\u00e8re bijouterie-joaillerie au Maroc et proc\u00e9der \u00e0 l\u2019\u00e9laboration d\u2019une feuille de route et d\u2019un projet contrat-programme.<\/p>\n<p>Cette rencontre a \u00e9t\u00e9 \u00e9galement l\u2019occasion de sensibiliser les diff\u00e9rents intervenants de la fili\u00e8re \u00e0 l\u2019importance de la convergence des efforts dans le cadre de ce contrat-programme.<\/p>\n<p>S\u2019exprimant \u00e0 cette occasion, le directeur de la pr\u00e9servation du patrimoine, de l\u2019innovation et de la promotion du Secr\u00e9tariat d\u2019Etat charg\u00e9 de l\u2019Artisanat et de l\u2019Economie Sociale, Abdeljalil Errajraji a fait savoir que la fili\u00e8re bijouterie-joaillerie constitue une composante essentielle du tissu \u00e9conomique au Maroc, en offrant des chances d\u2019emploi \u00e0 plus de 8.000 artisans et en contribuant avec un chiffre d\u2019affaire de 1.590 millions de dirhams, soit 2,2% du chiffre d\u2019affaire de l\u2019artisanat traditionnel productif et artistique.<\/p>\n<p>Dans ce sens, le minist\u00e8re de tutelle a mis en \u0153uvre un ensemble de programmes pour innover les produits et relever les d\u00e9fis relatifs aux d\u00e9veloppement technologiques ainsi que les transformations du march\u00e9 international, a-t-il expliqu\u00e9.<\/p>\n<p>Cette rencontre a connu la participation des diff\u00e9rents acteurs de la fili\u00e8re dont notamment les administrations et les institutions nationales concern\u00e9es, les professionnels, ainsi que des experts en design.<\/p>\n<p>Organis\u00e9e \u00e0 l\u2019initiative du minist\u00e8re du Tourisme, de l\u2019Artisanat, du Transport a\u00e9rien et de l\u2019\u00c9conomie sociale, \u00e0 travers la Maison de l\u2019artisan, la SNA-2020 vise \u00e0 construire une image de marque de l\u2019artisanat marocain, faire de cet \u00e9v\u00e9nement un espace de rencontres incontournable pour les artisans qui souhaitent mettre en valeur leurs cr\u00e9ations, s\u2019informer de l\u2019\u00e9volution des tendances et trouver de nouveaux d\u00e9bouch\u00e9s, ainsi qu\u2019aider \u00e0 la commercialisation du produit tout en pr\u00e9servant et am\u00e9liorant les revenus des artisans.<\/p>\n<p>Am\u00e9nag\u00e9 sur une superficie de 50.000m2, ce salon accueille environ 1.200 exposants, issus des 12 r\u00e9gions du Maroc, artisans individuels, coop\u00e9ratives et entreprises d\u2019artisanat, repr\u00e9sentant tous les m\u00e9tiers et les arts de l\u2019artisanat marocain.<\/p>\n<p>La 6\u00e8me Semaine nationale de l\u2019artisanat est marqu\u00e9e par l\u2019am\u00e9nagement d\u2019un stand sp\u00e9cial d\u00e9di\u00e9 \u00e0 la pr\u00e9servation des m\u00e9tiers menac\u00e9s de disparition, le prolongement de la p\u00e9riode d\u2019exposition d\u2019une \u00e0 deux semaines et par la participation de plusieurs pays amis en tant qu\u2019invit\u00e9s d\u2019honneur : La Tunisie, la Mauritanie, le Chili, l\u2019Indon\u00e9sie et l\u2019Inde.<\/p>\n<\/div>\n<p>Auteur: Meriem IGASS<br \/>\n<a href=\"http:\/\/www.mapmarrakech.ma\/fr\/strategique\/\">Cliquez ici pour lire l&rsquo;article depuis sa source.<\/a><\/p>\n","protected":false},"excerpt":{"rendered":"<p>Marrakech \u2013 Une rencontre th\u00e9matique portant sur les r\u00e9sultats de l\u2019\u00e9tude men\u00e9e pour l\u2019\u00e9laboration du Plan strat\u00e9gique de d\u00e9veloppement de la fili\u00e8re bijouterie-joaillerie au Maroc a \u00e9t\u00e9 organis\u00e9e jeudi \u00e0 Marrakech. Tenue dans le cadre de la sixi\u00e8me Semaine nationale de l\u2019artisanat (SNA-2020), qui se tient du 12 au 26 janvier dans la cit\u00e9 ocre, [&hellip;]<\/p>\n","protected":false},"author":1788,"featured_media":0,"comment_status":"closed","ping_status":"closed","sticky":false,"template":"","format":"standard","meta":{"fifu_image_url":"","fifu_image_alt":"","footnotes":""},"categories":[54,76],"tags":[],"class_list":["post-74013","post","type-post","status-publish","format-standard","hentry","category-maroc","category-regions"],"_links":{"self":[{"href":"https:\/\/linitiative.ca\/International\/wp-json\/wp\/v2\/posts\/74013","targetHints":{"allow":["GET"]}}],"collection":[{"href":"https:\/\/linitiative.ca\/International\/wp-json\/wp\/v2\/posts"}],"about":[{"href":"https:\/\/linitiative.ca\/International\/wp-json\/wp\/v2\/types\/post"}],"author":[{"embeddable":true,"href":"https:\/\/linitiative.ca\/International\/wp-json\/wp\/v2\/users\/1788"}],"replies":[{"embeddable":true,"href":"https:\/\/linitiative.ca\/International\/wp-json\/wp\/v2\/comments?post=74013"}],"version-history":[{"count":0,"href":"https:\/\/linitiative.ca\/International\/wp-json\/wp\/v2\/posts\/74013\/revisions"}],"wp:attachment":[{"href":"https:\/\/linitiative.ca\/International\/wp-json\/wp\/v2\/media?parent=74013"}],"wp:term":[{"taxonomy":"category","embeddable":true,"href":"https:\/\/linitiative.ca\/International\/wp-json\/wp\/v2\/categories?post=74013"},{"taxonomy":"post_tag","embeddable":true,"href":"https:\/\/linitiative.ca\/International\/wp-json\/wp\/v2\/tags?post=74013"}],"curies":[{"name":"wp","href":"https:\/\/api.w.org\/{rel}","templated":true}]}}