{"id":74015,"date":"2020-01-24T13:50:18","date_gmt":"2020-01-24T18:50:18","guid":{"rendered":"https:\/\/linitiative.ca\/International\/corruption-poursuite-en-etat-de-detention-du-president-dune-commune\/"},"modified":"2020-01-24T13:50:18","modified_gmt":"2020-01-24T18:50:18","slug":"corruption-poursuite-en-etat-de-detention-du-president-dune-commune","status":"publish","type":"post","link":"https:\/\/linitiative.ca\/International\/corruption-poursuite-en-etat-de-detention-du-president-dune-commune\/","title":{"rendered":"Corruption: Poursuite en \u00e9tat de d\u00e9tention du pr\u00e9sident d\u2019une commune"},"content":{"rendered":"<div class=\"single-featured\"><img alt=\"\" data-src=\"http:\/\/www.mapmarrakech.ma\/map\/uploads\/2020\/01\/courdappelmarrakech-1.jpg\"\/><\/div>\n<div class=\"single-post-excerpt post-excerpt-bc\" readability=\"40\">\n<p>Marrakech \u2013 Le procureur g\u00e9n\u00e9ral du Roi pr\u00e8s la Cour d\u2019Appel de Marrakech a d\u00e9cid\u00e9, vendredi, de poursuivre en \u00e9tat de d\u00e9tention, pour corruption pr\u00e9sum\u00e9e, le pr\u00e9sident d\u2019une commune rurale relevant de la wilaya de Marrakech, suite \u00e0 l\u2019ach\u00e8vement de l\u2019enqu\u00eate men\u00e9e sous la supervision du Parquet G\u00e9n\u00e9ral.<\/p>\n<\/div>\n<div class=\"entry-content clearfix single-post-content\" readability=\"51\">\n<p>\u00ab\u00a0Le procureur g\u00e9n\u00e9ral du Roi pr\u00e8s la Cour d\u2019Appel de Marrakech annonce que suite \u00e0 son communiqu\u00e9 en date du 21 janvier 2020 au sujet de l\u2019arrestation du pr\u00e9sident de l\u2019une des communes relevant de la wilaya de Marrakech, en flagrant d\u00e9lit de r\u00e9ception d\u2019une somme d\u2019argent en contrepartie d\u2019un service administratif, et apr\u00e8s ach\u00e8vement de l\u2019enqu\u00eate men\u00e9e sous sa supervision, il a \u00e9t\u00e9 d\u00e9cid\u00e9 de poursuivre le mis en cause en \u00e9tat de d\u00e9tention pour sa pr\u00e9sum\u00e9e implication dans un acte de corruption et ce, conform\u00e9ment aux dispositions de l\u2019article 248 du Code P\u00e9nal et de le d\u00e9f\u00e9rer devant la Cour pour \u00eatre jug\u00e9 conform\u00e9ment \u00e0 la loi\u00a0\u00bb, lit-on dans un communiqu\u00e9 du Procureur G\u00e9n\u00e9ral du Roi pr\u00e8s la Cour d\u2019Appel de Marrakech.<\/p>\n<p>A noter que le pr\u00e9venu a \u00e9t\u00e9 interpel\u00e9, mardi dernier, par la police et sous la supervision du parquet g\u00e9n\u00e9ral, en flagrant d\u00e9lit de r\u00e9ception de la somme de 110.000 dh qu\u2019il aurait exig\u00e9e d\u2019un Marocain r\u00e9sidant dans un pays europ\u00e9en en contrepartie d\u2019un service administratif.<\/p>\n<p>Selon un premier communiqu\u00e9 du procureur g\u00e9n\u00e9ral du Roi pr\u00e8s la cour d\u2019appel de Marrakech, l\u2019arrestation a fait suite \u00e0 une plainte d\u00e9pos\u00e9e par le plaignant.<\/p>\n<\/div>\n<p>Auteur: Meriem IGASS<br \/>\n<a href=\"http:\/\/www.mapmarrakech.ma\/fr\/corruption-4\/\">Cliquez ici pour lire l&rsquo;article depuis sa source.<\/a><\/p>\n","protected":false},"excerpt":{"rendered":"<p>Marrakech \u2013 Le procureur g\u00e9n\u00e9ral du Roi pr\u00e8s la Cour d\u2019Appel de Marrakech a d\u00e9cid\u00e9, vendredi, de poursuivre en \u00e9tat de d\u00e9tention, pour corruption pr\u00e9sum\u00e9e, le pr\u00e9sident d\u2019une commune rurale relevant de la wilaya de Marrakech, suite \u00e0 l\u2019ach\u00e8vement de l\u2019enqu\u00eate men\u00e9e sous la supervision du Parquet G\u00e9n\u00e9ral. \u00ab\u00a0Le procureur g\u00e9n\u00e9ral du Roi pr\u00e8s la [&hellip;]<\/p>\n","protected":false},"author":1788,"featured_media":74016,"comment_status":"closed","ping_status":"closed","sticky":false,"template":"","format":"standard","meta":{"fifu_image_url":"","fifu_image_alt":"","footnotes":""},"categories":[54,76],"tags":[],"class_list":["post-74015","post","type-post","status-publish","format-standard","has-post-thumbnail","hentry","category-maroc","category-regions"],"_links":{"self":[{"href":"https:\/\/linitiative.ca\/International\/wp-json\/wp\/v2\/posts\/74015","targetHints":{"allow":["GET"]}}],"collection":[{"href":"https:\/\/linitiative.ca\/International\/wp-json\/wp\/v2\/posts"}],"about":[{"href":"https:\/\/linitiative.ca\/International\/wp-json\/wp\/v2\/types\/post"}],"author":[{"embeddable":true,"href":"https:\/\/linitiative.ca\/International\/wp-json\/wp\/v2\/users\/1788"}],"replies":[{"embeddable":true,"href":"https:\/\/linitiative.ca\/International\/wp-json\/wp\/v2\/comments?post=74015"}],"version-history":[{"count":0,"href":"https:\/\/linitiative.ca\/International\/wp-json\/wp\/v2\/posts\/74015\/revisions"}],"wp:featuredmedia":[{"embeddable":true,"href":"https:\/\/linitiative.ca\/International\/wp-json\/"}],"wp:attachment":[{"href":"https:\/\/linitiative.ca\/International\/wp-json\/wp\/v2\/media?parent=74015"}],"wp:term":[{"taxonomy":"category","embeddable":true,"href":"https:\/\/linitiative.ca\/International\/wp-json\/wp\/v2\/categories?post=74015"},{"taxonomy":"post_tag","embeddable":true,"href":"https:\/\/linitiative.ca\/International\/wp-json\/wp\/v2\/tags?post=74015"}],"curies":[{"name":"wp","href":"https:\/\/api.w.org\/{rel}","templated":true}]}}