{"id":74025,"date":"2020-01-24T15:14:00","date_gmt":"2020-01-24T20:14:00","guid":{"rendered":"https:\/\/linitiative.ca\/International\/pros-dalloglio-donne-des-nouvelles-de-belkebla\/"},"modified":"2020-01-24T15:14:00","modified_gmt":"2020-01-24T20:14:00","slug":"pros-dalloglio-donne-des-nouvelles-de-belkebla","status":"publish","type":"post","link":"https:\/\/linitiative.ca\/International\/pros-dalloglio-donne-des-nouvelles-de-belkebla\/","title":{"rendered":"Pros : Dall&rsquo;Oglio donne des nouvelles de Belkebla"},"content":{"rendered":"<div readability=\"32\">\n<p>Auteur : <span>Riad O.<\/span> <span class=\"time\">vendredi 24 janvier 2020 14:58<\/span><\/p>\n<\/div>\n<div id=\"post_core\" readability=\"42\">\n<p>L\u2019entra\u00eeneur du Stade Brestois, Olivier Dall&rsquo;Oglio a donn\u00e9, hier, des nouvelles de son milieu de terrain Alg\u00e9rien, Haris Belkebla. Le coach de Brest a indiqu\u00e9 que Belkebla devrait reprendre l\u2019entra\u00eenement collectif la semaine prochaine, tout en souhaitant:\u00a0\u00ab\u00eatre prudent et ne pas prendre de risque\u00bb. Dall\u2019Oglio a pr\u00e9cis\u00e9\u00a0:\u00a0\u00abOn ne veut pas de rechute. On a mis un protocole en place et on va le respecter.\u00bb Belkebla sera, donc, absent du match qui opposera son team demain face \u00e0 Amiens \u00e0 l\u2019occasion de la 21\u00e8me journ\u00e9e de la Ligue 1 Conforama.\u00a0Rappelons que le joueur de l\u2019EN est absent des terrains depuis plusieurs semaines en raison de blessure.<\/p>\n<p><strong>Publi\u00e9 dans :<\/strong> <span>Belkebla<\/span><\/p>\n<\/div>\n<p>Auteur:<br \/>\n<a href=\"http:\/\/www.lebuteur.com\/article\/detail?titre=dalloglio-donne-des-nouvelles-de-belkebla&#038;id=94364&#038;utm_source=feedburner&#038;utm_medium=feed&#038;utm_campaign=Feed%3A+GalerieFArtciles+%28Les+derniers+articles++-+lebuteur.com%29\">Cliquez ici pour lire l&rsquo;article depuis sa source.<\/a><\/p>\n","protected":false},"excerpt":{"rendered":"<p>Auteur : Riad O. vendredi 24 janvier 2020 14:58 L\u2019entra\u00eeneur du Stade Brestois, Olivier Dall&rsquo;Oglio a donn\u00e9, hier, des nouvelles de son milieu de terrain Alg\u00e9rien, Haris Belkebla. Le coach de Brest a indiqu\u00e9 que Belkebla devrait reprendre l\u2019entra\u00eenement collectif la semaine prochaine, tout en souhaitant:\u00a0\u00ab\u00eatre prudent et ne pas prendre de risque\u00bb. Dall\u2019Oglio a [&hellip;]<\/p>\n","protected":false},"author":1738,"featured_media":74026,"comment_status":"closed","ping_status":"closed","sticky":false,"template":"","format":"standard","meta":{"fifu_image_url":"","fifu_image_alt":"","footnotes":""},"categories":[53,75],"tags":[],"class_list":["post-74025","post","type-post","status-publish","format-standard","has-post-thumbnail","hentry","category-algerie","category-sport"],"_links":{"self":[{"href":"https:\/\/linitiative.ca\/International\/wp-json\/wp\/v2\/posts\/74025","targetHints":{"allow":["GET"]}}],"collection":[{"href":"https:\/\/linitiative.ca\/International\/wp-json\/wp\/v2\/posts"}],"about":[{"href":"https:\/\/linitiative.ca\/International\/wp-json\/wp\/v2\/types\/post"}],"author":[{"embeddable":true,"href":"https:\/\/linitiative.ca\/International\/wp-json\/wp\/v2\/users\/1738"}],"replies":[{"embeddable":true,"href":"https:\/\/linitiative.ca\/International\/wp-json\/wp\/v2\/comments?post=74025"}],"version-history":[{"count":0,"href":"https:\/\/linitiative.ca\/International\/wp-json\/wp\/v2\/posts\/74025\/revisions"}],"wp:featuredmedia":[{"embeddable":true,"href":"https:\/\/linitiative.ca\/International\/wp-json\/"}],"wp:attachment":[{"href":"https:\/\/linitiative.ca\/International\/wp-json\/wp\/v2\/media?parent=74025"}],"wp:term":[{"taxonomy":"category","embeddable":true,"href":"https:\/\/linitiative.ca\/International\/wp-json\/wp\/v2\/categories?post=74025"},{"taxonomy":"post_tag","embeddable":true,"href":"https:\/\/linitiative.ca\/International\/wp-json\/wp\/v2\/tags?post=74025"}],"curies":[{"name":"wp","href":"https:\/\/api.w.org\/{rel}","templated":true}]}}