{"id":74029,"date":"2020-01-24T15:14:05","date_gmt":"2020-01-24T20:14:05","guid":{"rendered":"https:\/\/linitiative.ca\/International\/international-man-city-guardiola-a-pris-sa-decision-pour-le-tireur-de-penalty\/"},"modified":"2020-01-24T15:14:05","modified_gmt":"2020-01-24T20:14:05","slug":"international-man-city-guardiola-a-pris-sa-decision-pour-le-tireur-de-penalty","status":"publish","type":"post","link":"https:\/\/linitiative.ca\/International\/international-man-city-guardiola-a-pris-sa-decision-pour-le-tireur-de-penalty\/","title":{"rendered":"International : Man City : Guardiola a pris sa d\u00e9cision pour le tireur de penalty"},"content":{"rendered":"<div readability=\"32\">\n<p>Auteur : <span class=\"time\">vendredi 24 janvier 2020 19:09<\/span><\/p>\n<\/div>\n<div id=\"post_core\" readability=\"42\">\n<p>Apr\u00e8s un penalty obtenu par Mahrez, le Br\u00e9silien avait rat\u00e9 l&rsquo;occasion d&rsquo;ouvrir le score en milieu de semaine face \u00e0 Sheffield United.<\/p>\n<p>Pep Guardiola a donc d\u00e9clar\u00e9 ce vendredi qu&rsquo;il allait dor\u00e9navant changer d&rsquo;approche concernant le tireur de penalty et qu&rsquo;au lieu de laisser les joueurs d\u00e9cider entre eux, l&rsquo;entraineur espagnol allait lui-m\u00eame choisir le tireur. Il a \u00e9galement r\u00e9v\u00e9l\u00e9 avoir d\u00e9j\u00e0 choisi le prochain tireur mais qu&rsquo;il n&rsquo;allait pas d\u00e9voiler son nom.<\/p>\n<p><strong>Publi\u00e9 dans :<\/strong> <span>Manchester City<\/span><\/p>\n<\/div>\n<p>Auteur:<br \/>\n<a href=\"http:\/\/www.lebuteur.com\/article\/detail?titre=man-city-guardiola-a-pris-sa-decision-pour-le-tireur-de-penalty&#038;id=94366&#038;utm_source=feedburner&#038;utm_medium=feed&#038;utm_campaign=Feed%3A+GalerieFArtciles+%28Les+derniers+articles++-+lebuteur.com%29\">Cliquez ici pour lire l&rsquo;article depuis sa source.<\/a><\/p>\n","protected":false},"excerpt":{"rendered":"<p>Auteur : vendredi 24 janvier 2020 19:09 Apr\u00e8s un penalty obtenu par Mahrez, le Br\u00e9silien avait rat\u00e9 l&rsquo;occasion d&rsquo;ouvrir le score en milieu de semaine face \u00e0 Sheffield United. Pep Guardiola a donc d\u00e9clar\u00e9 ce vendredi qu&rsquo;il allait dor\u00e9navant changer d&rsquo;approche concernant le tireur de penalty et qu&rsquo;au lieu de laisser les joueurs d\u00e9cider entre [&hellip;]<\/p>\n","protected":false},"author":1738,"featured_media":74030,"comment_status":"closed","ping_status":"closed","sticky":false,"template":"","format":"standard","meta":{"fifu_image_url":"","fifu_image_alt":"","footnotes":""},"categories":[53,75],"tags":[],"class_list":["post-74029","post","type-post","status-publish","format-standard","has-post-thumbnail","hentry","category-algerie","category-sport"],"_links":{"self":[{"href":"https:\/\/linitiative.ca\/International\/wp-json\/wp\/v2\/posts\/74029","targetHints":{"allow":["GET"]}}],"collection":[{"href":"https:\/\/linitiative.ca\/International\/wp-json\/wp\/v2\/posts"}],"about":[{"href":"https:\/\/linitiative.ca\/International\/wp-json\/wp\/v2\/types\/post"}],"author":[{"embeddable":true,"href":"https:\/\/linitiative.ca\/International\/wp-json\/wp\/v2\/users\/1738"}],"replies":[{"embeddable":true,"href":"https:\/\/linitiative.ca\/International\/wp-json\/wp\/v2\/comments?post=74029"}],"version-history":[{"count":0,"href":"https:\/\/linitiative.ca\/International\/wp-json\/wp\/v2\/posts\/74029\/revisions"}],"wp:featuredmedia":[{"embeddable":true,"href":"https:\/\/linitiative.ca\/International\/wp-json\/"}],"wp:attachment":[{"href":"https:\/\/linitiative.ca\/International\/wp-json\/wp\/v2\/media?parent=74029"}],"wp:term":[{"taxonomy":"category","embeddable":true,"href":"https:\/\/linitiative.ca\/International\/wp-json\/wp\/v2\/categories?post=74029"},{"taxonomy":"post_tag","embeddable":true,"href":"https:\/\/linitiative.ca\/International\/wp-json\/wp\/v2\/tags?post=74029"}],"curies":[{"name":"wp","href":"https:\/\/api.w.org\/{rel}","templated":true}]}}