{"id":74031,"date":"2020-01-24T15:14:07","date_gmt":"2020-01-24T20:14:07","guid":{"rendered":"https:\/\/linitiative.ca\/International\/pros-man-united-lavis-des-supporters-sur-la-rumeur-slimani\/"},"modified":"2020-01-24T15:14:07","modified_gmt":"2020-01-24T20:14:07","slug":"pros-man-united-lavis-des-supporters-sur-la-rumeur-slimani","status":"publish","type":"post","link":"https:\/\/linitiative.ca\/International\/pros-man-united-lavis-des-supporters-sur-la-rumeur-slimani\/","title":{"rendered":"Pros : Man United : L&rsquo;avis des supporters sur la rumeur Slimani"},"content":{"rendered":"<div readability=\"32\">\n<p>Auteur : <span class=\"time\">vendredi 24 janvier 2020 19:43<\/span><\/p>\n<\/div>\n<div id=\"post_core\" readability=\"46\">\n<p>La blessure de Marcus Rashford aurait chamboul\u00e9 les plans des Red Devils, qui cherchent imp\u00e9rativement un buteur cet hiver, pour renforcer l&rsquo;effectif comme le souligne Onzemondial.<\/p>\n<p>Sauf que d\u00e8s la sortie de cette rumeur, plusieurs comptes de fans des Red Devils se sont insurg\u00e9s, en estimant qu&rsquo;Islam Slimani n&rsquo;\u00e9tait pas la meilleure option de recrutement, surtout apr\u00e8s les diff\u00e9rents noms qui ont \u00e9t\u00e9 \u00e9voqu\u00e9s ces derniers jours : \u00ab\u00a0Nous \u00e9tions li\u00e9s \u00e0 Haaland. Il est all\u00e9 \u00e0 Dortmund. Nous \u00e9tions li\u00e9s \u00e0 Sancho. Il est rest\u00e9 \u00e0 Dortmund. Nous \u00e9tions li\u00e9s \u00e0 Bruno Fernandes et le transfert ne se fait pas. Aujourd&rsquo;hui, nous sommes li\u00e9s \u00e0 Ighalo et Slimani. Arr\u00eatez de nous embarrasser\u00a0\u00bb s&rsquo;exclament les supporters qui visiblement aimerait voir leur club recruter un joueur plus clinquant lors de ce mercato.<\/p>\n<p><strong>Publi\u00e9 dans :<\/strong> <span>manchester united<\/span><\/p>\n<\/div>\n<p>Auteur:<br \/>\n<a href=\"http:\/\/www.lebuteur.com\/article\/detail?titre=man-united-lavis-des-supporters-sur-la-rumeur-slimani&#038;id=94367&#038;utm_source=feedburner&#038;utm_medium=feed&#038;utm_campaign=Feed%3A+GalerieFArtciles+%28Les+derniers+articles++-+lebuteur.com%29\">Cliquez ici pour lire l&rsquo;article depuis sa source.<\/a><\/p>\n","protected":false},"excerpt":{"rendered":"<p>Auteur : vendredi 24 janvier 2020 19:43 La blessure de Marcus Rashford aurait chamboul\u00e9 les plans des Red Devils, qui cherchent imp\u00e9rativement un buteur cet hiver, pour renforcer l&rsquo;effectif comme le souligne Onzemondial. Sauf que d\u00e8s la sortie de cette rumeur, plusieurs comptes de fans des Red Devils se sont insurg\u00e9s, en estimant qu&rsquo;Islam Slimani [&hellip;]<\/p>\n","protected":false},"author":1738,"featured_media":74032,"comment_status":"closed","ping_status":"closed","sticky":false,"template":"","format":"standard","meta":{"fifu_image_url":"","fifu_image_alt":"","footnotes":""},"categories":[53,75],"tags":[],"class_list":["post-74031","post","type-post","status-publish","format-standard","has-post-thumbnail","hentry","category-algerie","category-sport"],"_links":{"self":[{"href":"https:\/\/linitiative.ca\/International\/wp-json\/wp\/v2\/posts\/74031","targetHints":{"allow":["GET"]}}],"collection":[{"href":"https:\/\/linitiative.ca\/International\/wp-json\/wp\/v2\/posts"}],"about":[{"href":"https:\/\/linitiative.ca\/International\/wp-json\/wp\/v2\/types\/post"}],"author":[{"embeddable":true,"href":"https:\/\/linitiative.ca\/International\/wp-json\/wp\/v2\/users\/1738"}],"replies":[{"embeddable":true,"href":"https:\/\/linitiative.ca\/International\/wp-json\/wp\/v2\/comments?post=74031"}],"version-history":[{"count":0,"href":"https:\/\/linitiative.ca\/International\/wp-json\/wp\/v2\/posts\/74031\/revisions"}],"wp:featuredmedia":[{"embeddable":true,"href":"https:\/\/linitiative.ca\/International\/wp-json\/"}],"wp:attachment":[{"href":"https:\/\/linitiative.ca\/International\/wp-json\/wp\/v2\/media?parent=74031"}],"wp:term":[{"taxonomy":"category","embeddable":true,"href":"https:\/\/linitiative.ca\/International\/wp-json\/wp\/v2\/categories?post=74031"},{"taxonomy":"post_tag","embeddable":true,"href":"https:\/\/linitiative.ca\/International\/wp-json\/wp\/v2\/tags?post=74031"}],"curies":[{"name":"wp","href":"https:\/\/api.w.org\/{rel}","templated":true}]}}