{"id":74033,"date":"2020-01-24T15:18:59","date_gmt":"2020-01-24T20:18:59","guid":{"rendered":"https:\/\/linitiative.ca\/International\/reunion-du-gouvernement-pour-une-meilleure-visibilite-de-lenvironnement-socio-economique\/"},"modified":"2020-01-24T15:18:59","modified_gmt":"2020-01-24T20:18:59","slug":"reunion-du-gouvernement-pour-une-meilleure-visibilite-de-lenvironnement-socio-economique","status":"publish","type":"post","link":"https:\/\/linitiative.ca\/International\/reunion-du-gouvernement-pour-une-meilleure-visibilite-de-lenvironnement-socio-economique\/","title":{"rendered":"R\u00e9union du gouvernement :  Pour une \u00abmeilleure visibilit\u00e9\u00bb de l\u2019environnement socio-\u00e9conomique"},"content":{"rendered":"<p>Le Premier ministre, Abdelaziz Djerad, a rappel\u00e9 le souci du gouvernement de \u00abne m\u00e9nager aucun effort\u00bb dans la recherche des solutions aux difficult\u00e9s \u00abr\u00e9currentes\u00bb auxquelles fait face le citoyen alg\u00e9rien, a indiqu\u00e9 jeudi un communiqu\u00e9 des services du Premier minist\u00e8re. M. Djerad intervenait, mercredi, lors d&rsquo;une r\u00e9union du gouvernement, pour poursuivre l\u2019examen des bilans et des perspectives de relance et de d\u00e9veloppement des diff\u00e9rents secteurs d\u2019activit\u00e9, dans le cadre de l\u2019\u00e9laboration du Plan d\u2019action du gouvernement. Pour M. Djerad, cet objectif (la recherche des solutions aux difficult\u00e9s r\u00e9currentes) \u00abdoit pr\u00e9valoir dans la d\u00e9termination des priorit\u00e9s\u00bb concernant les actions \u00e0 mener, d\u2019une part, et, d\u2019autre part, dans la mise en place de mesures de rationalisation de la d\u00e9pense publique, et ce\u00a0 dans chaque secteur d\u2019activit\u00e9. Le ministre des Finances a pr\u00e9sent\u00e9 une communication portant sur les grandes lignes, ainsi que sur les perspectives d\u2019\u00e9volution de la situation financi\u00e8re du pays.\u00a0<\/p>\n<p>Un \u00e9tat des lieux rendu n\u00e9cessaire pour une \u00abmeilleure visibilit\u00e9\u00bb de l\u2019environnement socio-\u00e9conomique dans son ensemble, en tenant compte de la conjoncture mondiale et des imp\u00e9ratifs li\u00e9s \u00e0 la pr\u00e9servation des grands \u00e9quilibres financiers internes et externes du pays. L\u2019expos\u00e9 a permis de fournir les indicateurs devant \u00eatre int\u00e9gr\u00e9s dans les approches globales et sectorielles pour l\u2019\u00e9laboration du plan d\u2019action du gouvernement. Les membres du gouvernement ont ensuite \u00e9cout\u00e9 une communication du ministre de l\u2019Enseignement sup\u00e9rieur et de la Recherche scientifique portant sur l\u2019\u00e9tat d\u2019avancement des travaux du groupe de travail charg\u00e9 de la r\u00e9daction du projet de Plan d\u2019action du gouvernement. \u00c9tabli sur une recommandation du Premier ministre, \u00e0 l\u2019issue de la r\u00e9union du gouvernement du mercredi 15 janvier 2020, le rapport d\u2019\u00e9tape constitue un \u00e9l\u00e9ment \u00abimportant\u00bb dans l\u2019organisation de ces travaux en ce qu\u2019il permet de proc\u00e9der aux cadrages requis.\u00a0<\/p>\n<p>Ainsi, et au terme de l\u2019expos\u00e9 pr\u00e9sent\u00e9, les membres du gouvernement ont \u00e9t\u00e9 instruits \u00e0 l\u2019effet d\u2019op\u00e9rer les \u00abajustements n\u00e9cessaires\u00bb dans la formulation de leurs approches respectives, en tenant compte des observations et orientations \u00e9mises par le Pr\u00e9sident de la R\u00e9publique, lors de la pr\u00e9c\u00e9dente r\u00e9union du Conseil des ministres. Abordant les \u00e9tats des lieux, ainsi que les strat\u00e9gies sectorielles, les membres du gouvernement ont ensuite entendu cinq communications pr\u00e9sentant les grandes lignes des diagnostics \u00e9tablis en pr\u00e9vision de leur pr\u00e9sentation, pour validation, \u00e0 l\u2019occasion de la tenue de la prochaine r\u00e9union du Conseil des ministres.\u00a0<\/p>\n<p>Les expos\u00e9s ont concern\u00e9, respectivement, les secteurs de l\u2019\u00c9nergie, de l\u2019Environnement, de l\u2019\u00c9ducation, de l\u2019Enseignement sup\u00e9rieur et de la Formation professionnelle.<\/p>\n<p>Auteur: elmoudjahid<br \/>\n<a href=\"http:\/\/www.elmoudjahid.com\/fr\/actualites\/147575\">Cliquez ici pour lire l&rsquo;article depuis sa source.<\/a><\/p>\n","protected":false},"excerpt":{"rendered":"<p>Le Premier ministre, Abdelaziz Djerad, a rappel\u00e9 le souci du gouvernement de \u00abne m\u00e9nager aucun effort\u00bb dans la recherche des solutions aux difficult\u00e9s \u00abr\u00e9currentes\u00bb auxquelles fait face le citoyen alg\u00e9rien, a indiqu\u00e9 jeudi un communiqu\u00e9 des services du Premier minist\u00e8re. M. Djerad intervenait, mercredi, lors d&rsquo;une r\u00e9union du gouvernement, pour poursuivre l\u2019examen des bilans et [&hellip;]<\/p>\n","protected":false},"author":1744,"featured_media":0,"comment_status":"closed","ping_status":"closed","sticky":false,"template":"","format":"standard","meta":{"fifu_image_url":"","fifu_image_alt":"","footnotes":""},"categories":[73,53],"tags":[],"class_list":["post-74033","post","type-post","status-publish","format-standard","hentry","category-actualite","category-algerie"],"_links":{"self":[{"href":"https:\/\/linitiative.ca\/International\/wp-json\/wp\/v2\/posts\/74033","targetHints":{"allow":["GET"]}}],"collection":[{"href":"https:\/\/linitiative.ca\/International\/wp-json\/wp\/v2\/posts"}],"about":[{"href":"https:\/\/linitiative.ca\/International\/wp-json\/wp\/v2\/types\/post"}],"author":[{"embeddable":true,"href":"https:\/\/linitiative.ca\/International\/wp-json\/wp\/v2\/users\/1744"}],"replies":[{"embeddable":true,"href":"https:\/\/linitiative.ca\/International\/wp-json\/wp\/v2\/comments?post=74033"}],"version-history":[{"count":0,"href":"https:\/\/linitiative.ca\/International\/wp-json\/wp\/v2\/posts\/74033\/revisions"}],"wp:attachment":[{"href":"https:\/\/linitiative.ca\/International\/wp-json\/wp\/v2\/media?parent=74033"}],"wp:term":[{"taxonomy":"category","embeddable":true,"href":"https:\/\/linitiative.ca\/International\/wp-json\/wp\/v2\/categories?post=74033"},{"taxonomy":"post_tag","embeddable":true,"href":"https:\/\/linitiative.ca\/International\/wp-json\/wp\/v2\/tags?post=74033"}],"curies":[{"name":"wp","href":"https:\/\/api.w.org\/{rel}","templated":true}]}}