{"id":74034,"date":"2020-01-24T15:19:02","date_gmt":"2020-01-24T20:19:02","guid":{"rendered":"https:\/\/linitiative.ca\/International\/elevage-equin-omari-veut-relancer-la-filiere\/"},"modified":"2020-01-24T15:19:02","modified_gmt":"2020-01-24T20:19:02","slug":"elevage-equin-omari-veut-relancer-la-filiere","status":"publish","type":"post","link":"https:\/\/linitiative.ca\/International\/elevage-equin-omari-veut-relancer-la-filiere\/","title":{"rendered":"\u00e9levage \u00e9quin  :  Omari veut relancer la fili\u00e8re"},"content":{"rendered":"<p>L\u2019\u00e9levage \u00e9quin a enregistr\u00e9, ces derni\u00e8res ann\u00e9es, un recul sensible qui risque d\u2019hypoth\u00e9quer son avenir, selon diverses parties concern\u00e9es et sp\u00e9cialistes. Ainsi et dans le but de relancer cette fili\u00e8re, le ministre de l&rsquo;Agriculture et du D\u00e9veloppement rural, Cherif Omari, a re\u00e7u, jeudi dernier, au si\u00e8ge du minist\u00e8re, les repr\u00e9sentants des \u00e9leveurs et propri\u00e9taires de chevaux de diff\u00e9rentes wilayas du pays. \u00abL\u2019occasion d\u2019\u00e9voquer plusieurs questions relatives \u00e0 la relance et au d\u00e9veloppement de l&rsquo;\u00e9levage \u00e9quin\u00bb, indique un communiqu\u00e9 de presse du minist\u00e8re, cit\u00e9 par l\u2019APS. Lors de cette rencontre \u00e0 laquelle \u00e9taient \u00e9galement pr\u00e9sents des cadres du minist\u00e8re, M. Omari a \u00e9cout\u00e9 les pr\u00e9occupations des \u00e9leveurs et propri\u00e9taires de chevaux et leurs propositions visant \u00e0 trouver des solutions ad\u00e9quates aux probl\u00e8mes rencontr\u00e9s par l&rsquo;\u00e9leveur, ainsi que les m\u00e9canismes \u00e0 mettre en place pour relancer cette activit\u00e9 agricole \u00e0 dimension historique, culturelle, sociale et \u00e9conomique dans plusieurs wilayas du pays, pr\u00e9cise la m\u00eame source. Soulignant la disponibilit\u00e9 des autorit\u00e9s publiques \u00e0 accompagner les professionnels de cette fili\u00e8re sur tous les niveaux, le ministre les a appel\u00e9 \u00e0 s&rsquo;organiser au sein de coop\u00e9ratives agricoles en vue de faciliter les op\u00e9rations d&rsquo;accompagnement et d&rsquo;encadrement, notamment en ce qui concerne la sant\u00e9 animale et l&rsquo;am\u00e9lioration des races.<\/p>\n<div readability=\"77\">\n<p>Le ministre a insist\u00e9, en outre, sur l&rsquo;imp\u00e9ratif de moderniser cette activit\u00e9, \u00e0 travers la num\u00e9risation, pour favoriser la transparence dans la gestion et acc\u00e9l\u00e9rer l&rsquo;application des mesures prises par les autorit\u00e9s publiques en faveur des \u00e9leveurs et des professionnels, ainsi que l&rsquo;importance de valoriser cette activit\u00e9 pour cr\u00e9er une plus-value \u00e0 l&rsquo;\u00e9conomie nationale.<\/p>\n<p>Le ministre de l&rsquo;Agriculture a donn\u00e9 des instructions pour \u00e9laborer une feuille de route avec la contribution des professionnels, notamment les \u00e9leveurs de chevaux, afin de d\u00e9velopper cette fili\u00e8re en se basant sur le restructuration de l&rsquo;Office national de d\u00e9veloppement des \u00e9levages \u00e9quins et camelins, ainsi que l&rsquo;organisation des \u00e9leveurs.\u00a0<\/p>\n<p><strong>Absence de programmes appropri\u00e9s pour le d\u00e9veloppement de l\u2019\u00e9levage \u00e9quin<\/strong><\/p>\n<p>En effet, selon les milieux agricoles, la baisse dans l\u2019activit\u00e9 de l\u2019\u00e9levage, que d\u2019aucuns consid\u00e8rent comme un legs s\u00e9culaire, est imput\u00e9e \u00e0 moult facteurs inh\u00e9rents, notamment \u00e0 l\u2019absence de programmes appropri\u00e9s pour le d\u00e9veloppement de l\u2019\u00e9levage \u00e9quin. Parmi ces facteurs, le prix \u00e9lev\u00e9 des b\u00eates, oscillant entre 200.000 et 600.000 DA, en plus des faibles conditions sociales des propri\u00e9taires de chevaux, de la chert\u00e9 de l\u2019aliment du b\u00e9tail, ainsi que de l\u2019absence de suivi v\u00e9t\u00e9rinaire pour les races existantes.\u00a0<\/p>\n<p>Aussi, pour le d\u00e9veloppement de cette fili\u00e8re,\u00a0 les sp\u00e9cialistes de la fili\u00e8re recommandent la cr\u00e9ation, notamment de structures et espaces publics et touristiques susceptibles d\u2019influer positivement sur ce cr\u00e9neau, et d\u2019apporter aide aux \u00e9leveurs par la mise \u00e0 leur disposition d\u2019\u00e9quipements n\u00e9cessaires, aliments et produits v\u00e9t\u00e9rinaires.\u00a0<\/p>\n<p>La population \u00e9quine alg\u00e9rienne, estim\u00e9e \u00e0 250.000 chevaux, est constitu\u00e9e \u00e0 90% de chevaux Barbe et Arabe Barbe (et Selle alg\u00e9rien). Les 10% restant se r\u00e9partissent entre chevaux Arabe, Pur-sang Anglais et Trotteur Fran\u00e7ais.<\/p>\n<p>La conservation de ces populations est relativement bonne, mais reste menac\u00e9e par les effets de la consanguinit\u00e9, compte tenu de la faiblesse de la taille des populations. Pour le pur-sang arabe, il existe en Alg\u00e9rie trois vari\u00e9t\u00e9s : haymour, boughareb, merizigue. Le cheval barbe (cheval numide), issu de la d\u00e9couverte, dans les ann\u00e9es 1980, d&rsquo;un cheval sauvage au Maghreb, est maintenant admis que le cheval barbe est d&rsquo;origine autochtone avec un aspect g\u00e9n\u00e9ral de cheval \u00ab\u00e9l\u00e9gant et distingu\u00e9\u00bb. Le Haras national de Chaouchaoua (Tiaret) est une ferme-pilote devenue aujourd&rsquo;hui une des plus grandes jumenteries d&rsquo;Afrique. Le domaine a pour mission principale de produire des reproducteurs de race barbe, ainsi que des \u00e9talons de race arabe barbe am\u00e9lior\u00e9s, tels que bango, safita, zilzal, masbout, el managhi&#8230;<\/p>\n<p><strong>Salima Ettouahria<\/strong><\/p>\n<\/div>\n<p>Auteur: elmoudjahid<br \/>\n<a href=\"http:\/\/www.elmoudjahid.com\/fr\/actualites\/147576\">Cliquez ici pour lire l&rsquo;article depuis sa source.<\/a><\/p>\n","protected":false},"excerpt":{"rendered":"<p>L\u2019\u00e9levage \u00e9quin a enregistr\u00e9, ces derni\u00e8res ann\u00e9es, un recul sensible qui risque d\u2019hypoth\u00e9quer son avenir, selon diverses parties concern\u00e9es et sp\u00e9cialistes. Ainsi et dans le but de relancer cette fili\u00e8re, le ministre de l&rsquo;Agriculture et du D\u00e9veloppement rural, Cherif Omari, a re\u00e7u, jeudi dernier, au si\u00e8ge du minist\u00e8re, les repr\u00e9sentants des \u00e9leveurs et propri\u00e9taires de [&hellip;]<\/p>\n","protected":false},"author":1744,"featured_media":0,"comment_status":"closed","ping_status":"closed","sticky":false,"template":"","format":"standard","meta":{"fifu_image_url":"","fifu_image_alt":"","footnotes":""},"categories":[73,53],"tags":[],"class_list":["post-74034","post","type-post","status-publish","format-standard","hentry","category-actualite","category-algerie"],"_links":{"self":[{"href":"https:\/\/linitiative.ca\/International\/wp-json\/wp\/v2\/posts\/74034","targetHints":{"allow":["GET"]}}],"collection":[{"href":"https:\/\/linitiative.ca\/International\/wp-json\/wp\/v2\/posts"}],"about":[{"href":"https:\/\/linitiative.ca\/International\/wp-json\/wp\/v2\/types\/post"}],"author":[{"embeddable":true,"href":"https:\/\/linitiative.ca\/International\/wp-json\/wp\/v2\/users\/1744"}],"replies":[{"embeddable":true,"href":"https:\/\/linitiative.ca\/International\/wp-json\/wp\/v2\/comments?post=74034"}],"version-history":[{"count":0,"href":"https:\/\/linitiative.ca\/International\/wp-json\/wp\/v2\/posts\/74034\/revisions"}],"wp:attachment":[{"href":"https:\/\/linitiative.ca\/International\/wp-json\/wp\/v2\/media?parent=74034"}],"wp:term":[{"taxonomy":"category","embeddable":true,"href":"https:\/\/linitiative.ca\/International\/wp-json\/wp\/v2\/categories?post=74034"},{"taxonomy":"post_tag","embeddable":true,"href":"https:\/\/linitiative.ca\/International\/wp-json\/wp\/v2\/tags?post=74034"}],"curies":[{"name":"wp","href":"https:\/\/api.w.org\/{rel}","templated":true}]}}