{"id":74035,"date":"2020-01-24T15:19:04","date_gmt":"2020-01-24T20:19:04","guid":{"rendered":"https:\/\/linitiative.ca\/International\/reunion-des-pays-voisins-de-la-libye-le-president-tebboune-recoit-les-mae\/"},"modified":"2020-01-24T15:19:04","modified_gmt":"2020-01-24T20:19:04","slug":"reunion-des-pays-voisins-de-la-libye-le-president-tebboune-recoit-les-mae","status":"publish","type":"post","link":"https:\/\/linitiative.ca\/International\/reunion-des-pays-voisins-de-la-libye-le-president-tebboune-recoit-les-mae\/","title":{"rendered":"R\u00e9union des pays voisins de la Libye :  Le Pr\u00e9sident Tebboune re\u00e7oit les MAE"},"content":{"rendered":"<p>Le pr\u00e9sident de la R\u00e9publique, M. Abdelmadjid Tebboune, a re\u00e7u, jeudi au si\u00e8ge de la pr\u00e9sidence de la R\u00e9publique, les ministres des Affaires \u00e9trang\u00e8res et les repr\u00e9sentants de la Tunisie, de l&rsquo;\u00c9gypte, du Tchad, du Niger, du Soudan et du Mali, juste apr\u00e8s leur participation \u00e0 la r\u00e9union\u00a0 de consultation du M\u00e9canisme des pays voisins de la Libye, abrit\u00e9 par l&rsquo;Alg\u00e9rie, a indiqu\u00e9 un communiqu\u00e9 de la pr\u00e9sidence de la R\u00e9publique.<\/p>\n<div readability=\"33\">\n<p>Lors de cette audience, \u00able Pr\u00e9sident de la R\u00e9publique a insist\u00e9 sur la d\u00e9termination de l&rsquo;Alg\u00e9rie \u00e0 ne m\u00e9nager aucun effort en vue d&#8217;emp\u00eacher l&rsquo;effusion du sang dans ce pays fr\u00e8re et mettre fin aux souffrances du peuple libyen, \u00e0 travers le rapprochement des vues entre les fr\u00e8res libyens, en les incitant \u00e0 mettre fin aux hostilit\u00e9s et \u00e0 retourner \u00e0 la table du dialogue interlibyen, \u00e0 m\u00eame de pr\u00e9server l&rsquo;unit\u00e9 du peuple et de garantir sa souverainet\u00e9 sur l&rsquo;ensemble de son territoire\u00bb, a pr\u00e9cis\u00e9 la m\u00eame source. Dans ce contexte, il a rappel\u00e9 \u00ables r\u00e9sultats positifs issus de la Conf\u00e9rence de Berlin, notamment en ce qui concerne la consolidation de la tr\u00eave, l&#8217;embargo sur les armes et la reprise du processus politique\u00bb, soulignant \u00abl&rsquo;importance du r\u00f4le des pays voisins de la Libye qui souffrent \u00e9galement de ce conflit et de ses r\u00e9percussions graves sur la stabilit\u00e9 et la s\u00e9curit\u00e9 de la r\u00e9gion\u00bb. Le pr\u00e9sident de la R\u00e9publique a tenu \u00e0 souligner \u00abla n\u00e9cessit\u00e9 de renforcer la coordination et d\u2019intensifier la concertation entre ces \u00c9tats et avec les acteurs internationaux, en vue d\u2019accompagner les Libyens dans le processus de r\u00e8glement politique de cette crise\u00bb.Pour leur part, les ministres participant \u00e0 cette rencontre \u00abont remerci\u00e9 le Pr\u00e9sident Tebboune pour cette initiative et lui ont transmis les salutations de ses homologues\u00bb. Ils ont exprim\u00e9 \u00e9galement \u00ableur attachement \u00e0 une solution pacifique \u00e0 la crise libyenne et leur profonde inqui\u00e9tude quant aux\u00a0 immixtions \u00e9trang\u00e8res, au soutien militaire accord\u00e9 aux parties bellig\u00e9rantes et \u00e0 l\u2019envoi de mercenaires, de terroristes et de combattants \u00e9trangers en Libye, ayant ainsi un impact n\u00e9gatif sur la s\u00e9curit\u00e9 et la stabilit\u00e9 de ce pays\u00bb.<\/p>\n<p>Cette rencontre a \u00e9t\u00e9 l&rsquo;occasion \u00abpour le Pr\u00e9sident de la R\u00e9publique d&rsquo;\u00e9voquer avec ces ministres les questions bilat\u00e9rales, et de leur demander de transmettre aux Pr\u00e9sidents de leur pays ses sentiments de consid\u00e9ration, d&rsquo;amiti\u00e9 et de respect, ainsi que sa sinc\u00e8re volont\u00e9 d\u2019approfondir et d\u2019intensifier la coop\u00e9ration bilat\u00e9rale avec leurs pays\u00bb, a conclu le communiqu\u00e9.\u00a0<\/p>\n<\/div>\n<p>Auteur: elmoudjahid<br \/>\n<a href=\"http:\/\/www.elmoudjahid.com\/fr\/actualites\/147577\">Cliquez ici pour lire l&rsquo;article depuis sa source.<\/a><\/p>\n","protected":false},"excerpt":{"rendered":"<p>Le pr\u00e9sident de la R\u00e9publique, M. Abdelmadjid Tebboune, a re\u00e7u, jeudi au si\u00e8ge de la pr\u00e9sidence de la R\u00e9publique, les ministres des Affaires \u00e9trang\u00e8res et les repr\u00e9sentants de la Tunisie, de l&rsquo;\u00c9gypte, du Tchad, du Niger, du Soudan et du Mali, juste apr\u00e8s leur participation \u00e0 la r\u00e9union\u00a0 de consultation du M\u00e9canisme des pays voisins [&hellip;]<\/p>\n","protected":false},"author":1744,"featured_media":0,"comment_status":"closed","ping_status":"closed","sticky":false,"template":"","format":"standard","meta":{"fifu_image_url":"","fifu_image_alt":"","footnotes":""},"categories":[73,53],"tags":[],"class_list":["post-74035","post","type-post","status-publish","format-standard","hentry","category-actualite","category-algerie"],"_links":{"self":[{"href":"https:\/\/linitiative.ca\/International\/wp-json\/wp\/v2\/posts\/74035","targetHints":{"allow":["GET"]}}],"collection":[{"href":"https:\/\/linitiative.ca\/International\/wp-json\/wp\/v2\/posts"}],"about":[{"href":"https:\/\/linitiative.ca\/International\/wp-json\/wp\/v2\/types\/post"}],"author":[{"embeddable":true,"href":"https:\/\/linitiative.ca\/International\/wp-json\/wp\/v2\/users\/1744"}],"replies":[{"embeddable":true,"href":"https:\/\/linitiative.ca\/International\/wp-json\/wp\/v2\/comments?post=74035"}],"version-history":[{"count":0,"href":"https:\/\/linitiative.ca\/International\/wp-json\/wp\/v2\/posts\/74035\/revisions"}],"wp:attachment":[{"href":"https:\/\/linitiative.ca\/International\/wp-json\/wp\/v2\/media?parent=74035"}],"wp:term":[{"taxonomy":"category","embeddable":true,"href":"https:\/\/linitiative.ca\/International\/wp-json\/wp\/v2\/categories?post=74035"},{"taxonomy":"post_tag","embeddable":true,"href":"https:\/\/linitiative.ca\/International\/wp-json\/wp\/v2\/tags?post=74035"}],"curies":[{"name":"wp","href":"https:\/\/api.w.org\/{rel}","templated":true}]}}