{"id":74036,"date":"2020-01-24T15:19:07","date_gmt":"2020-01-24T20:19:07","guid":{"rendered":"https:\/\/linitiative.ca\/International\/commentaire-la-position-intangible-de-lalgerie\/"},"modified":"2020-01-24T15:19:07","modified_gmt":"2020-01-24T20:19:07","slug":"commentaire-la-position-intangible-de-lalgerie","status":"publish","type":"post","link":"https:\/\/linitiative.ca\/International\/commentaire-la-position-intangible-de-lalgerie\/","title":{"rendered":"Commentaire : La position intangible  de l\u2019Alg\u00e9rie"},"content":{"rendered":"<p>L\u2019Alg\u00e9rie affiche une position constante et une d\u00e9marche claire \u00e0 l\u2019\u00e9gard de la crise politique qui pr\u00e9vaut en Libye. Elle agit\u00a0 en faveur de la consolidation de la coordination et de la concertation entre les pays voisins et les acteurs internationaux, afin d\u2019accompagner les Libyens dans la dynamisation du processus de r\u00e8glement politique de la crise. Elle privil\u00e9gie le recours\u00a0 \u00e0 un dialogue inclusif entre les diff\u00e9rentes parties libyennes, loin de toute ing\u00e9rence \u00e9trang\u00e8re, quelle qu\u2019en soit l\u2019origine. La r\u00e9union de jeudi dernier, \u00e0 l\u2019initiative de notre pays, qui a regroup\u00e9 les ministres des Affaires \u00e9trang\u00e8res des pays voisins de la Libye, aura permis de faire le point, \u00e0 la lumi\u00e8re des r\u00e9sultats des bons offices de l\u2019Alg\u00e9rie, en direction des composantes libyennes et des parties\u00a0 internationales agissantes. La\u00a0 rencontre vient s\u2019ajouter \u00e0 la s\u00e9rie d\u2019initiatives diplomatiques men\u00e9es r\u00e9cemment par la diplomatie alg\u00e9rienne en vue de relancer le processus de r\u00e8glement pacifique. Soucieuse de rester \u00e0 \u00e9quidistance des parties libyennes, l\u2019Alg\u00e9rie n\u2019a m\u00e9nag\u00e9 aucun effort pour rapprocher leurs points de vue et \u00e9tablir des contacts avec tous les acteurs dans le pays, les appelant \u00e0 faire pr\u00e9valoir la solution politique. Il faut rappeler que L\u2019Alg\u00e9rie a initi\u00e9, en mai 2014, la cr\u00e9ation du M\u00e9canisme des pays voisins de la Libye, ainsi que les diff\u00e9rents cycles de dialogue qu\u2019elle a abrit\u00e9s depuis mars 2015 entre les dirigeants des partis politiques libyens, dans le cadre des processus de dialogue, supervis\u00e9s par l\u2019ONU. Le Pr\u00e9sident Abdelmadjid Tebboune a insist\u00e9 sur la\u00a0 d\u00e9termination de l\u2019Alg\u00e9rie \u00e0 ne m\u00e9nager aucun effort en vue d\u2019emp\u00eacher l\u2019effusion de sang dans ce pays fr\u00e8re, \u00e0 travers le rapprochement des vues entre les composantes libyennes, les incitant \u00e0 mettre fin aux hostilit\u00e9s et \u00e0 retourner \u00e0 la\u00a0 table du dialogue. Il\u00a0 a rappel\u00e9 les r\u00e9sultats positifs issus de la\u00a0 Conf\u00e9rence de Berlin, notamment en ce qui concerne la consolidation de la tr\u00eave, l\u2019embargo sur les armes et la reprise du processus politique. Le ministre des Affaires \u00e9trang\u00e8res, Sabri\u00a0<\/p>\n<p>Boukadoum, a affirm\u00e9 la n\u00e9cessaire participation des pays voisins et de l\u2019Union africaine aux initiatives visant \u00e0 trouver une solution \u00e0 la crise libyenne et \u00e0 appuyer la solution politique, soulignant que l\u2019Alg\u00e9rie poursuivra ses efforts pour resserrer les rangs du peuple libyen. L\u2019Alg\u00e9rie est confiante en la capacit\u00e9 des Libyens \u00e0 d\u00e9passer leurs\u00a0 diff\u00e9rends par la voie du dialogue et de la r\u00e9conciliation nationale, et \u00e0 parvenir \u00e0 un r\u00e8glement politique. Elle l\u2019est d\u2019autant plus que ces m\u00eames composantes\u00a0 libyennes ont accueilli favorablement sa proposition d\u2019abriter leurs rounds de dialogue, loin des diktats et des interf\u00e9rences \u00e9trang\u00e8res. Une chose est certaine, la persistance de la crise en Libye et\u00a0 les cons\u00e9quences catastrophiques qui d\u00e9couleraient d\u2019une escalade militaire constituent\u00a0 un danger mena\u00e7ant la stabilit\u00e9 des pays de la r\u00e9gion, d\u2019o\u00f9 l\u2019imp\u00e9ratif d\u2019\u0153uvrer \u00e0 unifier les\u00a0 efforts pour consolider le cessez-le-feu, dans la mesure o\u00f9 ce dernier est une condition n\u00e9cessaire\u00a0 \u00a0pour un retour au dialogue et au processus politique de r\u00e9solution de la crise.\u00a0 \u00a0 \u00a0 \u00a0<\/p>\n<p><strong>Mohamed Bouraib<\/strong><\/p>\n<p>Auteur: elmoudjahid<br \/>\n<a href=\"http:\/\/www.elmoudjahid.com\/fr\/actualites\/147578\">Cliquez ici pour lire l&rsquo;article depuis sa source.<\/a><\/p>\n","protected":false},"excerpt":{"rendered":"<p>L\u2019Alg\u00e9rie affiche une position constante et une d\u00e9marche claire \u00e0 l\u2019\u00e9gard de la crise politique qui pr\u00e9vaut en Libye. Elle agit\u00a0 en faveur de la consolidation de la coordination et de la concertation entre les pays voisins et les acteurs internationaux, afin d\u2019accompagner les Libyens dans la dynamisation du processus de r\u00e8glement politique de la [&hellip;]<\/p>\n","protected":false},"author":1744,"featured_media":0,"comment_status":"closed","ping_status":"closed","sticky":false,"template":"","format":"standard","meta":{"fifu_image_url":"","fifu_image_alt":"","footnotes":""},"categories":[73,53],"tags":[],"class_list":["post-74036","post","type-post","status-publish","format-standard","hentry","category-actualite","category-algerie"],"_links":{"self":[{"href":"https:\/\/linitiative.ca\/International\/wp-json\/wp\/v2\/posts\/74036","targetHints":{"allow":["GET"]}}],"collection":[{"href":"https:\/\/linitiative.ca\/International\/wp-json\/wp\/v2\/posts"}],"about":[{"href":"https:\/\/linitiative.ca\/International\/wp-json\/wp\/v2\/types\/post"}],"author":[{"embeddable":true,"href":"https:\/\/linitiative.ca\/International\/wp-json\/wp\/v2\/users\/1744"}],"replies":[{"embeddable":true,"href":"https:\/\/linitiative.ca\/International\/wp-json\/wp\/v2\/comments?post=74036"}],"version-history":[{"count":0,"href":"https:\/\/linitiative.ca\/International\/wp-json\/wp\/v2\/posts\/74036\/revisions"}],"wp:attachment":[{"href":"https:\/\/linitiative.ca\/International\/wp-json\/wp\/v2\/media?parent=74036"}],"wp:term":[{"taxonomy":"category","embeddable":true,"href":"https:\/\/linitiative.ca\/International\/wp-json\/wp\/v2\/categories?post=74036"},{"taxonomy":"post_tag","embeddable":true,"href":"https:\/\/linitiative.ca\/International\/wp-json\/wp\/v2\/tags?post=74036"}],"curies":[{"name":"wp","href":"https:\/\/api.w.org\/{rel}","templated":true}]}}