{"id":74037,"date":"2020-01-24T15:19:09","date_gmt":"2020-01-24T20:19:09","guid":{"rendered":"https:\/\/linitiative.ca\/International\/tunisie-la-moudjahida-djamila-bouhired-honoree\/"},"modified":"2020-01-24T15:19:09","modified_gmt":"2020-01-24T20:19:09","slug":"tunisie-la-moudjahida-djamila-bouhired-honoree","status":"publish","type":"post","link":"https:\/\/linitiative.ca\/International\/tunisie-la-moudjahida-djamila-bouhired-honoree\/","title":{"rendered":"Tunisie :  La moudjahida djamila bouhired honor\u00e9e"},"content":{"rendered":"<p>Le Pr\u00e9sident tunisien Ka\u00efs Sa\u00efed a rendu hommage, mercredi soir au palais de Carthage, \u00e0 la moudjahida Djamila Bouhired, l&rsquo;une des figures embl\u00e9matiques de la r\u00e9volution alg\u00e9rienne, et l&rsquo;a d\u00e9cor\u00e9e \u00abdes insignes de grand officier de l&rsquo;ordre de la R\u00e9publique tunisienne\u00bb. Le Pr\u00e9sident tunisien a re\u00e7u Djamila Bouhired, mercredi soir au palais de Carthage \u00e0 Tunis. Il l&rsquo;a d\u00e9cor\u00e9e \u00abdes insignes de grand officier de l&rsquo;ordre de la R\u00e9publique tunisienne\u00bb.<\/p>\n<p>\u00abIl s&rsquo;agit d&rsquo;un signe de reconnaissance de sa place et de ses longues luttes pour la lib\u00e9ration de l&rsquo;Alg\u00e9rie du colonialisme fran\u00e7ais et pour sa lutte continue pour la d\u00e9fense des libert\u00e9s\u00bb, selon l&rsquo;agence de presse tunisienne TAP. Djamila Bouhired avait pris part, lundi, avec un important groupe de juristes, politiciens, syndicalistes et artistes, \u00e0 l&rsquo;ouverture de la premi\u00e8re \u00e9dition de la Semaine des films de r\u00e9sistance et de lib\u00e9ration, qui se poursuivra en Tunisie jusqu&rsquo;au 26 janvier, une manifestation organis\u00e9e par la Cin\u00e9math\u00e8que tunisienne, en partenariat avec l&rsquo;Association libanaise des Arts \u00abRissalat\u00bb.\u00a0<\/p>\n<p>Auteur: elmoudjahid<br \/>\n<a href=\"http:\/\/www.elmoudjahid.com\/fr\/actualites\/147579\">Cliquez ici pour lire l&rsquo;article depuis sa source.<\/a><\/p>\n","protected":false},"excerpt":{"rendered":"<p>Le Pr\u00e9sident tunisien Ka\u00efs Sa\u00efed a rendu hommage, mercredi soir au palais de Carthage, \u00e0 la moudjahida Djamila Bouhired, l&rsquo;une des figures embl\u00e9matiques de la r\u00e9volution alg\u00e9rienne, et l&rsquo;a d\u00e9cor\u00e9e \u00abdes insignes de grand officier de l&rsquo;ordre de la R\u00e9publique tunisienne\u00bb. Le Pr\u00e9sident tunisien a re\u00e7u Djamila Bouhired, mercredi soir au palais de Carthage \u00e0 [&hellip;]<\/p>\n","protected":false},"author":1744,"featured_media":0,"comment_status":"closed","ping_status":"closed","sticky":false,"template":"","format":"standard","meta":{"fifu_image_url":"","fifu_image_alt":"","footnotes":""},"categories":[73,53],"tags":[],"class_list":["post-74037","post","type-post","status-publish","format-standard","hentry","category-actualite","category-algerie"],"_links":{"self":[{"href":"https:\/\/linitiative.ca\/International\/wp-json\/wp\/v2\/posts\/74037","targetHints":{"allow":["GET"]}}],"collection":[{"href":"https:\/\/linitiative.ca\/International\/wp-json\/wp\/v2\/posts"}],"about":[{"href":"https:\/\/linitiative.ca\/International\/wp-json\/wp\/v2\/types\/post"}],"author":[{"embeddable":true,"href":"https:\/\/linitiative.ca\/International\/wp-json\/wp\/v2\/users\/1744"}],"replies":[{"embeddable":true,"href":"https:\/\/linitiative.ca\/International\/wp-json\/wp\/v2\/comments?post=74037"}],"version-history":[{"count":0,"href":"https:\/\/linitiative.ca\/International\/wp-json\/wp\/v2\/posts\/74037\/revisions"}],"wp:attachment":[{"href":"https:\/\/linitiative.ca\/International\/wp-json\/wp\/v2\/media?parent=74037"}],"wp:term":[{"taxonomy":"category","embeddable":true,"href":"https:\/\/linitiative.ca\/International\/wp-json\/wp\/v2\/categories?post=74037"},{"taxonomy":"post_tag","embeddable":true,"href":"https:\/\/linitiative.ca\/International\/wp-json\/wp\/v2\/tags?post=74037"}],"curies":[{"name":"wp","href":"https:\/\/api.w.org\/{rel}","templated":true}]}}