{"id":74038,"date":"2020-01-24T05:47:44","date_gmt":"2020-01-24T10:47:44","guid":{"rendered":"https:\/\/linitiative.ca\/International\/100571-football-revision-des-statuts-installation-d-une-commission-ad-hoc\/"},"modified":"2020-01-24T05:47:44","modified_gmt":"2020-01-24T10:47:44","slug":"100571-football-revision-des-statuts-installation-d-une-commission-ad-hoc","status":"publish","type":"post","link":"https:\/\/linitiative.ca\/International\/100571-football-revision-des-statuts-installation-d-une-commission-ad-hoc\/","title":{"rendered":"Football\/ r\u00e9vision des statuts : installation d&rsquo;une commission ad hoc\u00a0"},"content":{"rendered":"<p><span class=\"sp-nh-title\">Une secousse tellurique de magnitude 3.6 enregistr\u00e9 \u00e0 Jijel<\/span> &#8211; <span class=\"sp-nh-date\">vendredi 24 janvier 2020 21:01<\/span><\/p>\n<p><span class=\"sp-nh-title\">S\u00e9isme \u00e0 Jijel: les ministres de l\u2019Int\u00e9rieur et de la Solidarit\u00e9 nationale s\u2019enqui\u00e8rent de la situation<\/span> &#8211; <span class=\"sp-nh-date\">vendredi 24 janvier 2020 19:22<\/span><\/p>\n<p><span class=\"sp-nh-title\">Coronavirus: des instructions au corps m\u00e9dical pour faire face \u00e0 tout impr\u00e9vu<\/span> &#8211; <span class=\"sp-nh-date\">vendredi 24 janvier 2020 19:15<\/span><\/p>\n<p><span class=\"sp-nh-title\">Judo\/Championnat d&rsquo;Alg\u00e9rie individuel: Amina Belkadi confirme sa supr\u00e9matie<\/span> &#8211; <span class=\"sp-nh-date\">vendredi 24 janvier 2020 19:03<\/span><\/p>\n<p><span class=\"sp-nh-title\">Le MSP participera au processus de r\u00e9formes nationales<\/span> &#8211; <span class=\"sp-nh-date\">vendredi 24 janvier 2020 18:54<\/span><\/p>\n<p><span class=\"sp-nh-title\">R\u00e9vision de la Constitution: pour la consolidation et l&rsquo;ind\u00e9pendance de la justice<\/span> &#8211; <span class=\"sp-nh-date\">vendredi 24 janvier 2020 17:39<\/span><\/p>\n<p><span class=\"sp-nh-title\">Hand\/CAN-2020 (demi-finale): l&rsquo;Alg\u00e9rie battue par l&rsquo;Egypte (27-30)<\/span> &#8211; <span class=\"sp-nh-date\">vendredi 24 janvier 2020 17:32<\/span><\/p>\n<p><span class=\"sp-nh-title\">Futsal\/CAN \u00e0 La\u00e2youne occup\u00e9e: une violation flagrante du droit international<\/span> &#8211; <span class=\"sp-nh-date\">vendredi 24 janvier 2020 17:23<\/span><\/p>\n<p><span class=\"sp-nh-title\">Tizi-Ouzou: hommage et recueillement \u00e0 la m\u00e9moire de Matoub Lounes<\/span> &#8211; <span class=\"sp-nh-date\">vendredi 24 janvier 2020 17:03<\/span><\/p>\n<p><span class=\"sp-nh-title\">Des mesures pour la r\u00e9alisation du plus grand nombre de silos de c\u00e9r\u00e9ales<\/span> &#8211; <span class=\"sp-nh-date\">vendredi 24 janvier 2020 16:45<\/span><\/p>\n<p><span class=\"sp-nh-title\">S\u00e9isme \u00e0 Jijel: immeubles fissur\u00e9s et routes affaiss\u00e9es \u00e0 El Aouana<\/span> &#8211; <span class=\"sp-nh-date\">vendredi 24 janvier 2020 16:35<\/span><\/p>\n<p><span class=\"sp-nh-title\">Foire du miel et des produits de la ruche \u00e0 Chlef: des prix en hausse, causes et mesures<\/span> &#8211; <span class=\"sp-nh-date\">vendredi 24 janvier 2020 16:12<\/span><\/p>\n<p><span class=\"sp-nh-title\">Une commission d\u2019enqu\u00eate minist\u00e9rielle s\u2019enquiert de la situation \u00e0 l\u2019h\u00f4pital d\u2019El-Meghaier<\/span> &#8211; <span class=\"sp-nh-date\">vendredi 24 janvier 2020 15:50<\/span><\/p>\n<p><span class=\"sp-nh-title\">Une r\u00e9plique d&rsquo;une magnitude de 3,6 enregistr\u00e9e \u00e0 Jijel<\/span> &#8211; <span class=\"sp-nh-date\">vendredi 24 janvier 2020 15:40<\/span><\/p>\n<p><span class=\"sp-nh-title\">Salon de l\u2019agriculture d\u2019Oran: des d\u00e9marches pour donner une impulsion \u00e0 la cuniculture<\/span> &#8211; <span class=\"sp-nh-date\">vendredi 24 janvier 2020 15:20<\/span><\/p>\n<p><span class=\"sp-nh-title\">Equateur: plusieurs organisations r\u00e9it\u00e8rent le soutien au droit du peuple sahraoui \u00e0 l&rsquo;autod\u00e9termination<\/span> &#8211; <span class=\"sp-nh-date\">vendredi 24 janvier 2020 14:57<\/span><\/p>\n<p><span class=\"sp-nh-title\">Cyclisme\/Tropicale Amissa Bongo (5e \u00e9tape) : victoire de l&rsquo;Alg\u00e9rien Reguigui<\/span> &#8211; <span class=\"sp-nh-date\">vendredi 24 janvier 2020 12:55<\/span><\/p>\n<p><span class=\"sp-nh-title\">Sahara occidental: Podemos d\u00e9nonce les man\u0153uvres expansionnistes du Maroc<\/span> &#8211; <span class=\"sp-nh-date\">vendredi 24 janvier 2020 12:05<\/span><\/p>\n<p><span class=\"sp-nh-title\">Football\/ r\u00e9vision des statuts : installation d&rsquo;une commission ad hoc\u00a0<\/span> &#8211; <span class=\"sp-nh-date\">vendredi 24 janvier 2020 11:47<\/span><\/p>\n<p><span class=\"sp-nh-title\">Un vaccin contre le nouveau coronavirus pourrait \u00eatre pr\u00eat dans trois mois<\/span> &#8211; <span class=\"sp-nh-date\">vendredi 24 janvier 2020 11:09<\/span><\/p>\n<p>Auteur:<br \/>\n<a href=\"http:\/\/www.aps.dz\/sport\/100571-football-revision-des-statuts-installation-d-une-commission-ad-hoc?utm_source=feedburner&#038;utm_medium=feed&#038;utm_campaign=Feed%3A+aps-sport+%28APS+-+SPORT%29\">Cliquez ici pour lire l&rsquo;article depuis sa source.<\/a><\/p>\n","protected":false},"excerpt":{"rendered":"<p>Une secousse tellurique de magnitude 3.6 enregistr\u00e9 \u00e0 Jijel &#8211; vendredi 24 janvier 2020 21:01 S\u00e9isme \u00e0 Jijel: les ministres de l\u2019Int\u00e9rieur et de la Solidarit\u00e9 nationale s\u2019enqui\u00e8rent de la situation &#8211; vendredi 24 janvier 2020 19:22 Coronavirus: des instructions au corps m\u00e9dical pour faire face \u00e0 tout impr\u00e9vu &#8211; vendredi 24 janvier 2020 19:15 [&hellip;]<\/p>\n","protected":false},"author":1790,"featured_media":0,"comment_status":"closed","ping_status":"closed","sticky":false,"template":"","format":"standard","meta":{"fifu_image_url":"","fifu_image_alt":"","footnotes":""},"categories":[53,75],"tags":[],"class_list":["post-74038","post","type-post","status-publish","format-standard","hentry","category-algerie","category-sport"],"_links":{"self":[{"href":"https:\/\/linitiative.ca\/International\/wp-json\/wp\/v2\/posts\/74038","targetHints":{"allow":["GET"]}}],"collection":[{"href":"https:\/\/linitiative.ca\/International\/wp-json\/wp\/v2\/posts"}],"about":[{"href":"https:\/\/linitiative.ca\/International\/wp-json\/wp\/v2\/types\/post"}],"author":[{"embeddable":true,"href":"https:\/\/linitiative.ca\/International\/wp-json\/wp\/v2\/users\/1790"}],"replies":[{"embeddable":true,"href":"https:\/\/linitiative.ca\/International\/wp-json\/wp\/v2\/comments?post=74038"}],"version-history":[{"count":0,"href":"https:\/\/linitiative.ca\/International\/wp-json\/wp\/v2\/posts\/74038\/revisions"}],"wp:attachment":[{"href":"https:\/\/linitiative.ca\/International\/wp-json\/wp\/v2\/media?parent=74038"}],"wp:term":[{"taxonomy":"category","embeddable":true,"href":"https:\/\/linitiative.ca\/International\/wp-json\/wp\/v2\/categories?post=74038"},{"taxonomy":"post_tag","embeddable":true,"href":"https:\/\/linitiative.ca\/International\/wp-json\/wp\/v2\/tags?post=74038"}],"curies":[{"name":"wp","href":"https:\/\/api.w.org\/{rel}","templated":true}]}}