{"id":74042,"date":"2020-01-24T13:03:40","date_gmt":"2020-01-24T18:03:40","guid":{"rendered":"https:\/\/linitiative.ca\/International\/100586-judo-championnat-d-algerie-individuel-amina-belkadi-confirme-sa-suprematie\/"},"modified":"2020-01-24T13:03:40","modified_gmt":"2020-01-24T18:03:40","slug":"100586-judo-championnat-d-algerie-individuel-amina-belkadi-confirme-sa-suprematie","status":"publish","type":"post","link":"https:\/\/linitiative.ca\/International\/100586-judo-championnat-d-algerie-individuel-amina-belkadi-confirme-sa-suprematie\/","title":{"rendered":"Judo\/Championnat d&rsquo;Alg\u00e9rie individuel: Amina Belkadi confirme sa supr\u00e9matie"},"content":{"rendered":"<div readability=\"37\">\n<p><strong>ALGER &#8211; La championne d&rsquo;Afrique de judo Amina Belkadi (DS Baba Hassen) a confirm\u00e9 sa supr\u00e9matie sur la cat\u00e9gorie des (-63 kg), en d\u00e9crochant un 5 titre de championne d&rsquo;Alg\u00e9rie, \u00e0 l&rsquo;issue de la finale disput\u00e9e vendredi \u00e0 la salle Harcha-Hac\u00e8ne (Alger) pour le compte de la 2e journ\u00e9e Championnat national individuel seniors.<\/strong><\/p>\n<\/div>\n<div readability=\"79.5237130118\">\n<p>La meilleure athl\u00e8te f\u00e9minine de l&rsquo;ann\u00e9e 2019 selon le sondage de l&rsquo;APS, vainqueur par ippon en finale devant Yasmine Djellab (USM Alger), s&rsquo;est dite \u00ab\u00a0satisfaite\u00a0\u00bb de son parcours lors de cette comp\u00e9tition qui a regroup\u00e9 les meilleures judokates de sa cat\u00e9gorie.<\/p>\n<p>\u00ab\u00a0Cette ann\u00e9e je trouve que la niveau a \u00e9t\u00e9 moyen dans ma cat\u00e9gorie (-63 kg). J&rsquo;ai r\u00e9ussi \u00e0 me hisser en finale sans trop de difficult\u00e9s. En finale face Djellab, une adversaire que je connais bien, mon exp\u00e9rience a\u00a0 jou\u00e9 un r\u00f4le important dans la gestion du combat, qui s&rsquo;est concr\u00e9tis\u00e9 par un 5 titre de championne d&rsquo;Alg\u00e9rie\u00a0\u00bb, a d\u00e9clar\u00e9 \u00e0 l&rsquo;APS la judokate du DS Baba Hassen.<\/p>\n<blockquote readability=\"7\">\n<p><em><strong>\u00ab\u00a0Cette victoire me motive davantage pour redoubler d&rsquo;effort en vue d&rsquo;une qualification aux Jeux olympiques 2020. Un objectif que j&rsquo;esp\u00e8re r\u00e9aliser\u00a0\u00bb, a-t-elle ajout\u00e9.<\/strong><\/em><\/p>\n<\/blockquote>\n<p>La deuxi\u00e8me finale du tableau f\u00e9minin consacr\u00e9e \u00e0 la cat\u00e9gorie (-70 kg), a \u00e9t\u00e9 remport\u00e9e \u00e0 la surprise g\u00e9n\u00e9rale par Sarah Kerdjaj (OS Isser, Boumerd\u00e8s) devant la multiple championne d&rsquo;Alg\u00e9rie, Souad Bellakehal (GS P\u00e9troliers).<\/p>\n<hr\/>\n<h3>Lire aussi:\u00a0<a href=\"http:\/\/www.aps.dz\/sport\/100556-judo-championnat-d-algerie-individuel-les-clubs-d-alger-dominent-la-premiere-journee\" target=\"_blank\" rel=\"noopener noreferrer\">Judo\/Championnat d&rsquo;Alg\u00e9rie individuel : les clubs d&rsquo;Alger dominent la premi\u00e8re journ\u00e9e<\/a><\/h3>\n<hr\/>\n<p>\u00ab\u00a0C&rsquo;\u00e9tait ma quatri\u00e8me finale face \u00e0 Bellakehal et dieu merci j&rsquo;ai r\u00e9ussi \u00e0 d\u00e9crocher la m\u00e9daille d&rsquo;or qui m&rsquo;\u00e9chappe depuis des ann\u00e9es. C&rsquo;\u00e9tait un combat tr\u00e8s intensif, mais j&rsquo;ai tout donn\u00e9 sur le tatami pour d\u00e9crocher ce titre\u00a0\u00bb, a d\u00e9clar\u00e9 Kerdjaj \u00e0 l&rsquo;APS.<\/p>\n<p>Dans le tableau masculin deux finales se sont \u00e9galement disput\u00e9es \u00e0 l&rsquo;occasion de cette 2e journ\u00e9e de comp\u00e9tition. Dans la cat\u00e9gorie des (-81 kg), la m\u00e9daille d&rsquo;or est revenue \u00e0 Abderahmane Laouar (GS P\u00e9troliers) devant son co\u00e9quipier Mustapha Djaziri.<\/p>\n<blockquote readability=\"8\">\n<p><em><strong>La deuxi\u00e8me finale masculine de la cat\u00e9gorie (-73 kg), a \u00e9t\u00e9 remport\u00e9e par Houd Zordani (COSB Oran) qui a battu Salah Hadjoudj (GS P\u00e9troliers). Dans une finale tr\u00e8s disput\u00e9e Zordani a r\u00e9ussi un Ippon spectaculaire qui a exalt\u00e9 le public venu nombreux \u00e0 la salle Harcha.<\/strong><\/em><\/p>\n<\/blockquote>\n<p>\u00ab\u00a0Je suis tr\u00e8s content de mon parcours dans cette comp\u00e9tition, d&rsquo;autant plus que je reviens d&rsquo;une blessure aux c\u00f4tes et que je suis mont\u00e9 dans la cat\u00e9gorie de poids. Je vais continuer \u00e0 travailler tr\u00e8s dur pour reconqu\u00e9rir le titre africain\u00a0\u00bb, a assur\u00e9 Zordani.<\/p>\n<p>La 3e et derni\u00e8re journ\u00e9e de comp\u00e9tition, pr\u00e9vue samedi, sera consacr\u00e9e aux poids lourds avec cinq finales au programme : (-78 kg, +78 kg) chez les dames et (-90 kg, -100 kg, +100 kg) chez les messieurs.<\/p>\n<\/div>\n<p>Auteur:<br \/>\n<a href=\"http:\/\/www.aps.dz\/sport\/100586-judo-championnat-d-algerie-individuel-amina-belkadi-confirme-sa-suprematie?utm_source=feedburner&#038;utm_medium=feed&#038;utm_campaign=Feed%3A+aps-sport+%28APS+-+SPORT%29\">Cliquez ici pour lire l&rsquo;article depuis sa source.<\/a><\/p>\n","protected":false},"excerpt":{"rendered":"<p>ALGER &#8211; La championne d&rsquo;Afrique de judo Amina Belkadi (DS Baba Hassen) a confirm\u00e9 sa supr\u00e9matie sur la cat\u00e9gorie des (-63 kg), en d\u00e9crochant un 5 titre de championne d&rsquo;Alg\u00e9rie, \u00e0 l&rsquo;issue de la finale disput\u00e9e vendredi \u00e0 la salle Harcha-Hac\u00e8ne (Alger) pour le compte de la 2e journ\u00e9e Championnat national individuel seniors. La meilleure [&hellip;]<\/p>\n","protected":false},"author":1790,"featured_media":0,"comment_status":"closed","ping_status":"closed","sticky":false,"template":"","format":"standard","meta":{"fifu_image_url":"","fifu_image_alt":"","footnotes":""},"categories":[53,75],"tags":[],"class_list":["post-74042","post","type-post","status-publish","format-standard","hentry","category-algerie","category-sport"],"_links":{"self":[{"href":"https:\/\/linitiative.ca\/International\/wp-json\/wp\/v2\/posts\/74042","targetHints":{"allow":["GET"]}}],"collection":[{"href":"https:\/\/linitiative.ca\/International\/wp-json\/wp\/v2\/posts"}],"about":[{"href":"https:\/\/linitiative.ca\/International\/wp-json\/wp\/v2\/types\/post"}],"author":[{"embeddable":true,"href":"https:\/\/linitiative.ca\/International\/wp-json\/wp\/v2\/users\/1790"}],"replies":[{"embeddable":true,"href":"https:\/\/linitiative.ca\/International\/wp-json\/wp\/v2\/comments?post=74042"}],"version-history":[{"count":0,"href":"https:\/\/linitiative.ca\/International\/wp-json\/wp\/v2\/posts\/74042\/revisions"}],"wp:attachment":[{"href":"https:\/\/linitiative.ca\/International\/wp-json\/wp\/v2\/media?parent=74042"}],"wp:term":[{"taxonomy":"category","embeddable":true,"href":"https:\/\/linitiative.ca\/International\/wp-json\/wp\/v2\/categories?post=74042"},{"taxonomy":"post_tag","embeddable":true,"href":"https:\/\/linitiative.ca\/International\/wp-json\/wp\/v2\/tags?post=74042"}],"curies":[{"name":"wp","href":"https:\/\/api.w.org\/{rel}","templated":true}]}}