{"id":74043,"date":"2020-01-24T10:22:00","date_gmt":"2020-01-24T15:22:00","guid":{"rendered":"https:\/\/linitiative.ca\/International\/elections-locales-avant-la-fin-de-lannee\/"},"modified":"2020-01-24T10:22:00","modified_gmt":"2020-01-24T15:22:00","slug":"elections-locales-avant-la-fin-de-lannee","status":"publish","type":"post","link":"https:\/\/linitiative.ca\/International\/elections-locales-avant-la-fin-de-lannee\/","title":{"rendered":"\u00c9lections locales avant la fin de l\u2019ann\u00e9e"},"content":{"rendered":"<p><br id=\"sep_para_1\" class=\"sep_para access\"\/><\/p>\n<div id=\"para_1\" class=\"para_35210631 resize\">\n<div class=\"photo shadow left\"><a href=\"javascript:void(0)\" rel=\"https:\/\/www.reflexiondz.net\/photo\/art\/grande\/42113901-35210631.jpg?v=1579886113&#038;ibox\" title=\"\u00c9lections locales avant la fin de l\u2019ann\u00e9e\"><img decoding=\"async\" class=\"responsive c9\" src=\"https:\/\/www.reflexiondz.net\/photo\/art\/grande\/42113901-35210631.jpg?v=1579886113\" alt=\"\u00c9lections locales avant la fin de l\u2019ann\u00e9e\" title=\"\u00c9lections locales avant la fin de l\u2019ann\u00e9e\"\/><img decoding=\"async\" class=\"not-responsive\" src=\"https:\/\/www.reflexiondz.net\/photo\/art\/default\/42113901-35210631.jpg?v=1579886114\" alt=\"\u00c9lections locales avant la fin de l\u2019ann\u00e9e\" title=\"\u00c9lections locales avant la fin de l\u2019ann\u00e9e\"\/><\/a><\/div>\n<div class=\"texte access firstletter\">Le pr\u00e9sident de la R\u00e9publique, Abdelmadjid Tebboune, ne compte pas perdre de temps et annonce son intention d\u2019organiser des \u00e9lections l\u00e9gislatives, puis communales et de wilaya avant l\u2019ann\u00e9e 2020 en cours. C\u2019est le pr\u00e9sident Tebboune qui l\u2019annon\u00e7ait, mercredi. Une ann\u00e9e 2020 donc qui sera celle des \u00e9lections \u00e0 tous les niveaux, \u00e0 commencer par un r\u00e9f\u00e9rendum sur la constitution, suivi d\u2019une \u00e9lection l\u00e9gislative puis celles locales jumel\u00e9es (communale et de wilaya). Une mani\u00e8re de d\u00e9l\u00e9gitimer l\u2019ensemble des institutions, du sommet \u00e0 la base. De sorte, d\u2019abord, \u00e0 les r\u00e9adapter \u00e0 la nouvelle carte politique nationale, compl\u00e8tement boulevers\u00e9e par l\u2019in\u00e9dit et exceptionnellement puissant mouvement populaire du 22 f\u00e9vrier 2019 qui a balay\u00e9 le r\u00e9gime Bouteflika et r\u00e9duit \u00e0 n\u00e9ant ce qui tenait lieu de syst\u00e8me politique dans son ensemble, sur lequel s\u2019adossait ce m\u00eame r\u00e9gime.<br \/>D\u2019abord une alliance pr\u00e9sidentielle jadis r\u00e9gnant en ma\u00eetre absolu sur tout ce qui faisait office d\u2019assembl\u00e9e \u00e9lue. Le mouvement populaire s\u2019en prendra d\u2019ailleurs avec autant de f\u00e9rocit\u00e9 aux partis de la coalition qu\u2019\u00e0 leurs prolongements au sein de ses assembl\u00e9es. C\u2019est dire que le pays ne pouvait encore continuer \u00e0 se permettre cet\u00a0 anachronisme consistant \u00e0 plaider pour un nouveau syst\u00e8me de gouvernance et une nouvelle R\u00e9publique tout en maintenant la composante politique et humaine de l\u2019actuelle majorit\u00e9 au parlement et au niveau local, telle qu\u2019h\u00e9rit\u00e9e du r\u00e9gime si d\u00e9cri\u00e9. C\u2019est d\u2019autant plus indispensable que le mandat de l\u2019actuelle assembl\u00e9e populaire nationale et celui des assembl\u00e9es locales courent jusqu\u2019\u00e0 respectivement la mi\u00a0 et la fin de l\u2019ann\u00e9e 2022. Toute proportion gard\u00e9e, et sur cette question pr\u00e9cis\u00e9ment, l\u2019Alg\u00e9rie se retrouve dans une situation analogue \u00e0 celle qu\u2019elle confrontait au lendemain des pr\u00e9sidentielles de novembre 1995. Apr\u00e8s l\u2019\u00e9lection de Liamine Zeroual, l\u2019Alg\u00e9rie se devait de se pencher, en effet, et sans trop tarder aussi, sur l\u2019urgence de doter le pays d\u2019une nouvelle constitution puis, imm\u00e9diatement apr\u00e8s, se doter d\u2019institutions et rem\u00e9dier \u00e0 la situation de vide institutionnel pr\u00e9valant \u00e0 l\u2019\u00e9poque. C\u2019est le d\u00e9fi d\u2019aujourd\u2019hui \u00e9galement avec cette n\u00e9cessit\u00e9 vitale de doter le pays d\u2019un dispositif institutionnel qui refl\u00e8te r\u00e9ellement la nouvelle carte politique et sociologique qui est devenue la sienne apr\u00e8s le soul\u00e8vement populaire du 22 f\u00e9vrier.<\/div>\n<\/div>\n<p>Auteur: R\u00e9flexion<br \/>\n<a href=\"https:\/\/www.reflexiondz.net\/Elections-locales-avant-la-fin-de-l-annee_a60195.html\">Cliquez ici pour lire l&rsquo;article depuis sa source.<\/a><\/p>\n","protected":false},"excerpt":{"rendered":"<p>Le pr\u00e9sident de la R\u00e9publique, Abdelmadjid Tebboune, ne compte pas perdre de temps et annonce son intention d\u2019organiser des \u00e9lections l\u00e9gislatives, puis communales et de wilaya avant l\u2019ann\u00e9e 2020 en cours. C\u2019est le pr\u00e9sident Tebboune qui l\u2019annon\u00e7ait, mercredi. Une ann\u00e9e 2020 donc qui sera celle des \u00e9lections \u00e0 tous les niveaux, \u00e0 commencer par un [&hellip;]<\/p>\n","protected":false},"author":1740,"featured_media":0,"comment_status":"closed","ping_status":"closed","sticky":false,"template":"","format":"standard","meta":{"fifu_image_url":"","fifu_image_alt":"","footnotes":""},"categories":[53,76],"tags":[],"class_list":["post-74043","post","type-post","status-publish","format-standard","hentry","category-algerie","category-regions"],"_links":{"self":[{"href":"https:\/\/linitiative.ca\/International\/wp-json\/wp\/v2\/posts\/74043","targetHints":{"allow":["GET"]}}],"collection":[{"href":"https:\/\/linitiative.ca\/International\/wp-json\/wp\/v2\/posts"}],"about":[{"href":"https:\/\/linitiative.ca\/International\/wp-json\/wp\/v2\/types\/post"}],"author":[{"embeddable":true,"href":"https:\/\/linitiative.ca\/International\/wp-json\/wp\/v2\/users\/1740"}],"replies":[{"embeddable":true,"href":"https:\/\/linitiative.ca\/International\/wp-json\/wp\/v2\/comments?post=74043"}],"version-history":[{"count":0,"href":"https:\/\/linitiative.ca\/International\/wp-json\/wp\/v2\/posts\/74043\/revisions"}],"wp:attachment":[{"href":"https:\/\/linitiative.ca\/International\/wp-json\/wp\/v2\/media?parent=74043"}],"wp:term":[{"taxonomy":"category","embeddable":true,"href":"https:\/\/linitiative.ca\/International\/wp-json\/wp\/v2\/categories?post=74043"},{"taxonomy":"post_tag","embeddable":true,"href":"https:\/\/linitiative.ca\/International\/wp-json\/wp\/v2\/tags?post=74043"}],"curies":[{"name":"wp","href":"https:\/\/api.w.org\/{rel}","templated":true}]}}