{"id":74044,"date":"2020-01-24T10:22:00","date_gmt":"2020-01-24T15:22:00","guid":{"rendered":"https:\/\/linitiative.ca\/International\/un-elu-demissionne-apres-limage-choquante-dun-ecolier\/"},"modified":"2020-01-24T10:22:00","modified_gmt":"2020-01-24T15:22:00","slug":"un-elu-demissionne-apres-limage-choquante-dun-ecolier","status":"publish","type":"post","link":"https:\/\/linitiative.ca\/International\/un-elu-demissionne-apres-limage-choquante-dun-ecolier\/","title":{"rendered":"Un \u00e9lu d\u00e9missionne  apr\u00e8s l\u2019image choquante  d\u2019un \u00e9colier"},"content":{"rendered":"<p><br id=\"sep_para_1\" class=\"sep_para access\"\/><\/p>\n<div id=\"para_1\" class=\"para_35210639 resize\">\n<div class=\"texte access firstletter\">L\u2019image choquante d\u2019un \u00e9colier contraint de faire des kilom\u00e8tres \u00e0 pieds sur un chemin plein de boue pour arriver \u00e0 l\u2019\u00e9cole, a \u00e9t\u00e9 largement partag\u00e9e sur les r\u00e9seaux sociaux. Abderahamane Debladji, membre d\u2019une assembl\u00e9e populaire de wilaya de Relizane, a d\u00e9missionn\u00e9 de son poste apr\u00e8s la diffusion de la photo de Nadir par les internautes, rapporte Ennahar Online. Il avait pr\u00e9sent\u00e9 sa d\u00e9mission au pr\u00e9sident de l\u2019Assembl\u00e9e populaire de la wilaya(APW), indique cette source. Nadir est contraint, chaque jour, de faire un parcours p\u00e9nible ( 3 kilom\u00e8tres) et surtout dangereux parfois sem\u00e9 d\u2019emb\u00fbches, sous le froid et la pluie et ce, dans des conditions d\u00e9plorables dans un quartier d\u2019Ouled Yahia Belkheir dans la commune de Dar Ben Abdellah \u2026no\u00a0 comment.<\/div>\n<\/div>\n<p>Auteur: R\u00e9flexion<br \/>\n<a href=\"https:\/\/www.reflexiondz.net\/Un-elu-demissionne-apres-l-image-choquante-d-un-ecolier_a60197.html\">Cliquez ici pour lire l&rsquo;article depuis sa source.<\/a><\/p>\n","protected":false},"excerpt":{"rendered":"<p>L\u2019image choquante d\u2019un \u00e9colier contraint de faire des kilom\u00e8tres \u00e0 pieds sur un chemin plein de boue pour arriver \u00e0 l\u2019\u00e9cole, a \u00e9t\u00e9 largement partag\u00e9e sur les r\u00e9seaux sociaux. Abderahamane Debladji, membre d\u2019une assembl\u00e9e populaire de wilaya de Relizane, a d\u00e9missionn\u00e9 de son poste apr\u00e8s la diffusion de la photo de Nadir par les internautes, [&hellip;]<\/p>\n","protected":false},"author":1740,"featured_media":0,"comment_status":"closed","ping_status":"closed","sticky":false,"template":"","format":"standard","meta":{"fifu_image_url":"","fifu_image_alt":"","footnotes":""},"categories":[53,76],"tags":[],"class_list":["post-74044","post","type-post","status-publish","format-standard","hentry","category-algerie","category-regions"],"_links":{"self":[{"href":"https:\/\/linitiative.ca\/International\/wp-json\/wp\/v2\/posts\/74044","targetHints":{"allow":["GET"]}}],"collection":[{"href":"https:\/\/linitiative.ca\/International\/wp-json\/wp\/v2\/posts"}],"about":[{"href":"https:\/\/linitiative.ca\/International\/wp-json\/wp\/v2\/types\/post"}],"author":[{"embeddable":true,"href":"https:\/\/linitiative.ca\/International\/wp-json\/wp\/v2\/users\/1740"}],"replies":[{"embeddable":true,"href":"https:\/\/linitiative.ca\/International\/wp-json\/wp\/v2\/comments?post=74044"}],"version-history":[{"count":0,"href":"https:\/\/linitiative.ca\/International\/wp-json\/wp\/v2\/posts\/74044\/revisions"}],"wp:attachment":[{"href":"https:\/\/linitiative.ca\/International\/wp-json\/wp\/v2\/media?parent=74044"}],"wp:term":[{"taxonomy":"category","embeddable":true,"href":"https:\/\/linitiative.ca\/International\/wp-json\/wp\/v2\/categories?post=74044"},{"taxonomy":"post_tag","embeddable":true,"href":"https:\/\/linitiative.ca\/International\/wp-json\/wp\/v2\/tags?post=74044"}],"curies":[{"name":"wp","href":"https:\/\/api.w.org\/{rel}","templated":true}]}}