{"id":74045,"date":"2020-01-24T10:22:00","date_gmt":"2020-01-24T15:22:00","guid":{"rendered":"https:\/\/linitiative.ca\/International\/bouhired-decoree-par-le-president-tunisien\/"},"modified":"2020-01-24T10:22:00","modified_gmt":"2020-01-24T15:22:00","slug":"bouhired-decoree-par-le-president-tunisien","status":"publish","type":"post","link":"https:\/\/linitiative.ca\/International\/bouhired-decoree-par-le-president-tunisien\/","title":{"rendered":"Bouhired d\u00e9cor\u00e9e par le pr\u00e9sident tunisien"},"content":{"rendered":"<p><br id=\"sep_para_1\" class=\"sep_para access\"\/><\/p>\n<div id=\"para_1\" class=\"para_35210640 resize\">\n<div class=\"texte access firstletter\">Le pr\u00e9sident tunisien Kais Saied a rendu hommage mercredi soir au palais de Carthage \u00e0 la moudjahida Djamila Bouhired, l\u2019une des figures embl\u00e9matiques de la r\u00e9volution alg\u00e9rienne, et l\u2019a d\u00e9cor\u00e9e \u201cdes insignes de grand officier de l\u2019ordre de la R\u00e9publique tunisienne\u201d. En effet,\u00a0 Djamila Bouhired a \u00e9t\u00e9 re\u00e7ue par le pr\u00e9sident tunisien au palais de Carthage \u00e0 Tunis. Il l\u2019a d\u00e9cor\u00e9e \u201cdes insignes de grand officier de l\u2019ordre de la R\u00e9publique tunisienne\u201d.\u201dIl s\u2019agit d\u2019un signe de reconnaissance de sa place et de ses longues luttes pour la lib\u00e9ration de l\u2019Alg\u00e9rie du colonialisme fran\u00e7ais et pour sa lutte continue pour la d\u00e9fense des libert\u00e9s\u201d, selon l\u2019agence de presse tunisienne TAP. Djamila Bouhired avait pris part lundi, avec un important groupe de juristes, politiciens, syndicalistes et artistes, \u00e0 l\u2019ouverture de la premi\u00e8re \u00e9dition de la semaine des films de r\u00e9sistance et de lib\u00e9ration, qui se poursuivra en Tunisie jusqu\u2019au 26 janvier, une manifestation organis\u00e9e par la Cin\u00e9math\u00e8que tunisienne en partenariat avec l\u2019Association libanaise des Arts \u201cRissalat\u201d.<\/div>\n<\/div>\n<p>Auteur: R\u00e9flexion<br \/>\n<a href=\"https:\/\/www.reflexiondz.net\/Bouhired-decoree-par-le-president-tunisien_a60198.html\">Cliquez ici pour lire l&rsquo;article depuis sa source.<\/a><\/p>\n","protected":false},"excerpt":{"rendered":"<p>Le pr\u00e9sident tunisien Kais Saied a rendu hommage mercredi soir au palais de Carthage \u00e0 la moudjahida Djamila Bouhired, l\u2019une des figures embl\u00e9matiques de la r\u00e9volution alg\u00e9rienne, et l\u2019a d\u00e9cor\u00e9e \u201cdes insignes de grand officier de l\u2019ordre de la R\u00e9publique tunisienne\u201d. En effet,\u00a0 Djamila Bouhired a \u00e9t\u00e9 re\u00e7ue par le pr\u00e9sident tunisien au palais de [&hellip;]<\/p>\n","protected":false},"author":1740,"featured_media":0,"comment_status":"closed","ping_status":"closed","sticky":false,"template":"","format":"standard","meta":{"fifu_image_url":"","fifu_image_alt":"","footnotes":""},"categories":[53,76],"tags":[],"class_list":["post-74045","post","type-post","status-publish","format-standard","hentry","category-algerie","category-regions"],"_links":{"self":[{"href":"https:\/\/linitiative.ca\/International\/wp-json\/wp\/v2\/posts\/74045","targetHints":{"allow":["GET"]}}],"collection":[{"href":"https:\/\/linitiative.ca\/International\/wp-json\/wp\/v2\/posts"}],"about":[{"href":"https:\/\/linitiative.ca\/International\/wp-json\/wp\/v2\/types\/post"}],"author":[{"embeddable":true,"href":"https:\/\/linitiative.ca\/International\/wp-json\/wp\/v2\/users\/1740"}],"replies":[{"embeddable":true,"href":"https:\/\/linitiative.ca\/International\/wp-json\/wp\/v2\/comments?post=74045"}],"version-history":[{"count":0,"href":"https:\/\/linitiative.ca\/International\/wp-json\/wp\/v2\/posts\/74045\/revisions"}],"wp:attachment":[{"href":"https:\/\/linitiative.ca\/International\/wp-json\/wp\/v2\/media?parent=74045"}],"wp:term":[{"taxonomy":"category","embeddable":true,"href":"https:\/\/linitiative.ca\/International\/wp-json\/wp\/v2\/categories?post=74045"},{"taxonomy":"post_tag","embeddable":true,"href":"https:\/\/linitiative.ca\/International\/wp-json\/wp\/v2\/tags?post=74045"}],"curies":[{"name":"wp","href":"https:\/\/api.w.org\/{rel}","templated":true}]}}