{"id":74047,"date":"2020-01-24T10:22:00","date_gmt":"2020-01-24T15:22:00","guid":{"rendered":"https:\/\/linitiative.ca\/International\/greve-des-enseignants-du-primaire-lassociation-nationale-des-parents-deleves-reagit\/"},"modified":"2020-01-24T10:22:00","modified_gmt":"2020-01-24T15:22:00","slug":"greve-des-enseignants-du-primaire-lassociation-nationale-des-parents-deleves-reagit","status":"publish","type":"post","link":"https:\/\/linitiative.ca\/International\/greve-des-enseignants-du-primaire-lassociation-nationale-des-parents-deleves-reagit\/","title":{"rendered":"GREVE DES ENSEIGNANTS DU PRIMAIRE : L\u2019Association nationale des parents d\u2019\u00e9l\u00e8ves r\u00e9agit"},"content":{"rendered":"<p><br id=\"sep_para_1\" class=\"sep_para access\"\/><\/p>\n<div id=\"para_1\" class=\"para_35210623 resize\">\n<div class=\"texte access firstletter\">L\u2019Association nationale des parents d\u2019\u00e9l\u00e8ves d\u00e9cide enfin d\u2019agir en tant que\u00a0 \u00bb m\u00e9diateurs \u00bb\u00a0 entre les enseignants gr\u00e9vistes et le ministre de l\u2019Education nationale, indique une source s\u00fbre. Khaled Ahmed, pr\u00e9sident de l\u2019association nationale des parents d\u2019\u00e9l\u00e8ves veut recourir \u00e0 la m\u00e9diation pour aboutir \u00e0 un compromis entre les deux parties, en attendant des solutions concr\u00e8tes de la part de la tutelle pour mettre fin \u00e0 la crise dans les \u00e9coles primaires. Il devrait transmettre\u00a0 les revendications des gr\u00e9vistes au ministre de l\u2019Education nationale et leur proposer une\u00a0 \u00bb tr\u00eave de six mois \u00bb, indique cette source. Selon lui, la m\u00e9diation reste la seule voie pour les parents d\u2019\u00e9l\u00e8ves, pour ramener le calme dans les \u00e9coles qui ont connu, depuis octobre dernier, plusieurs mouvements de protestation sans r\u00e9sultat. D\u2019autant, que ces mouvements de gr\u00e8ve se poursuivent pendant ce deuxi\u00e8me trimestre qui est tr\u00e8s court.\u00a0\u00a0\u00a0\u00a0\u00a0\u00a0\u00a0\u00a0\u00a0\u00a0\u00a0\u00a0\u00a0\u00a0<\/div>\n<\/div>\n<p>Auteur: Nadine<br \/>\n<a href=\"https:\/\/www.reflexiondz.net\/GREVE-DES-ENSEIGNANTS-DU-PRIMAIRE-L-Association-nationale-des-parents-d-eleves-reagit_a60193.html\">Cliquez ici pour lire l&rsquo;article depuis sa source.<\/a><\/p>\n","protected":false},"excerpt":{"rendered":"<p>L\u2019Association nationale des parents d\u2019\u00e9l\u00e8ves d\u00e9cide enfin d\u2019agir en tant que\u00a0 \u00bb m\u00e9diateurs \u00bb\u00a0 entre les enseignants gr\u00e9vistes et le ministre de l\u2019Education nationale, indique une source s\u00fbre. Khaled Ahmed, pr\u00e9sident de l\u2019association nationale des parents d\u2019\u00e9l\u00e8ves veut recourir \u00e0 la m\u00e9diation pour aboutir \u00e0 un compromis entre les deux parties, en attendant des solutions [&hellip;]<\/p>\n","protected":false},"author":1740,"featured_media":0,"comment_status":"closed","ping_status":"closed","sticky":false,"template":"","format":"standard","meta":{"fifu_image_url":"","fifu_image_alt":"","footnotes":""},"categories":[53,76],"tags":[],"class_list":["post-74047","post","type-post","status-publish","format-standard","hentry","category-algerie","category-regions"],"_links":{"self":[{"href":"https:\/\/linitiative.ca\/International\/wp-json\/wp\/v2\/posts\/74047","targetHints":{"allow":["GET"]}}],"collection":[{"href":"https:\/\/linitiative.ca\/International\/wp-json\/wp\/v2\/posts"}],"about":[{"href":"https:\/\/linitiative.ca\/International\/wp-json\/wp\/v2\/types\/post"}],"author":[{"embeddable":true,"href":"https:\/\/linitiative.ca\/International\/wp-json\/wp\/v2\/users\/1740"}],"replies":[{"embeddable":true,"href":"https:\/\/linitiative.ca\/International\/wp-json\/wp\/v2\/comments?post=74047"}],"version-history":[{"count":0,"href":"https:\/\/linitiative.ca\/International\/wp-json\/wp\/v2\/posts\/74047\/revisions"}],"wp:attachment":[{"href":"https:\/\/linitiative.ca\/International\/wp-json\/wp\/v2\/media?parent=74047"}],"wp:term":[{"taxonomy":"category","embeddable":true,"href":"https:\/\/linitiative.ca\/International\/wp-json\/wp\/v2\/categories?post=74047"},{"taxonomy":"post_tag","embeddable":true,"href":"https:\/\/linitiative.ca\/International\/wp-json\/wp\/v2\/tags?post=74047"}],"curies":[{"name":"wp","href":"https:\/\/api.w.org\/{rel}","templated":true}]}}